{"id":84003,"date":"2025-10-01T01:07:23","date_gmt":"2025-10-01T01:07:23","guid":{"rendered":"https:\/\/ikimisli.tr\/?p=84003"},"modified":"2025-10-01T01:07:23","modified_gmt":"2025-10-01T01:07:23","slug":"erdogan-her-yerde-kostebegi-ariyor","status":"publish","type":"post","link":"https:\/\/ikimisli.tr\/index.php\/2025\/10\/01\/erdogan-her-yerde-kostebegi-ariyor\/","title":{"rendered":"Erdo\u011fan her yerde k\u00f6stebe\u011fi ar\u0131yor"},"content":{"rendered":"<p>Cumhurba\u015fkan\u0131 Recep Tayyip Erdo\u011fan&#8217;\u0131n Beyaz Saray ziyareti \u00f6ncesinde ABD Ba\u015fkan\u0131 Donald Trump&#8217;\u0131n o\u011flu ile \u0130stanbul&#8217;da g\u00f6r\u00fc\u015fmesi ve g\u00f6r\u00fc\u015fmede ABD&#8217;den yap\u0131lacak Boeing al\u0131m\u0131n\u0131n CHP Genel Ba\u015fkan\u0131 \u00d6zg\u00fcr \u00d6zel&#8217;e s\u0131zd\u0131r\u0131lmas\u0131 kamuoyunda b\u00fcy\u00fck bir tesir yaratm\u0131\u015ft\u0131.\u00a0<\/p>\n<p>Devam eden s\u00fcre\u00e7te ABD d\u00f6n\u00fc\u015f\u00fcnce Erdo\u011fan&#8217;\u0131n u\u00e7akta a\u011f\u0131rlad\u0131\u011f\u0131 gazetecilere saatler \u00f6ncesinden sorular\u0131n verildi\u011fini medya ombudsman\u0131 Faruk Bildirici if\u015fa ederken, D\u0131\u015fi\u015fleri Bakan\u0131 Hakan Fidan&#8217;\u0131n ABD&#8217;den beklenen motorlar\u0131n gelmedi\u011fi ve KAAN sava\u015f u\u00e7a\u011f\u0131n\u0131n \u00fcretiminin durdu\u011funa ait a\u00e7\u0131klamalar\u0131 AKP i\u00e7erisindeki &#8216;s\u0131z\u0131nt\u0131&#8217; tart\u0131\u015fmalar\u0131n\u0131 k\u00f6r\u00fckledi.\u00a0<\/p>\n<p><strong>SARAY B\u0130LG\u0130 SIZDIRAN K\u00d6STEBE\u011e\u0130 ARIYOR<\/strong><\/p>\n<p>\u0130ktidar\u0131n en kapal\u0131 bilgilerinin bile hem muhalefete hem de \u00e7e\u015fitli gazetecilere aktar\u0131lmas\u0131 Saray&#8217;da derin bir rahats\u0131zl\u0131\u011fa neden olurken, kelam konusu bilgilerin Saray i\u00e7indeki g\u00fc\u00e7l\u00fc bir kaynaktan d\u0131\u015far\u0131 aktar\u0131ld\u0131\u011f\u0131 \u00f6ne s\u00fcr\u00fclmekte. Be\u015ftepe&#8217;den &#8216;bilgi s\u0131z\u0131nt\u0131s\u0131&#8217; oldu\u011funa y\u00f6nelik tezler siyaset kulislerinde yank\u0131lan\u0131rken, ya\u015fanan geli\u015fmelerin akabinde Saray&#8217;dan bilgi s\u0131zd\u0131ran k\u00f6stebe\u011fin tespit edilmesi i\u00e7in tam te\u015fekk\u00fcll\u00fc bir \u00e7al\u0131\u015fma ba\u015flat\u0131ld\u0131\u011f\u0131 tez ediliyor.<\/p>\n","protected":false},"excerpt":{"rendered":"<p>Erdo\u011fan\u2019\u0131n ABD Ba\u015fkan\u0131 Trump\u2019\u0131n o\u011flu ile g\u00f6r\u00fc\u015fmesi, 300 Boeing al\u0131m\u0131, gazetecilere evvelden verilen sorular ve KAAN sava\u015f u\u00e7a\u011f\u0131 ile ilgili ya\u015fanan geli\u015fmeler AKP iktidar\u0131nda b\u00fcy\u00fck bir &#8216;s\u0131z\u0131nt\u0131 \u00e7atla\u011f\u0131&#8217; tart\u0131\u015fmalar\u0131na neden oldu.  Saray i\u00e7indeki bir kaynaktan<br \/>\nd\u0131\u015far\u0131 aktar\u0131ld\u0131\u011f\u0131 \u00f6ne s\u00fcr\u00fcl\u00fcrken, ya\u015fananlar\u0131n AKP i\u00e7erisindeki kliklerin g\u00fc\u00e7 sava\u015f\u0131ndan kaynakland\u0131\u011f\u0131 belirtiliyor.<\/p>\n","protected":false},"author":1,"featured_media":84004,"comment_status":"open","ping_status":"open","sticky":false,"template":"","format":"standard","meta":{"footnotes":""},"categories":[25],"tags":[644,1005],"class_list":["post-84003","post","type-post","status-publish","format-standard","has-post-thumbnail","hentry","category-gundem","tag-bilgi","tag-saray"],"_links":{"self":[{"href":"https:\/\/ikimisli.tr\/index.php\/wp-json\/wp\/v2\/posts\/84003","targetHints":{"allow":["GET"]}}],"collection":[{"href":"https:\/\/ikimisli.tr\/index.php\/wp-json\/wp\/v2\/posts"}],"about":[{"href":"https:\/\/ikimisli.tr\/index.php\/wp-json\/wp\/v2\/types\/post"}],"author":[{"embeddable":true,"href":"https:\/\/ikimisli.tr\/index.php\/wp-json\/wp\/v2\/users\/1"}],"replies":[{"embeddable":true,"href":"https:\/\/ikimisli.tr\/index.php\/wp-json\/wp\/v2\/comments?post=84003"}],"version-history":[{"count":1,"href":"https:\/\/ikimisli.tr\/index.php\/wp-json\/wp\/v2\/posts\/84003\/revisions"}],"predecessor-version":[{"id":84005,"href":"https:\/\/ikimisli.tr\/index.php\/wp-json\/wp\/v2\/posts\/84003\/revisions\/84005"}],"wp:featuredmedia":[{"embeddable":true,"href":"https:\/\/ikimisli.tr\/index.php\/wp-json\/wp\/v2\/media\/84004"}],"wp:attachment":[{"href":"https:\/\/ikimisli.tr\/index.php\/wp-json\/wp\/v2\/media?parent=84003"}],"wp:term":[{"taxonomy":"category","embeddable":true,"href":"https:\/\/ikimisli.tr\/index.php\/wp-json\/wp\/v2\/categories?post=84003"},{"taxonomy":"post_tag","embeddable":true,"href":"https:\/\/ikimisli.tr\/index.php\/wp-json\/wp\/v2\/tags?post=84003"}],"curies":[{"name":"wp","href":"https:\/\/api.w.org\/{rel}","templated":true}]}}