{"id":84009,"date":"2025-10-01T01:31:23","date_gmt":"2025-10-01T01:31:23","guid":{"rendered":"https:\/\/ikimisli.tr\/?p=84009"},"modified":"2025-10-01T01:31:23","modified_gmt":"2025-10-01T01:31:23","slug":"uc-sehirde-gerici-govde-gosterisi","status":"publish","type":"post","link":"https:\/\/ikimisli.tr\/index.php\/2025\/10\/01\/uc-sehirde-gerici-govde-gosterisi\/","title":{"rendered":"\u00dc\u00e7 \u015fehirde \u2018gerici\u2019 g\u00f6vde g\u00f6sterisi"},"content":{"rendered":"<p>Yarg\u0131tay\u2019ca ter\u00f6r \u00f6rg\u00fct\u00fc say\u0131lan Hizbuttahrir\u2019in Gazze g\u00fcndemiyle kendisini T\u00fcrkiye\u2019de cemaatlerin \u00fcst \u00e7at\u0131s\u0131 haline getirmeyi ve taban olu\u015fturmaya \u00e7al\u0131\u015ft\u0131\u011f\u0131n\u0131 de\u015fifre etmi\u015fti. Hizbuttahrir, bu kapsamda sokak \u00e7al\u0131\u015fmalar\u0131n\u0131 s\u00fcrd\u00fcr\u00fcyor.<\/p>\n<p>\u00d6rg\u00fct; evvelki g\u00fcn \u0130stanbul, Ankara ve \u015eanl\u0131urfa\u2019da \u201c\u0130ktidara ortak \u00e7a\u011fr\u0131\u201d ba\u015fl\u0131\u011f\u0131 alt\u0131nda y\u00fcr\u00fcy\u00fc\u015f ve bas\u0131n a\u00e7\u0131klamalar\u0131 ger\u00e7ekle\u015ftirdi.<\/p>\n<p>Eylemlerde \u015feriat bayraklar\u0131 (tevhid bayra\u011f\u0131) ta\u015f\u0131nd\u0131 ve \u201cTek \u00fcmmet, tek devlet, tek tahlil hilafet\u201d slogan\u0131 at\u0131ld\u0131.<\/p>\n<p>Cumhuriyet&#8217;te yer alan habere nazaran, Yarg\u0131tay\u2019ca ter\u00f6r \u00f6rg\u00fct\u00fc say\u0131lan Hizbuttahrir; Gazze\u2019de ya\u015fanan soyk\u0131r\u0131m g\u00fcndemiyle T\u00fcrkiye\u2019de gerici hareketlerini s\u00fcrd\u00fcr\u00fcyor.<\/p>\n<p>\u00d6rg\u00fct\u00fcn evvelki aylarda ba\u015f\u015fehir Ankara\u2019da I\u015e\u0130D ve el-Kaide temasl\u0131 oldu\u011fu bilinen Halis Bayancuk\u2019un (Ebu Hanzala) k\u00fcmesi \u201cTevhid Dergisi\u201dyle ortak olarak d\u00fczenledi\u011fi aksiyon yans\u0131lara neden olmu\u015ftu. Gazze g\u00fcndemi i\u00e7in d\u00fczenlenen aksiyonda \u201c\u00fcmmet\u201d, \u201c\u015feriat\u201d ve \u201c\u0130srail\u2019le sava\u015f\u201d \u00e7\u0131\u011f\u0131rtkanl\u0131\u011f\u0131 yap\u0131lm\u0131\u015ft\u0131.<\/p>\n<p>\u00d6rg\u00fct; yeniden Tevhid Dergisi\u2019yle ortakla\u015fa olarak evvelki g\u00fcn \u0130stanbul, Ankara ve \u015eanl\u0131urfa\u2019da \u201c\u0130ktidara ortak \u00e7a\u011fr\u0131\u201d ba\u015fl\u0131\u011f\u0131 alt\u0131nda Gazze i\u00e7in y\u00fcr\u00fcy\u00fc\u015f ve bas\u0131n a\u00e7\u0131klamalar\u0131 ger\u00e7ekle\u015ftirdi.<\/p>\n<p>\u0130stanbul\u2019daki aksiyon kapsam\u0131nda Fatih Camisi\u2019nden Beyaz\u0131t Meydan\u0131\u2019na, Ankara\u2019da Kocatepe Camisi\u2019nden S\u0131hhiye Meydan\u0131\u2019na; \u015eanl\u0131urfa\u2019da ise Ali \u015eelli Park\u0131\u2019ndan Rabia Meydan\u0131\u2019na ger\u00e7ek yap\u0131lan y\u00fcr\u00fcy\u00fc\u015flerde \u015feriat bayraklar\u0131 (tevhid bayra\u011f\u0131) ta\u015f\u0131nd\u0131 ve tekbir ile tan\u0131kl\u0131k kelam\u0131 (kelimei\u015fehadet) lisana getirildi.<\/p>\n<p>Bunlar\u0131n yan\u0131 s\u0131ra \u201cOrdular Aksa\u2019ya\u201d ve \u201cTek \u00fcmmet, tek devlet, tek tahlil hilafet\u201d sloganlar\u0131 at\u0131ld\u0131.<\/p>\n<p><b>\u2018YAPTIRIM BEKL\u0130YORUZ\u2019<\/b><\/p>\n<p>Y\u00fcr\u00fcy\u00fc\u015flerin akabinde meydanlarda ortak bas\u0131n a\u00e7\u0131klamas\u0131 okundu. \u0130slam devletleri iktidarlar\u0131na davet yap\u0131lan bas\u0131n metninde; \u201cSizler; y\u00fczbinlerce temiz katledilirken k\u0131nad\u0131n\u0131z. \u0130\u015fe yaramayan diplomatik g\u00f6r\u00fc\u015fmeler yapt\u0131n\u0131z. Bunlar\u0131n hi\u00e7biri tahlil ismine somut ve cayd\u0131r\u0131c\u0131 ad\u0131mlar de\u011fildi. Zira i\u015fgalci Siyonistler kelam ile durmaz. Bizler sizlerden kelam de\u011fil, icraat bekliyoruz. Hamaset de\u011fil, hareket bekliyoruz. K\u0131nama de\u011fil, yapt\u0131r\u0131m bekliyoruz\u201d denildi.<\/p>\n<p>S\u00f6z konusu yaz\u0131 dizisinde Hizbuttahrir\u2019in bu hareketleri i\u00e7in; selefilik bahislerindeki \u00e7al\u0131\u015fmalar\u0131yla bilinen TOBB \u0130ktisat ve Teknoloji \u00dcniversitesi Tarih B\u00f6l\u00fcm\u00fc\u2019nden Prof. Dr. Hilmi Demir ve ara\u015ft\u0131rmac\u0131 Emre G\u00fcrb\u00fcz\u2019\u00fcn \u201cHizbuttahrir: \u0130deolojisi, \u00f6rg\u00fctlenmesi ve T\u00fcrkiye\u2019deki faaliyetleri\u201d raporunda dikkat \u00e7eken tespite yer verilmi\u015fti.<\/p>\n<p><b>CEMAATLER\u0130 DENET\u0130M ALTINA ALMAK \u0130ST\u0130YOR<\/b><\/p>\n<p>\u0130kilinin raporunda \u00f6rg\u00fct\u00fcn bu hareketleri i\u00e7in; \u201c\u00d6rg\u00fct, T\u00fcrkiye i\u00e7inde Gazze ve Suriye s\u0131k\u0131nt\u0131s\u0131 \u00fczerinde hem T\u00fcrkiye\u2019nin anayasal sistemini hem de Erdo\u011fan h\u00fck\u00fcmetini \u015feytanla\u015ft\u0131rmaktan ve onlara y\u00f6nelik nefret telaffuzunu te\u015fvik etmekten \u00e7ekinmemektedir. \u00d6rg\u00fct, \u0130srail\u2019in Gazze\u2019de uygulad\u0131\u011f\u0131 soyk\u0131r\u0131m\u0131n yaratt\u0131\u011f\u0131 \u00f6fke ve k\u0131zg\u0131nl\u0131\u011f\u0131 kullanarak, kendisini \u00f6teki \u0130slami STK ve \u00f6rg\u00fctlerin ana \u00e7at\u0131s\u0131 olarak kabul ettirmeye \u00e7al\u0131\u015fmaktad\u0131r. \u00d6rg\u00fct, i\u00e7eride muhalif bir dini kanat olu\u015fturarak toplumsal taban tutmay\u0131 ama\u00e7lamaktad\u0131r\u201d tespiti yap\u0131ld\u0131.<\/p>\n","protected":false},"excerpt":{"rendered":"<p>Yarg\u0131tay taraf\u0131ndan ter\u00f6r \u00f6rg\u00fct\u00fc olarak kabul edilen Hizbuttahrir, Gazze\u2019deki soyk\u0131r\u0131m g\u00fcndemini kullanarak T\u00fcrkiye\u2019deki gerici hareketlerini s\u00fcrd\u00fcr\u00fcyor. \u00d6rg\u00fct, Tevhid Dergisi ile birlikte evvelki g\u00fcn \u0130stanbul, Ankara ve \u015eanl\u0131urfa\u2019da \u201c\u0130ktidara ortak \u00e7a\u011fr\u0131\u201d ba\u015fl\u0131\u011f\u0131yla Gazze i\u00e7in y\u00fcr\u00fcy\u00fc\u015f ve bas\u0131n a\u00e7\u0131klamalar\u0131 d\u00fczenledi.<\/p>\n","protected":false},"author":1,"featured_media":84010,"comment_status":"open","ping_status":"open","sticky":false,"template":"","format":"standard","meta":{"footnotes":""},"categories":[25],"tags":[849,83,1868,1706,113],"class_list":["post-84009","post","type-post","status-publish","format-standard","has-post-thumbnail","hentry","category-gundem","tag-eylem","tag-gazze","tag-ortak","tag-tek","tag-turkiye"],"_links":{"self":[{"href":"https:\/\/ikimisli.tr\/index.php\/wp-json\/wp\/v2\/posts\/84009","targetHints":{"allow":["GET"]}}],"collection":[{"href":"https:\/\/ikimisli.tr\/index.php\/wp-json\/wp\/v2\/posts"}],"about":[{"href":"https:\/\/ikimisli.tr\/index.php\/wp-json\/wp\/v2\/types\/post"}],"author":[{"embeddable":true,"href":"https:\/\/ikimisli.tr\/index.php\/wp-json\/wp\/v2\/users\/1"}],"replies":[{"embeddable":true,"href":"https:\/\/ikimisli.tr\/index.php\/wp-json\/wp\/v2\/comments?post=84009"}],"version-history":[{"count":1,"href":"https:\/\/ikimisli.tr\/index.php\/wp-json\/wp\/v2\/posts\/84009\/revisions"}],"predecessor-version":[{"id":84011,"href":"https:\/\/ikimisli.tr\/index.php\/wp-json\/wp\/v2\/posts\/84009\/revisions\/84011"}],"wp:featuredmedia":[{"embeddable":true,"href":"https:\/\/ikimisli.tr\/index.php\/wp-json\/wp\/v2\/media\/84010"}],"wp:attachment":[{"href":"https:\/\/ikimisli.tr\/index.php\/wp-json\/wp\/v2\/media?parent=84009"}],"wp:term":[{"taxonomy":"category","embeddable":true,"href":"https:\/\/ikimisli.tr\/index.php\/wp-json\/wp\/v2\/categories?post=84009"},{"taxonomy":"post_tag","embeddable":true,"href":"https:\/\/ikimisli.tr\/index.php\/wp-json\/wp\/v2\/tags?post=84009"}],"curies":[{"name":"wp","href":"https:\/\/api.w.org\/{rel}","templated":true}]}}