{"id":84016,"date":"2025-10-01T01:55:22","date_gmt":"2025-10-01T01:55:22","guid":{"rendered":"https:\/\/ikimisli.tr\/?p=84016"},"modified":"2025-10-01T01:55:22","modified_gmt":"2025-10-01T01:55:22","slug":"kirmizi-bultenle-aranan-9-suclu-turkiyeye-iade-edildi","status":"publish","type":"post","link":"https:\/\/ikimisli.tr\/index.php\/2025\/10\/01\/kirmizi-bultenle-aranan-9-suclu-turkiyeye-iade-edildi\/","title":{"rendered":"K\u0131rm\u0131z\u0131 b\u00fcltenle aranan 9 su\u00e7lu T\u00fcrkiye&#8217;ye iade edildi"},"content":{"rendered":"<p>\u0130\u00e7i\u015fleri Bakan\u0131 Ali Yerlikaya, k\u0131rm\u0131z\u0131 b\u00fcltenle aranan 9 ki\u015finin memleketler aras\u0131 operasyonlarla yakalanarak T\u00fcrkiye\u2019ye iade edildi\u011fini duyurdu. Emniyet Genel M\u00fcd\u00fcrl\u00fc\u011f\u00fc Interpol-Europol Daire Ba\u015fkanl\u0131\u011f\u0131 koordinesinde y\u00fcr\u00fct\u00fclen \u00e7al\u0131\u015fmalar sonucunda, farkl\u0131 hatalardan aranan \u015fah\u0131slar hakk\u0131nda s\u00fcre\u00e7 yap\u0131ld\u0131.<\/p>\n<p>Bakanl\u0131\u011f\u0131n aktard\u0131\u011f\u0131 bilgilere nazaran; G\u00fcrcistan\u2019da \u2018\u00e7ocu\u011fun cinsel istismar\u0131\u2019, \u2018silahla ya\u011fma\u2019 ve \u2018kasten \u00f6ld\u00fcrme\u2019 c\u00fcr\u00fcmlerinden aranan \u00fc\u00e7 ki\u015fi, Almanya\u2019da ise \u2018kasten \u00f6ld\u00fcrme\u2019, \u2018ruhsats\u0131z silah bulundurma\u2019 ve \u2018uyu\u015fturucu ticareti\u2019 hatalar\u0131ndan aranan iki ki\u015fi yakaland\u0131. Birle\u015fik Arap Emirlikleri\u2019nde \u2018kasten \u00f6ld\u00fcrme\u2019 ve \u2018uyu\u015fturucu ticareti\u2019 c\u00fcr\u00fcmlerinden aranan iki ki\u015fi, \u0130svi\u00e7re\u2019de \u2018kasten \u00f6ld\u00fcrme\u2019 c\u00fcrm\u00fcnden aranan bir ki\u015fi ve H\u0131rvatistan\u2019da \u2018uyu\u015fturucu unsur bulundurma ve satma\u2019 hatas\u0131ndan aranan bir ki\u015fi T\u00fcrkiye\u2019ye iade edildi.<\/p>\n<p>Yerlikaya, toplumsal medya hesab\u0131ndan yapt\u0131\u011f\u0131 payla\u015f\u0131mda \u015fu s\u00f6zleri kulland\u0131:\u00a0<\/p>\n<blockquote class=\"twitter-tweet\" data-width=\"500\" data-dnt=\"true\">\n<p lang=\"tr\" dir=\"ltr\">B\u0130R B\u0130R YAKALAYIP GER\u0130 GET\u0130RECE\u011e\u0130Z. HER ZAMAN OLDU\u011eU G\u0130B\u0130 TEKRAR S\u00d6YL\u00dcYORUM: \u201cB\u0130ZDEN KA\u00c7AMAYACAKSINIZ\u201d\u2757\ufe0f<\/p>\n<p>\ud83d\udfe5 K\u0131rm\u0131z\u0131 B\u00fcltenle Arad\u0131\u011f\u0131m\u0131z 9 Su\u00e7luyu, G\u00dcRC\u0130STAN(3), ALMANYA (2), B\u0130RLE\u015e\u0130K ARAP EM\u0130RL\u0130KLER\u0130 (2), \u0130SV\u0130\u00c7RE ve HIRVAT\u0130STAN\u2019dan  \u00dclkemize Getirdik.<\/p>\n<p>\ud83d\udfe5 K\u0131rm\u0131z\u0131 b\u00fcltenle\u2026 <a href=\"https:\/\/t.co\/G4xrWdqsfl\" rel=\"nofollow\">pic.twitter.com\/G4xrWdqsfl<\/a><\/p>\n<p>&mdash; Ali Yerlikaya (@AliYerlikaya) <a href=\"https:\/\/twitter.com\/AliYerlikaya\/status\/1972885165740351627?ref_src=twsrc%5Etfw\" rel=\"nofollow noopener\" target=\"_blank\">September 30, 2025<\/a><\/p><\/blockquote>\n<p><script async src=\"https:\/\/platform.twitter.com\/widgets.js\" charset=\"utf-8\"><\/script><\/p>\n<p>\u00a0<\/p>\n","protected":false},"excerpt":{"rendered":"<p>\u0130\u00e7i\u015fleri Bakan\u0131 Ali Yerlikaya, G\u00fcrcistan, Almanya, Birle\u015fik Arap Emirlikleri, \u0130svi\u00e7re ve H\u0131rvatistan\u2019da yakalanan 9 ki\u015finin T\u00fcrkiye\u2019ye getirildi\u011fini a\u00e7\u0131klad\u0131.<\/p>\n","protected":false},"author":1,"featured_media":84018,"comment_status":"open","ping_status":"open","sticky":false,"template":"","format":"standard","meta":{"footnotes":""},"categories":[25],"tags":[2964],"class_list":["post-84016","post","type-post","status-publish","format-standard","has-post-thumbnail","hentry","category-gundem","tag-aranan"],"_links":{"self":[{"href":"https:\/\/ikimisli.tr\/index.php\/wp-json\/wp\/v2\/posts\/84016","targetHints":{"allow":["GET"]}}],"collection":[{"href":"https:\/\/ikimisli.tr\/index.php\/wp-json\/wp\/v2\/posts"}],"about":[{"href":"https:\/\/ikimisli.tr\/index.php\/wp-json\/wp\/v2\/types\/post"}],"author":[{"embeddable":true,"href":"https:\/\/ikimisli.tr\/index.php\/wp-json\/wp\/v2\/users\/1"}],"replies":[{"embeddable":true,"href":"https:\/\/ikimisli.tr\/index.php\/wp-json\/wp\/v2\/comments?post=84016"}],"version-history":[{"count":1,"href":"https:\/\/ikimisli.tr\/index.php\/wp-json\/wp\/v2\/posts\/84016\/revisions"}],"predecessor-version":[{"id":84019,"href":"https:\/\/ikimisli.tr\/index.php\/wp-json\/wp\/v2\/posts\/84016\/revisions\/84019"}],"wp:featuredmedia":[{"embeddable":true,"href":"https:\/\/ikimisli.tr\/index.php\/wp-json\/wp\/v2\/media\/84018"}],"wp:attachment":[{"href":"https:\/\/ikimisli.tr\/index.php\/wp-json\/wp\/v2\/media?parent=84016"}],"wp:term":[{"taxonomy":"category","embeddable":true,"href":"https:\/\/ikimisli.tr\/index.php\/wp-json\/wp\/v2\/categories?post=84016"},{"taxonomy":"post_tag","embeddable":true,"href":"https:\/\/ikimisli.tr\/index.php\/wp-json\/wp\/v2\/tags?post=84016"}],"curies":[{"name":"wp","href":"https:\/\/api.w.org\/{rel}","templated":true}]}}