{"id":84048,"date":"2025-10-01T03:55:21","date_gmt":"2025-10-01T03:55:21","guid":{"rendered":"https:\/\/ikimisli.tr\/?p=84048"},"modified":"2025-10-01T03:55:21","modified_gmt":"2025-10-01T03:55:21","slug":"the-bodrum-cupin-37ncisi-duzenlenecek","status":"publish","type":"post","link":"https:\/\/ikimisli.tr\/index.php\/2025\/10\/01\/the-bodrum-cupin-37ncisi-duzenlenecek\/","title":{"rendered":"The Bodrum Cup&#8217;\u0131n 37&#8217;ncisi d\u00fczenlenecek"},"content":{"rendered":"<p>20-25 Ekim 2025 tarihleri ortas\u0131nda ger\u00e7ekle\u015ftirilecek tertip, \u201cNesillerce\u201d temas\u0131yla s\u0131rf bir yar\u0131\u015f de\u011fil; k\u00fclt\u00fcrlerin, dostluklar\u0131n ve tutkular\u0131n jenerasyondan jenerasyona aktar\u0131ld\u0131\u011f\u0131 b\u00fcy\u00fck bir deniz bulu\u015fmas\u0131 olacak.<\/p>\n<p>Bu y\u0131lki rotaya, t\u00fcm i\u015ftirak\u00e7ileri en heyecanland\u0131ran yar\u0131\u015f rotalar\u0131ndan biri olan Yunanistan\u2019\u0131n Leros Adas\u0131 da dahil edildi. Yal\u0131kavak \u2013 Leros etab\u0131nda gruplar, hem k\u0131y\u0131 seyri maharetlerini hem de a\u00e7\u0131k deniz deneyimlerini ortaya koyacak.<\/p>\n<p>Bu y\u0131l aktifli\u011fe 200&#8217;den fazla tekne, 2 binden fazla denizci ve 15 binin \u00fczerinde ki\u015finin kat\u0131lmas\u0131 bekleniyor. Yelkenciler, Bodrum ve etraf\u0131ndaki e\u015fsiz koylarda r\u00fczg\u00e2r\u0131n pe\u015finde keyifli anlar ya\u015fayacak.<\/p>\n<p><b>YARI\u015e MERKEZ\u0130 B\u0130R\u0130NC\u0130 KERE YALIKAVAK MAR\u0130NA\u2019DA<\/b><\/p>\n<p>Son 3 y\u0131ld\u0131r Bodrum Belediye Meydan\u0131\u2019nda kurulan Yar\u0131\u015f Merkezi, bu y\u0131l birinci kere Yal\u0131kavak Marina\u2019ya ta\u015f\u0131nacak. 20 Ekim\u2019de ger\u00e7ekle\u015fecek kampana merasimi ile yar\u0131\u015f\u0131n start\u0131n\u0131n verilece\u011fi Yar\u0131\u015f Merkezi\u2019nde, stantlar, denizcilik at\u00f6lyeleriyle, yar\u0131\u015f\u00e7\u0131lar ve izleyiciler i\u00e7in adeta bir deniz \u015fenli\u011fi atmosferi yarat\u0131lacak.<\/p>\n<p>\u0130stanbul\u2019da ger\u00e7ekle\u015fen bas\u0131n toplant\u0131s\u0131nda a\u00e7\u0131l\u0131\u015f konu\u015fmas\u0131n\u0131 yapan The Bodrum Cup Organizasyon Komitesi Ba\u015fkan\u0131 S\u00fcleyman Uysal; &#8220;Bug\u00fcn, Bodrum\u2019un en k\u0131ymetli denizcilik miraslar\u0131ndan biri olan Maximiles Black The Bodrum Cup\u2019\u0131n 37. y\u0131l\u0131n\u0131 ger\u00e7ekle\u015ftirmenin gururunu ya\u015f\u0131yoruz. Her y\u0131l ekim ay\u0131nda \u00fclkemizin farkl\u0131 dallar\u0131ndan \u00f6nc\u00fc firmalar\u0131n takviyesiyle ger\u00e7ekle\u015fen bu b\u00fcy\u00fck bulu\u015fma, yaln\u0131zca bir yelken u\u011fra\u015f\u0131 de\u011fil, t\u0131pk\u0131 vakitte \u00fclkemizin en ho\u015f kentlerinden biri olan Bodrum\u2019un k\u00fclt\u00fcr\u00fcne, turizmine ve deniz sevgisine arma\u011fan edilmi\u015f bir k\u0131ymet.<\/p>\n<p>Bu y\u0131lki temam\u0131z \u201cNesillerce\u201d. Zira biliyoruz ki, s\u00fcrd\u00fcr\u00fclebilirlik art\u0131k sadece etraf i\u00e7in de\u011fil, k\u0131ymetlerimizi ve k\u00fclt\u00fcr\u00fcm\u00fcz\u00fc gelece\u011fe ta\u015f\u0131mak i\u00e7in de hayati k\u0131ymete sahip. Y\u0131llard\u0131r bizimle yar\u0131\u015fan tekneler, ku\u015faklar uzunlu\u011fu geli\u015ftirilerek en g\u00fczel versiyonlar\u0131na ula\u015ft\u0131r\u0131l\u0131yor. The Bodrum Cup yar\u0131\u015f kategorilerinden biri olan t\u0131rhandillerin k\u00f6keninin 17. y\u00fczy\u0131la uzand\u0131\u011f\u0131 d\u00fc\u015f\u00fcn\u00fcld\u00fc\u011f\u00fcnde ku\u015faklarca devam etmi\u015f bu kay\u0131k tipiyle bug\u00fcn The Bodrum Cup\u2019ta yar\u0131\u015fmak bizler i\u00e7in bir gurur. Komitemizin eski \u00fcyelerinin \u00e7ocuklar\u0131yla birebir teknede yar\u0131\u015f\u0131, bu miras\u0131n nesilden jenerasyona sevgiyle aktar\u0131ld\u0131\u011f\u0131n\u0131n en ho\u015f g\u00f6stergesi. Her ya\u015ftan denizseverin t\u0131pk\u0131 yelken alt\u0131nda bulu\u015fmas\u0131, birlikteli\u011fin ve s\u00fcreklili\u011fin sembol\u00fc oluyor. Bizler 37 y\u0131ld\u0131r Bodrum i\u00e7in bir paha yarat\u0131yoruz ve bu bedelin yar\u0131nlara da kalmas\u0131 i\u00e7in \u00e7al\u0131\u015f\u0131yoruz. Denizin, yelkenin ve Bodrum\u2019un b\u00fcy\u00fcs\u00fc gelecek jenerasyonlarda de birebir co\u015fkuyla ya\u015fas\u0131n istiyoruz.<\/p>\n<p>S\u00fcrd\u00fcr\u00fclebilir bir tertip i\u00e7in sponsorlar\u0131m\u0131z\u0131n katk\u0131s\u0131n\u0131n ne kadar hayati oldu\u011funu bir defa daha vurgulamak isterim. Bizimle yol alan t\u00fcm destek\u00e7ilerimize ve bu miras\u0131 gelece\u011fe ta\u015f\u0131mam\u0131za katk\u0131 sa\u011flayan herkese g\u00f6n\u00fclden te\u015fekk\u00fcr ediyorum.&#8221; dedi.<\/p>\n<p>The Bodrum Cup Onursal Ba\u015fkan\u0131 Erman Aras ise &#8220;37 y\u0131ld\u0131r s\u00fcren The Bodrum Cup, sadece bir yelken yar\u0131\u015f\u0131 de\u011fil, Bodrum\u2019un denizcilik k\u00fclt\u00fcr\u00fcn\u00fc d\u00fcnyaya tan\u0131tan bir miras. 1988 y\u0131l\u0131nda bu yar\u0131\u015f\u0131 hayata ge\u00e7irirken, bug\u00fcn burada konu\u015fma yapaca\u011f\u0131m\u0131 ve bu t\u00fcrl\u00fc bir tesir yarataca\u011f\u0131n\u0131 varsay\u0131m etmemi\u015ftim. Fakat ge\u00e7en y\u0131llar i\u00e7erisinde g\u00f6r\u00fcyorum ki, yapt\u0131\u011f\u0131n\u0131z i\u015fe inand\u0131\u011f\u0131n\u0131zda ve etraf\u0131n\u0131zdaki \u015fah\u0131slar\u0131 de buna dahil etti\u011finizde ku\u015faklarca s\u00fcrecek muazzam bir birikim yarat\u0131yorsunuz. Ge\u00e7en 37 y\u0131l i\u00e7erisinde Bodrum\u2019da her y\u0131l gitgide b\u00fcy\u00fcyen bu aileyi g\u00f6rmek, \u00fcstelik \u00fclkemizin \u00f6nde gelen bir\u00e7ok \u015firketinin de sponsor oldu\u011funa \u015fahit olmak, beni gelecek ku\u015faklara dair daha da umutland\u0131r\u0131yor. Bu y\u0131l da k\u0131ymetli sponsorlar\u0131m\u0131zla bir ortaya gelmekten b\u00fcy\u00fck memnunluk duyuyoruz. The Bodrum Cup ile birlikte do\u011fan STS Bodrum Okul Gemisi, bug\u00fcn h\u00e2l\u00e2 gen\u00e7 denizciler i\u00e7in ilham kayna\u011f\u0131 olmaya devam ediyor ve bizim i\u00e7in en k\u0131ymetli projelerden biri olmay\u0131 s\u00fcrd\u00fcr\u00fcyor. Bu y\u0131l Cumhuriyet\u2019in birinci okul gemisi olan STS Bodrum, ge\u00e7ti\u011fimiz Haziran ay\u0131nda Ka\u00e7 Liman\u0131\u2019nda UNOC Konferans\u0131\u2019n\u0131n en dikkat \u00e7eken teknelerinden biriydi. Bodrum\u2019un pahalar\u0131n\u0131 Akdeniz limanlar\u0131na ta\u015f\u0131yabilmi\u015f olmaktan son derece memnunum. \u2018Nesillerce\u2019 mottosuyla ger\u00e7ekle\u015ftirdi\u011fimiz bu y\u0131lki tertipte, Bodrum\u2019un b\u00fcy\u00fcleyici mavi koylar\u0131n\u0131n yan\u0131 s\u0131ra, rotam\u0131za eklenen Leros Adas\u0131 da dostlu\u011fun ve payla\u015f\u0131m\u0131n sembol\u00fc olacak. Birinci sefer Yal\u0131kavak Marina\u2019da kurulacak Yar\u0131\u015f Merkezi ise hem denizciler hem de izleyiciler i\u00e7in \u015fenlik co\u015fkusunu ya\u015fatacak. T\u00fcm i\u015ftirak\u00e7ileri bu e\u015fsiz seyahate ve Bodrum\u2019un misafirperverli\u011fine davet ediyorum.&#8221; formunda konu\u015ftu.<\/p>\n<p><strong>THE BODRUM CUP&#8217;IN 37. YIL ROTASI \u015e\u00d6YLE:<\/strong><\/p>\n<p>20 Ekim: Kampana Merasimi \u2013 Yal\u0131kavak Marina<\/p>\n<p>21 Ekim: Yal\u0131kavak \u2013 Yal\u0131kavak<\/p>\n<p>22 Ekim: Yal\u0131kavak \u2013 Leros23 Ekim: Leros \u2013 Leros<\/p>\n<p>24 Ekim: Leros \u2013 Bodrum<\/p>\n<p>25 Ekim: Bodrum \u2013 Bodrum \/ \u00d6d\u00fcl Merasimi \u2013 A\u011fanlar Tersanesi<\/p>\n","protected":false},"excerpt":{"rendered":"<p>Denizin b\u00fcy\u00fcs\u00fc, yelkenin heyecan\u0131 ve Bodrum\u2019un e\u015fsiz ruhu, bu y\u0131l 37. sefer Maximiles Black The Bodrum Cup\u2019ta bulu\u015fuyor.<\/p>\n","protected":false},"author":1,"featured_media":84049,"comment_status":"open","ping_status":"open","sticky":false,"template":"","format":"standard","meta":{"footnotes":""},"categories":[30],"tags":[1124,105,1958,9392,3360],"class_list":["post-84048","post","type-post","status-publish","format-standard","has-post-thumbnail","hentry","category-spor","tag-bodrum","tag-deniz","tag-ekim","tag-nesiller","tag-yaris"],"_links":{"self":[{"href":"https:\/\/ikimisli.tr\/index.php\/wp-json\/wp\/v2\/posts\/84048","targetHints":{"allow":["GET"]}}],"collection":[{"href":"https:\/\/ikimisli.tr\/index.php\/wp-json\/wp\/v2\/posts"}],"about":[{"href":"https:\/\/ikimisli.tr\/index.php\/wp-json\/wp\/v2\/types\/post"}],"author":[{"embeddable":true,"href":"https:\/\/ikimisli.tr\/index.php\/wp-json\/wp\/v2\/users\/1"}],"replies":[{"embeddable":true,"href":"https:\/\/ikimisli.tr\/index.php\/wp-json\/wp\/v2\/comments?post=84048"}],"version-history":[{"count":1,"href":"https:\/\/ikimisli.tr\/index.php\/wp-json\/wp\/v2\/posts\/84048\/revisions"}],"predecessor-version":[{"id":84050,"href":"https:\/\/ikimisli.tr\/index.php\/wp-json\/wp\/v2\/posts\/84048\/revisions\/84050"}],"wp:featuredmedia":[{"embeddable":true,"href":"https:\/\/ikimisli.tr\/index.php\/wp-json\/wp\/v2\/media\/84049"}],"wp:attachment":[{"href":"https:\/\/ikimisli.tr\/index.php\/wp-json\/wp\/v2\/media?parent=84048"}],"wp:term":[{"taxonomy":"category","embeddable":true,"href":"https:\/\/ikimisli.tr\/index.php\/wp-json\/wp\/v2\/categories?post=84048"},{"taxonomy":"post_tag","embeddable":true,"href":"https:\/\/ikimisli.tr\/index.php\/wp-json\/wp\/v2\/tags?post=84048"}],"curies":[{"name":"wp","href":"https:\/\/api.w.org\/{rel}","templated":true}]}}