{"id":84075,"date":"2025-10-01T05:31:25","date_gmt":"2025-10-01T05:31:25","guid":{"rendered":"https:\/\/ikimisli.tr\/?p=84075"},"modified":"2025-10-01T05:31:25","modified_gmt":"2025-10-01T05:31:25","slug":"chpli-baskan-hurriyetten-akpye-o-koltuklarda-kil-payi-oturuyorsunuz-indirecegiz","status":"publish","type":"post","link":"https:\/\/ikimisli.tr\/index.php\/2025\/10\/01\/chpli-baskan-hurriyetten-akpye-o-koltuklarda-kil-payi-oturuyorsunuz-indirecegiz\/","title":{"rendered":"CHP\u2019li ba\u015fkan H\u00fcrriyet\u2019ten AKP\u2019ye: O koltuklarda k\u0131l pay\u0131 oturuyorsunuz, indirece\u011fiz"},"content":{"rendered":"<p>CHP K\u00f6rfez \u0130l\u00e7e Kongresi\u2019nde dikkat \u00e7eken a\u00e7\u0131klamalarda bulunan \u0130zmit Belediye Ba\u015fkan\u0131 Fatma Kaplan H\u00fcrriyet, 2024 mahall\u00ee se\u00e7imlerinde CHP\u2019nin Kocaeli genelinde t\u00fcm belediyeleri kazanaca\u011f\u0131na y\u00f6nelik g\u00fc\u00e7l\u00fc bir bildiri verdi. Partililere birlik daveti yapan H\u00fcrriyet, rakip partilere de sert bir ikazda bulunarak, mevcut belediye liderlerinin art\u0131k koltuklar\u0131n\u0131 kaybetme e\u015fi\u011finde olduklar\u0131n\u0131 vurgulad\u0131. CHP\u2019nin toplumsal demokrat bayra\u011f\u0131n\u0131 Kocaeli\u2019nin her noktas\u0131na dikece\u011fini belirten H\u00fcrriyet, partinin gayesinin 13-0 oldu\u011funu a\u00e7\u0131k\u00e7a ortaya koydu.<\/p>\n<p><b>\u201cO KOLTUKLARDAN S\u0130Z\u0130 \u0130ND\u0130RECE\u011e\u0130Z\u201d<\/b><\/p>\n<p>Fatma Kaplan H\u00fcrriyet, konu\u015fmas\u0131nda 2024 yerel se\u00e7imlerinde CHP\u2019nin elde etti\u011fi ba\u015far\u0131y\u0131 b\u00fcy\u00fcterek s\u00fcrd\u00fcreceklerini vurgulad\u0131. H\u00fcrriyet kongrede \u015fu s\u00f6zleri kulland\u0131;<\/p>\n<p>\u201cBug\u00fcn halk\u0131n iradesini, kararl\u0131l\u0131\u011f\u0131n\u0131 tekrar in\u015fa ediyoruz. Kocaeli\u2019de, K\u00f6rfez\u2019de, T\u00fcrkiye\u2019nin d\u00f6rt bir yan\u0131nda milletimiz adalet ve e\u015fitlik talep ediyor. Bizler bu talepleri hayata ge\u00e7irmek i\u00e7in \u00e7aba eden insanlar\u0131z. Kocaeli davam\u0131z\u0131n en b\u00fcy\u00fck kalelerinden bir adedidir. Bug\u00fcn yap\u0131lacak se\u00e7im yaln\u0131zca bir liderin se\u00e7ilmesi de\u011fil, partimizi daha g\u00fc\u00e7lendirecek tak\u0131mlar\u0131n se\u00e7ilmesidir. Bu se\u00e7im bir se\u00e7im olsa da asla bir hengame olmamal\u0131d\u0131r. Bizim yar\u0131\u015f\u0131m\u0131z kol kola yar\u0131\u015fmakt\u0131r. 2019 y\u0131l\u0131nda ba\u015flad\u0131 yereldeki ba\u015far\u0131m\u0131z. \u0130zmit\u2019i kazanm\u0131\u015f olmak Kocaeli i\u00e7in \u00e7ok k\u0131ymetliydi. Ola\u011fan eksi\u011fimiz vard\u0131. Meclis \u00e7o\u011funlu\u011fumuz yoktu. \u00d6rg\u00fct\u00fcm\u00fcz ile birlikte geri ad\u0131m atmadan gayret ettik. Yap\u0131lmayan bir\u00e7ok i\u015fi hayata ge\u00e7irdik. 2024 se\u00e7imlerinde biri \u00fc\u00e7 yapt\u0131k. \u0130nanmak muvaffakiyetin yar\u0131s\u0131 de\u011fil, tamam\u0131d\u0131r. Art\u0131k inan\u0131yorum ki bu kenti 13-0 beraberce kazanaca\u011f\u0131z. Bu kenti 13-0 ya yapaca\u011f\u0131z, ya yapaca\u011f\u0131z. \u00d6b\u00fcr yolu yok. Eninde sonunda belediyeler artacak dedik. K\u0131l hissesi ka\u00e7\u0131rd\u0131\u011f\u0131m\u0131z belediyeler var. O belediye liderlerine s\u00f6yl\u00fcyorum; O koltuklarda k\u0131l hissesi oturuyorsunuz. Koltuklar\u0131n ucunda oturuyorsunuz. O koltuklardan sizi indirece\u011fiz. Eninde sonunda toplumsal demokrat bayra\u011f\u0131 dikece\u011fiz.\u201d<\/p>\n<p><img decoding=\"async\" src=\"https:\/\/ikimisli.tr\/wp-content\/uploads\/2025\/10\/chpli-baskan-hurriyetten-akpye-o-koltuklarda-kil-payi-oturuyorsunuz-indirecegiz-0-GQEmc8BT.png\"\/><\/p>\n<p><b>YAPRAK F\u0130DANCI \u0130L\u00c7E BA\u015eKANI SE\u00c7\u0130LD\u0130<\/b><\/p>\n<p>302 delegenin oy kullanma hakk\u0131 bulundu\u011fu kongrede adaylar Yal\u00e7\u0131n Kaya, Yaprak Fidanc\u0131 ve Bar\u0131\u015f Da\u011fdeviren il\u00e7e ba\u015fkan\u0131 olmak i\u00e7in k\u0131yas\u0131ya yar\u0131\u015ft\u0131. 290 delege oy kulland\u0131\u011f\u0131 se\u00e7imde, oylar\u0131n 117\u2019sini Yaprak Fidanc\u0131, 102 oy Bar\u0131\u015f Da\u011fdeviren, 71 oy Yal\u00e7\u0131n Kaya ald\u0131. Se\u00e7im sonucunda Yaprak Fidanc\u0131 CHP K\u00f6rfez \u0130l\u00e7e Ba\u015fkan\u0131 se\u00e7ildi.<\/p>\n","protected":false},"excerpt":{"rendered":"<p>Kocaeli\u2019de CHP K\u00f6rfez \u0130l\u00e7e Kongresi&#8217;nde konu\u015fan \u0130zmit Belediye Ba\u015fkan\u0131 Fatma Kaplan H\u00fcrriyet, 2024 lokal se\u00e7imlerine damga vuracak sert ve arg\u00fcmanl\u0131 bildiriler verdi. H\u00fcrriyet, \u201cBu kenti 13-0 yapaca\u011f\u0131z. O koltuklardan sizi indirece\u011fiz. Toplumsal demokrat bayra\u011f\u0131n\u0131 dikece\u011fiz\u201d dedi.<\/p>\n","protected":false},"author":1,"featured_media":84076,"comment_status":"open","ping_status":"open","sticky":false,"template":"","format":"standard","meta":{"footnotes":""},"categories":[25],"tags":[40,6338,1723,4983,652],"class_list":["post-84075","post","type-post","status-publish","format-standard","has-post-thumbnail","hentry","category-gundem","tag-belediye","tag-hurriyet","tag-kocaeli","tag-kol","tag-secim"],"_links":{"self":[{"href":"https:\/\/ikimisli.tr\/index.php\/wp-json\/wp\/v2\/posts\/84075","targetHints":{"allow":["GET"]}}],"collection":[{"href":"https:\/\/ikimisli.tr\/index.php\/wp-json\/wp\/v2\/posts"}],"about":[{"href":"https:\/\/ikimisli.tr\/index.php\/wp-json\/wp\/v2\/types\/post"}],"author":[{"embeddable":true,"href":"https:\/\/ikimisli.tr\/index.php\/wp-json\/wp\/v2\/users\/1"}],"replies":[{"embeddable":true,"href":"https:\/\/ikimisli.tr\/index.php\/wp-json\/wp\/v2\/comments?post=84075"}],"version-history":[{"count":1,"href":"https:\/\/ikimisli.tr\/index.php\/wp-json\/wp\/v2\/posts\/84075\/revisions"}],"predecessor-version":[{"id":84078,"href":"https:\/\/ikimisli.tr\/index.php\/wp-json\/wp\/v2\/posts\/84075\/revisions\/84078"}],"wp:featuredmedia":[{"embeddable":true,"href":"https:\/\/ikimisli.tr\/index.php\/wp-json\/wp\/v2\/media\/84076"}],"wp:attachment":[{"href":"https:\/\/ikimisli.tr\/index.php\/wp-json\/wp\/v2\/media?parent=84075"}],"wp:term":[{"taxonomy":"category","embeddable":true,"href":"https:\/\/ikimisli.tr\/index.php\/wp-json\/wp\/v2\/categories?post=84075"},{"taxonomy":"post_tag","embeddable":true,"href":"https:\/\/ikimisli.tr\/index.php\/wp-json\/wp\/v2\/tags?post=84075"}],"curies":[{"name":"wp","href":"https:\/\/api.w.org\/{rel}","templated":true}]}}