{"id":84226,"date":"2025-10-01T13:19:20","date_gmt":"2025-10-01T13:19:20","guid":{"rendered":"https:\/\/ikimisli.tr\/?p=84226"},"modified":"2025-10-01T13:19:20","modified_gmt":"2025-10-01T13:19:20","slug":"havayolu-devinde-grev-karari-hisseleri-bir-anda-cakildi","status":"publish","type":"post","link":"https:\/\/ikimisli.tr\/index.php\/2025\/10\/01\/havayolu-devinde-grev-karari-hisseleri-bir-anda-cakildi\/","title":{"rendered":"Havayolu devinde grev karar\u0131: Hisseleri bir anda \u00e7ak\u0131ld\u0131"},"content":{"rendered":"<p>Vereinigung Cockpit sendikas\u0131n\u0131n a\u00e7\u0131klamas\u0131na nazaran Lufthansa ve Lufthansa Cargo pilotlar\u0131n\u0131n b\u00fcy\u00fck \u00e7o\u011funlu\u011fu, emeklilik planlar\u0131n\u0131n maliyetleri konusunda idareyle y\u00fcr\u00fct\u00fclen g\u00f6r\u00fc\u015fmelerin sonu\u00e7suz kalmas\u0131 \u00fczerine greve onay verdi. 12 Eyl\u00fcl\u2019de ba\u015flayan oylama, s\u00fcregelen krizin \u00e7\u00f6z\u00fclememesiyle birlikte sona erdi. Pilotlar\u0131n Lufthansa\u2019da en son 2022 y\u0131l\u0131nda greve gitti\u011fi hat\u0131rlat\u0131ld\u0131. Sendika, yeni grev i\u00e7in tarih a\u00e7\u0131klamad\u0131.<\/p>\n<p><b>H\u0130SSELERDE Y\u00dcZDE 6,7\u2019L\u0130K KAYIP<\/b><\/p>\n<p>Grev karar\u0131n\u0131n duyurulmas\u0131n\u0131n akabinde Lufthansa paylar\u0131 Frankfurt borsas\u0131nda sert d\u00fc\u015f\u00fc\u015f ya\u015fad\u0131. G\u00fcn i\u00e7inde kay\u0131p y\u00fczde 6,7\u2019ye ula\u015ft\u0131 ve bu oran nisan ay\u0131ndan bu yana g\u00f6r\u00fclen en sert gerileme olarak kay\u0131tlara ge\u00e7ti.<\/p>\n<p><b>55 M\u0130LYON KAYIP KAPIDA<\/b><\/p>\n<p>Analistler, m\u00fcmk\u00fcn bir grevin Lufthansa\u2019ya g\u00fcnl\u00fck yakla\u015f\u0131k 55 milyon euro gelir kaybettirebilece\u011fini belirtti. \u015eirketin, artan maliyetleri dengelemek hedefiyle daha fazla u\u00e7a\u011f\u0131n\u0131 yan markalar\u0131na kayd\u0131rmay\u0131 planlad\u0131\u011f\u0131 bildirildi. Lufthansa\u2019n\u0131n 2030 y\u0131l\u0131na kadar k\u0131sa ara filosunun sadece yar\u0131s\u0131n\u0131n ana marka alt\u0131nda kalaca\u011f\u0131 \u00f6ng\u00f6r\u00fcl\u00fcyor.<\/p>\n","protected":false},"excerpt":{"rendered":"<p>Avrupa\u2019n\u0131n en b\u00fcy\u00fck havayolu \u015firketlerinden Lufthansa\u2019da pilotlar, emeklilik haklar\u0131 konusunda ya\u015fanan uyu\u015fmazl\u0131k nedeniyle greve gitme karar\u0131 ald\u0131. Yap\u0131lan oylamada pilotlar\u0131n y\u00fczde 88\u2019i greve \u00e7\u0131k\u0131lmas\u0131na \u201cevet\u201d derken, boradaki paylar\u0131 \u00e7ak\u0131ld\u0131.<\/p>\n","protected":false},"author":1,"featured_media":84227,"comment_status":"open","ping_status":"open","sticky":false,"template":"","format":"standard","meta":{"footnotes":""},"categories":[43],"tags":[2293,9405],"class_list":["post-84226","post","type-post","status-publish","format-standard","has-post-thumbnail","hentry","category-dunya","tag-grev","tag-lufthansa"],"_links":{"self":[{"href":"https:\/\/ikimisli.tr\/index.php\/wp-json\/wp\/v2\/posts\/84226","targetHints":{"allow":["GET"]}}],"collection":[{"href":"https:\/\/ikimisli.tr\/index.php\/wp-json\/wp\/v2\/posts"}],"about":[{"href":"https:\/\/ikimisli.tr\/index.php\/wp-json\/wp\/v2\/types\/post"}],"author":[{"embeddable":true,"href":"https:\/\/ikimisli.tr\/index.php\/wp-json\/wp\/v2\/users\/1"}],"replies":[{"embeddable":true,"href":"https:\/\/ikimisli.tr\/index.php\/wp-json\/wp\/v2\/comments?post=84226"}],"version-history":[{"count":1,"href":"https:\/\/ikimisli.tr\/index.php\/wp-json\/wp\/v2\/posts\/84226\/revisions"}],"predecessor-version":[{"id":84228,"href":"https:\/\/ikimisli.tr\/index.php\/wp-json\/wp\/v2\/posts\/84226\/revisions\/84228"}],"wp:featuredmedia":[{"embeddable":true,"href":"https:\/\/ikimisli.tr\/index.php\/wp-json\/wp\/v2\/media\/84227"}],"wp:attachment":[{"href":"https:\/\/ikimisli.tr\/index.php\/wp-json\/wp\/v2\/media?parent=84226"}],"wp:term":[{"taxonomy":"category","embeddable":true,"href":"https:\/\/ikimisli.tr\/index.php\/wp-json\/wp\/v2\/categories?post=84226"},{"taxonomy":"post_tag","embeddable":true,"href":"https:\/\/ikimisli.tr\/index.php\/wp-json\/wp\/v2\/tags?post=84226"}],"curies":[{"name":"wp","href":"https:\/\/api.w.org\/{rel}","templated":true}]}}