{"id":84288,"date":"2025-10-01T16:55:20","date_gmt":"2025-10-01T16:55:20","guid":{"rendered":"https:\/\/ikimisli.tr\/?p=84288"},"modified":"2025-10-01T16:55:20","modified_gmt":"2025-10-01T16:55:20","slug":"trabzon-aciklarinda-yabanci-menseli-insansiz-deniz-araci-bulundu","status":"publish","type":"post","link":"https:\/\/ikimisli.tr\/index.php\/2025\/10\/01\/trabzon-aciklarinda-yabanci-menseli-insansiz-deniz-araci-bulundu\/","title":{"rendered":"Trabzon a\u00e7\u0131klar\u0131nda yabanc\u0131 men\u015feli insans\u0131z deniz arac\u0131 bulundu"},"content":{"rendered":"<p>29 Eyl\u00fcl gecesi hamsi av\u0131na \u00e7\u0131kan bir bal\u0131k\u00e7\u0131 teknesinin radar\u0131na tak\u0131lan cisim, m\u00fcrettebat\u0131n dikkatini \u00e7ekti. Birinci etapta fiber bir bal\u0131k\u00e7\u0131 teknesi zannedilen cisim, vin\u00e7 yard\u0131m\u0131yla tekneye al\u0131nd\u0131. Fakat bal\u0131k\u00e7\u0131lar daha sonra bunun s\u0131radan bir tekne olmad\u0131\u011f\u0131n\u0131 fark etti.<\/p>\n<p>Bal\u0131k\u00e7\u0131 Halil \u0130brahim Bozok, ya\u015fananlar\u0131 \u015fu s\u00f6zlerle anlatt\u0131:<\/p>\n<p>\u201cCismi \u00fcst kald\u0131rd\u0131\u011f\u0131m\u0131zda askeri bir bota benzedi\u011fini fark ettik. Rastgele bir patlay\u0131c\u0131 olabilece\u011fini d\u00fc\u015f\u00fcnerek teredd\u00fct ya\u015fad\u0131k fakat patlama riski olmadan limana ula\u015ft\u0131k. Yanl\u0131\u015fs\u0131z olan denizdeyken grup \u00e7a\u011f\u0131rmakt\u0131, bunu sonradan fark ettik.\u201d<\/p>\n<p><b>SAH\u0130L G\u00dcVENL\u0130K VE SAS TAKIMLARI DEVREDE<\/b><\/p>\n<p>Bal\u0131k\u00e7\u0131lar taraf\u0131ndan Yoroz Bal\u0131k\u00e7\u0131 Bar\u0131na\u011f\u0131&#8217;na getirilen insans\u0131z deniz arac\u0131, K\u0131y\u0131 G\u00fcvenlik Do\u011fu Karadeniz K\u00fcme Komutanl\u0131\u011f\u0131 gruplar\u0131na teslim edildi. B\u00f6lgeye sevk edilen SAS (Su Alt\u0131 Savunma) komandolar\u0131, Vilayet Jandarma Komutanl\u0131\u011f\u0131&#8217;na ba\u011fl\u0131 Patlay\u0131c\u0131 Husus \u0130mha Timi ve ba\u015fka g\u00fcvenlik \u00fcniteleri b\u00f6lgede inceleme yapt\u0131.<\/p>\n<p>Sinyal kesicilerle b\u00f6lgedeki irtibat engellenirken, liman s\u00fcreksiz olarak bal\u0131k\u00e7\u0131lar\u0131n giri\u015f \u00e7\u0131k\u0131\u015f\u0131na kapat\u0131ld\u0131.<\/p>\n<p><b>VAL\u0130L\u0130KTEN A\u00c7IKLAMA YAPILDI<\/b><\/p>\n<p>Trabzon Valili\u011fi\u2019nden yap\u0131lan yaz\u0131l\u0131 a\u00e7\u0131klamada, cisimle ilgili ayr\u0131nt\u0131l\u0131 teknik ve isimli s\u00fcrecin ba\u015flat\u0131ld\u0131\u011f\u0131 belirtilerek \u015fu s\u00f6zlere yer verildi:<\/p>\n<p>\u201cYoroz Liman\u0131 a\u00e7\u0131klar\u0131nda avlanan bal\u0131k\u00e7\u0131lar\u0131m\u0131z\u0131n a\u011f\u0131na yabanc\u0131 men\u015feli oldu\u011fu bedellendirilen bir cisim tak\u0131lm\u0131\u015ft\u0131r. Cisim inan\u00e7l\u0131 bir formda limana getirilmi\u015f ve gerekli g\u00fcvenlik tedbirleri al\u0131nm\u0131\u015ft\u0131r. Deniz Kuvvetleri Komutanl\u0131\u011f\u0131\u2019na ba\u011fl\u0131 SAS tak\u0131mlar\u0131n\u0131n yapt\u0131\u011f\u0131 incelemeler sonucu, kelam konusu insans\u0131z deniz arac\u0131n\u0131n denetimli halde etkisiz hale getirilmesine karar verilmi\u015ftir.\u201d<\/p>\n<p>Valilik ayr\u0131yeten, gibisi durumlarla kar\u015f\u0131la\u015f\u0131lmas\u0131 halinde vatanda\u015flar\u0131n direkt g\u00fcvenlik \u00fcnitelerine haber vermeleri gerekti\u011fini vurgulad\u0131:<\/p>\n<p>\u201cVatanda\u015flar\u0131m\u0131z\u0131n misal durumlarla kar\u015f\u0131la\u015ft\u0131klar\u0131nda rastgele bir m\u00fcdahalede bulunmadan yetkili mercilere haber vermeleri de\u011fer arz etmektedir.\u201d<\/p>\n<p>\u0130stanbul\u2019dan b\u00f6lgeye y\u00f6nlendirilen Deniz Kuvvetleri Komutanl\u0131\u011f\u0131\u2019na ba\u011fl\u0131 uzman gruplar, cismin teknik yap\u0131s\u0131n\u0131 ve ili\u015fkin oldu\u011fu \u00fclkeyi belirlemeye y\u00f6nelik \u00e7al\u0131\u015fmalar\u0131n\u0131 s\u00fcrd\u00fcr\u00fcyor. Kelam konusu arac\u0131n askeri yahut ke\u015fif emelli kullan\u0131l\u0131p kullan\u0131lmad\u0131\u011f\u0131, yap\u0131lacak laboratuvar ve istihbarat tahlilleri sonucu netlik kazanacak.<\/p>\n","protected":false},"excerpt":{"rendered":"<p>Trabzon\u2019un \u00c7ar\u015f\u0131ba\u015f\u0131 il\u00e7esi a\u00e7\u0131klar\u0131nda, bal\u0131k\u00e7\u0131lar taraf\u0131ndan tespit edilen ve yabanc\u0131 men\u015feli oldu\u011fu belirlenen bir insans\u0131z deniz arac\u0131, g\u00fcvenlik g\u00fc\u00e7lerinin uyumuyla denetimli bi\u00e7imde etkisiz hale getirildi. Olay sonras\u0131 b\u00f6lge g\u00fcvenlik \u00e7emberine al\u0131n\u0131rken, Yoroz Bal\u0131k\u00e7\u0131 Liman\u0131 s\u00fcreksiz olarak kapat\u0131ld\u0131.<\/p>\n","protected":false},"author":1,"featured_media":84289,"comment_status":"open","ping_status":"open","sticky":false,"template":"","format":"standard","meta":{"footnotes":""},"categories":[25],"tags":[4424,6208,105,287,1525],"class_list":["post-84288","post","type-post","status-publish","format-standard","has-post-thumbnail","hentry","category-gundem","tag-balikci","tag-cisim","tag-deniz","tag-ekip","tag-guvenlik"],"_links":{"self":[{"href":"https:\/\/ikimisli.tr\/index.php\/wp-json\/wp\/v2\/posts\/84288","targetHints":{"allow":["GET"]}}],"collection":[{"href":"https:\/\/ikimisli.tr\/index.php\/wp-json\/wp\/v2\/posts"}],"about":[{"href":"https:\/\/ikimisli.tr\/index.php\/wp-json\/wp\/v2\/types\/post"}],"author":[{"embeddable":true,"href":"https:\/\/ikimisli.tr\/index.php\/wp-json\/wp\/v2\/users\/1"}],"replies":[{"embeddable":true,"href":"https:\/\/ikimisli.tr\/index.php\/wp-json\/wp\/v2\/comments?post=84288"}],"version-history":[{"count":1,"href":"https:\/\/ikimisli.tr\/index.php\/wp-json\/wp\/v2\/posts\/84288\/revisions"}],"predecessor-version":[{"id":84290,"href":"https:\/\/ikimisli.tr\/index.php\/wp-json\/wp\/v2\/posts\/84288\/revisions\/84290"}],"wp:featuredmedia":[{"embeddable":true,"href":"https:\/\/ikimisli.tr\/index.php\/wp-json\/wp\/v2\/media\/84289"}],"wp:attachment":[{"href":"https:\/\/ikimisli.tr\/index.php\/wp-json\/wp\/v2\/media?parent=84288"}],"wp:term":[{"taxonomy":"category","embeddable":true,"href":"https:\/\/ikimisli.tr\/index.php\/wp-json\/wp\/v2\/categories?post=84288"},{"taxonomy":"post_tag","embeddable":true,"href":"https:\/\/ikimisli.tr\/index.php\/wp-json\/wp\/v2\/tags?post=84288"}],"curies":[{"name":"wp","href":"https:\/\/api.w.org\/{rel}","templated":true}]}}