{"id":84307,"date":"2025-10-01T18:07:21","date_gmt":"2025-10-01T18:07:21","guid":{"rendered":"https:\/\/ikimisli.tr\/?p=84307"},"modified":"2025-10-01T18:07:21","modified_gmt":"2025-10-01T18:07:21","slug":"yilmaz-ozdilden-erdogan-trump-gorusmesiyle-ilgili-carpici-yorum","status":"publish","type":"post","link":"https:\/\/ikimisli.tr\/index.php\/2025\/10\/01\/yilmaz-ozdilden-erdogan-trump-gorusmesiyle-ilgili-carpici-yorum\/","title":{"rendered":"Y\u0131lmaz \u00d6zdil&#8217;den Erdo\u011fan-Trump g\u00f6r\u00fc\u015fmesiyle ilgili \u00e7arp\u0131c\u0131 yorum"},"content":{"rendered":"<p>T\u00fcrkiye\u2019nin k\u0131r\u0131lmaz kalemi Y\u0131lmaz \u00d6zdil ve tecr\u00fcbeli gazeteci \u0130pek \u00d6zbey, sorulmam\u0131\u015f sorular\u0131 soruyor, tart\u0131\u015f\u0131lmayan ger\u00e7ekleri masaya yat\u0131r\u0131yor.<\/p>\n<p>K\u0131rm\u0131z\u0131\u2019n\u0131n y\u00fcre\u011fi, Beyaz\u2019\u0131n tarafs\u0131zl\u0131\u011f\u0131yla; Her hafta farkl\u0131 mevzular, \u00e7arp\u0131c\u0131 yorumlar ve g\u00fcndeme istikamet verecek tart\u0131\u015fmalar\u2026<\/p>\n<p>S\u00d6ZC\u00dc TV Programc\u0131s\u0131 \u0130pek \u00d6zbey soruyor, T\u00fcrkiye\u2019nin k\u0131r\u0131lmaz kalemi Y\u0131lmaz \u00d6zdil cevapl\u0131yor. K\u0131rm\u0131z\u0131 Beyaz yeni yay\u0131n devrinin birinci program\u0131na ba\u015flad\u0131.<\/p>\n<p><img decoding=\"async\" src=\"https:\/\/ikimisli.tr\/wp-content\/uploads\/2025\/10\/yilmaz-ozdilden-erdogan-trump-gorusmesiyle-ilgili-carpici-yorum-0-9xAAbx74.jpeg\"\/><\/p>\n<p>ABD&#8217;de ger\u00e7ekle\u015fen Trump-Erdo\u011fan g\u00f6r\u00fc\u015fmesi ve Trump&#8217;\u0131n &#8220;Rus do\u011falgaz\u0131 almay\u0131n&#8221; davetini yorumlayan Y\u0131lmaz \u00d6zdil \u015fu s\u00f6zleri kulland\u0131:<\/p>\n<p><b>&#8216;ABD \u0130LE ALAKAMIZ DA\u0130MA B\u00d6YLEYD\u0130&#8217;<\/b><\/p>\n<p>&#8220;- Trump sahiden her gelene bir \u015fey sat\u0131yor fakat bu Amerikan halk\u0131nda olumlu bulunan bir \u015fey. T\u00fcrkiye a\u00e7\u0131s\u0131ndan bizim ABD ile ba\u011flant\u0131lar\u0131m\u0131z daima b\u00f6yleydi. ABD 2. d\u00fcnya sava\u015f\u0131ndan beri bu t\u00fcrl\u00fc davran\u0131yor. ABD propaganda ayrac\u0131yla me\u015fruiyet veriyor asl\u0131nda. Y\u0131llard\u0131r veriyor. Bu sefer kendi a\u011f\u0131zlar\u0131yla s\u00f6ylediler. Asl\u0131nda t\u00fcm d\u00fcnyaya \u015feffaf davran\u0131yor yoksa bunlar\u0131 s\u00f6ylemeden de t\u0131pk\u0131 \u015feyi yapabilir mi yapabilir. Trump&#8217;\u0131n diplomasi falan umurunda de\u011fil, biz size bu t\u00fcrl\u00fc bak\u0131yoruz diyor.&#8221;<\/p>\n<p><b>&#8216;T\u00dcRK\u0130YE \u0130LE RUSYA&#8217;YI PAPAZ EDECEK POZ\u0130SYON&#8217;<\/b><\/p>\n<p>&#8220;- Do\u011falgaz s\u0131k\u0131nt\u0131s\u0131nda de  biz daima T\u00fcrkiye-ABD ortas\u0131nda bir ticari \u00f6ge olarak bak\u0131yoruz. Diyorduk ki &#8220;Karadeniz&#8217;de gaz bulduk&#8221; falan bunlar\u0131n hepsinin palavra oldu\u011fu ortaya \u00e7\u0131kt\u0131. Trump ne dedi, &#8220;Erdo\u011fan&#8217;\u0131n yapaca\u011f\u0131 en g\u00fczel \u015fey Rusya&#8217;dan gaz ve petrol almaktan vazge\u00e7mektir. Biliyorum ben istersem bunu yapar&#8221; diyor. Bu nedir dersen, T\u00fcrkiye&#8217;nin ba\u015f\u0131n\u0131 s\u0131k\u0131nt\u0131ya sokabilecek T\u00fcrkiye&#8217;yi Rusya&#8217;yla papaz edecek konum.&#8221;<\/p>\n<p><b>&#8216;ABD&#8217;N\u0130N DURDURMAYA \u00c7ALI\u015eTI\u011eI HAT&#8217;<\/b><\/p>\n<p>&#8220;- Y\u0131llar \u00f6nce 1981 y\u0131l\u0131nda Rusya&#8217;n\u0131n ana do\u011falgaz boru s\u0131n\u0131r\u0131 a\u00e7\u0131lm\u0131\u015ft\u0131. Do\u011falgaz kavram\u0131 \u015fimdi \u00e7ok yeniyken Sibirya&#8217;da \u00e7\u0131kard\u0131klar\u0131 do\u011falgaz\u0131 4 bin 500 km&#8217;lik boru \u00e7izgisi ile Avrupa&#8217;ya ba\u011flad\u0131lar. Pek \u00e7ok Avrupa \u00fclkesi bu gazla sanayi ve \u0131s\u0131nmas\u0131n\u0131 hallediyordu. So\u011fuk Sava\u015f devrinden beri ABD&#8217;nin en \u00e7ok durdurmaya \u00e7al\u0131\u015ft\u0131\u011f\u0131 \u00e7izgisi bu s\u0131n\u0131r. Bu s\u0131n\u0131r a\u00e7\u0131ld\u0131\u011f\u0131nda Karadeniz&#8217;de iki \u00fclke hakimdi. Altta biz vard\u0131k \u00fcstte Sovyetler Birli\u011fi vard\u0131. Sovyetler Birli\u011fi y\u0131k\u0131ld\u0131ktan sonra Karadeniz&#8217;in \u00fcst\u00fcnde ba\u011f\u0131ms\u0131z devletler olu\u015ftu. Evvel Bulgaristan&#8217;\u0131, sonra Romanya&#8217;y\u0131 NATO \u00fcyesi yapt\u0131lar. S\u0131ra G\u00fcrcistan ve Ukrayna&#8217;ya gelmi\u015fti. 2008 NATO Tepesinde Ukrayne ve G\u00fcrcistan&#8217;\u0131 NATO&#8217;ya alaca\u011f\u0131z dediler. Rusya G\u00fcrcistan&#8217;a girdi. E\u015f vakitli olarak da K\u0131r\u0131m&#8217;\u0131 ilhak etti. Bu iki m\u00fcdahaleye kar\u015f\u0131n NATO bilhassa Ukrayna&#8217;n\u0131n pe\u015fini b\u0131rakmad\u0131.&#8221;<\/p>\n<p><b>&#8216;ZELENSK\u0130Y&#8217;\u0130 L\u0130DER SE\u00c7T\u0130RD\u0130LER&#8217;<\/b><\/p>\n<p>&#8220;- Ukrayna&#8217;ya as\u0131lmalar\u0131n\u0131n temel sebebi do\u011falgaz boru \u00e7izgisi. Ukrayna&#8217;ya sizi AB&#8217;ye alaca\u011f\u0131z dediler. Turuncu ihtilal tabir edilen ihtilali ger\u00e7ekle\u015ftirdiler. Rusya-Ukrayna ortas\u0131ndaki iti\u015f kak\u0131\u015f devam ederken Zelenskiy&#8217;i iktidara getirdiler. Zelenskiy asl\u0131nda bir otel animat\u00f6r\u00fc idi. Bizim Antalya&#8217;daki tatil k\u00f6ylerinde animat\u00f6rl\u00fck yap\u0131yordu. Dizi oyuncusuydu Halk\u0131n Hizmetkar\u0131 diye bir dizi. 2019 y\u0131lba\u015f\u0131 gecesinde ekrana \u00e7\u0131k\u0131p Cumhurba\u015fkanl\u0131\u011f\u0131na aday oluyor. Dizinin yay\u0131nland\u0131\u011f\u0131 1+1 kanal\u0131n\u0131n sahibi Yahudi k\u00f6kenli bir Ukraynal\u0131, GKRY ve \u0130srail vatanda\u015f\u0131 tam bir oligark. Ukrayna Yahudi Cemaati Ba\u015fkan\u0131 ve 2004 y\u0131l\u0131ndaki Turuncu ihtilal s\u0131ras\u0131nda ihtilali ger\u00e7ekle\u015ftiren Soros\u00e7u siyaset\u00e7ilerin finans\u00f6r\u00fc. Art\u0131k de d\u00f6n\u00fcp bu komedyenin kuklac\u0131s\u0131. Zelenskiy 2019 y\u0131lba\u015f\u0131na kadar siyasetle alakas\u0131 yok ancak \u00fc\u00e7 ay i\u00e7erisinde Ukrayna halk\u0131na bunu o denli bir ambalajl\u0131yorlar ki, dizideki devlet ba\u015fkan\u0131 imaj\u0131yla adam\u0131 y\u00fczde 74 oyla devlet ba\u015fkan\u0131 se\u00e7iyorlar.&#8221;<\/p>\n<p><img decoding=\"async\" src=\"https:\/\/ikimisli.tr\/wp-content\/uploads\/2025\/10\/yilmaz-ozdilden-erdogan-trump-gorusmesiyle-ilgili-carpici-yorum-1-MvVhr62N.jpeg\"\/><\/p>\n<p><b>&#8216;ABD VE CIA MERKEL&#8217;\u0130N D\u0130NLED\u0130&#8217;<\/b><\/p>\n<p>&#8220;- Ukrayna&#8217;da ihtilal olur olmaz Rusya&#8217;ya kar\u015f\u0131 ba\u015fkald\u0131r\u0131 ba\u015fl\u0131yor. 2005 y\u0131l\u0131nda stratejik bir do\u011falgaz boru \u00e7izgisi projesi ba\u015fl\u0131yor. Ukrayna&#8217;y\u0131 devre d\u0131\u015f\u0131 b\u0131rakmak i\u00e7in Kuzey Ak\u0131m 1 ismi verilen proje ba\u015fl\u0131yor. Bunu sa\u011flayan da Angela Merkel. Merkel bildi\u011fimiz \u00fczere ba\u015far\u0131l\u0131 bir siyaset\u00e7i. Hem NATO&#8217;nun yan\u0131nda hem AB lokomotifi hem de hayata Berlin penceresinden bak\u0131p kendi \u00fclkesinin \u00e7\u0131karlar\u0131n\u0131 d\u00fc\u015f\u00fcn\u00fcyor. 2013 y\u0131l\u0131nda Snowden Rusya&#8217;ya s\u0131\u011f\u0131n\u0131nca dok\u00fcmanlar de\u015fifre olmu\u015ftu. Orada Merkel&#8217;in dinlendi\u011fi ortaya \u00e7\u0131km\u0131\u015ft\u0131. Kuzey Ak\u0131m projesinin tamamlanaca\u011f\u0131 devirde Aral\u0131k 2021&#8217;de Merkel&#8217;in misyon m\u00fcddeti doldu. Merkel hasta oldu eli aya\u011f\u0131 titremeye ba\u015flad\u0131. Merkel emekli edildi. Yaln\u0131zca \u00fc\u00e7 ay sonra Ukrayna-Rusya sava\u015f\u0131 ba\u015flad\u0131.  Her \u015fey birbirine ba\u011fl\u0131. Burada dikkat edilmesi gereken bir nokta var. <\/p>\n<p><b>&#8216;T\u00dcRK MEDYASI ZELENSK\u0130YC\u0130 OLMU\u015eTU&#8217;<\/b><\/p>\n<p>&#8220;- Zelenskiy ve Rusya sava\u015fa girince T\u00fcrkiye&#8217;de ne kadar ikinci Cumhuriyet\u00e7i gazete, Amerikanc\u0131 gazete varsa hepsi Kiev&#8217;e gitti. Zelenskiy yanl\u0131s\u0131 yay\u0131nlar\u0131 ABD medyas\u0131ndan daha a\u011f\u0131r bir bombard\u0131manla verdiler T\u00fcrk halk\u0131na kar\u015f\u0131. Herkes bir anda Zelenskiyci oldu, Putin d\u00fc\u015fman\u0131 oldu. Bizle alakal\u0131 olmayan bir kap\u0131\u015fmada biz Ukraynac\u0131 olduk. Merkel&#8217;in yerine Ba\u015fbakan olan adam sava\u015f ba\u015flad\u0131\u011f\u0131 g\u00fcn Kuzey Ak\u0131m&#8217;\u0131 durduruyoruz dedi. \u015euan da AB, Rusya&#8217;dan almad\u0131\u011f\u0131 gaz\u0131 Norve\u00e7, ABD ve Katar&#8217;dan al\u0131yor.&#8221;<\/p>\n<p>&#8220;- Rusya do\u011falgaz ve petrolden her y\u0131l 210 Milyar dolar gelir elde ediyor. Rusya bununla d\u00f6n\u00fcyor. Bunu Avrupa taraf\u0131ndan kestiler. Rusya&#8217;n\u0131n en b\u00fcy\u00fck do\u011falgaz ihra\u00e7 etti\u011fi \u00fclkelerden biri de biziz. Art\u0131k Trump diyor ki, &#8216;2045&#8217;e kadar ben s\u0131v\u0131la\u015ft\u0131r\u0131lm\u0131\u015f do\u011falgaz verece\u011fim sen de Rusya&#8217;dan alma.&#8217; Avrupa&#8217;dan gelen hatta t\u0131pay\u0131 takt\u0131lar art\u0131k de T\u00fcrkiye&#8217;den gelen gaza t\u0131pa tak\u0131yorlar.<\/p>\n<p><b>&#8216;KIBRIS RUM KISMINDA KONU\u015eLU \u015e\u0130RKETTEN GAZ ALACA\u011eIZ&#8217;<\/b><\/p>\n<p>&#8220;- T\u00fcrkiye&#8217;nin New York&#8217;ta yapt\u0131\u011f\u0131 mutabakatla do\u011falgaz alacak. \u0130ki \u015firket arac\u0131l\u0131\u011f\u0131yla yap\u0131lacak. \u0130svi\u00e7re merkezli Mercur\u0131a isminde bir \u015firket deniyor. K\u0131br\u0131s Rum B\u00f6l\u00fcm\u00fcnde konu\u015flu bir \u015firket bu. Larnaka&#8217;da. D\u00fcnyan\u0131n pek \u00e7ok \u00fclkesinde ofisi var. Rum \u015firketi de\u011fil ancak Rum K\u0131sm\u0131 \u00fczerinde konu\u015flu bir \u015firket. Burada K\u0131br\u0131s Rum B\u00f6l\u00fcm\u00fc g\u00fcneyinde do\u011falgaz ve petrol \u00e7\u0131kar\u0131yorlar.&#8221;<\/p>\n<p><b>&#8216;TSK 2009 YILINDA TEHD\u0130D\u0130 SAPTAMI\u015eTI&#8217;<\/b><\/p>\n<p>&#8220;- ABD Sovyetler devrinde bir gol yemi\u015fti. Bug\u00fcn t\u00fcm Ortado\u011fu&#8217;da haritalar tekrar \u00e7izilirken g\u00fc\u00e7 s\u0131n\u0131rlar\u0131 da yenileniyor. Asl\u0131nda olan bu. Rusya&#8217;ya ekonomik olarak ku\u015fat\u0131yorlar. Bence burada \u00e7ok hayati bir not var. Bak\u0131n 2009 y\u0131l\u0131nda Ukrayna&#8217;da turuncu ihtilal olmu\u015f. Mavi Akim problemi var. 2009 y\u0131l\u0131nda Harp Akademileri Komutanl\u0131\u011f\u0131nda G\u00fc\u00e7 G\u00fcvenli\u011fi bahisli sempozyum var. Balyoz ve TSK&#8217;y\u0131 neden y\u0131kt\u0131klar\u0131n\u0131 anlayaca\u011f\u0131z. Silahl\u0131 Kuvvetler diyor ki, petrol ve do\u011falgaz silah olarak kullan\u0131lacak. Bu tespiti yap\u0131yorlar. Bu do\u011frultuda strateji belirlemek \u00fczere sempozyum yap\u0131l\u0131yor. Hark Akademileri d\u00fczenliyor lakin kat\u0131lan herkes sivil zira petrol ve do\u011falgazla ilgili bireyler var. Memleketler aras\u0131 devlerin yetkililer, d\u00fcnya \u00e7ap\u0131nda ekonomistler kat\u0131l\u0131yor. Tam sempozyumun ba\u015flayaca\u011f\u0131 g\u00fcn Harp Akademileri kap\u0131s\u0131nda bomba patl\u0131yor.&#8221;<\/p>\n<p><b>&#8216;KATILAN \u00dc\u00c7 SUBAY BALYOZ \u0130FT\u0130RASINA MARUZ KALDI&#8217;<\/b><\/p>\n<p>&#8220;- O g\u00fcn o sempozyuma kat\u0131lan herkesi bat\u0131rd\u0131lar. O sempozyumu yapan Enerji Bakan\u0131 g\u00f6revden al\u0131nd\u0131. \u00dc\u00e7 subay kat\u0131l\u0131yor ve kat\u0131lan \u00fc\u00e7 subay \u00e7abucak \u00e7ok k\u0131sa m\u00fcddet sonra Balyoz iftiras\u0131 ile mahpusa at\u0131ld\u0131. Bu sempozyumu d\u00fczenleyen, kat\u0131lanlar\u0131n ba\u015f\u0131na gelmeyen kalm\u0131yor&#8221;<\/p>\n","protected":false},"excerpt":{"rendered":"<p>Konu\u015fulmayanlar, unutturulmak istenenler, saklanan ger\u00e7ekler K\u0131rm\u0131z\u0131 Beyaz\u2019da masaya yat\u0131r\u0131l\u0131yor&#8230; T\u00fcrkiye\u2019nin cesaretli kalemlerinden S\u00f6zc\u00fc Muharriri Y\u0131lmaz \u00d6zdil, \u0130pek \u00d6zbey\u2019in sorular\u0131n\u0131 yan\u0131tl\u0131yor, haf\u0131zalar\u0131 tazeliyor. S\u00d6ZC\u00dc Gazetesi m\u00fcellifi Y\u0131lmaz \u00d6zdil, ABD&#8217;de ger\u00e7ekle\u015fen Trump-Erdo\u011fan g\u00f6r\u00fc\u015fmesi ve Trump&#8217;\u0131n &#8220;Rus do\u011falgaz\u0131 almay\u0131n&#8221; davetini yorumlad\u0131<\/p>\n","protected":false},"author":1,"featured_media":84308,"comment_status":"open","ping_status":"open","sticky":false,"template":"","format":"standard","meta":{"footnotes":""},"categories":[25],"tags":[82,2525,566,113,201],"class_list":["post-84307","post","type-post","status-publish","format-standard","has-post-thumbnail","hentry","category-gundem","tag-abd","tag-dogalgaz","tag-rusya","tag-turkiye","tag-ukrayna"],"_links":{"self":[{"href":"https:\/\/ikimisli.tr\/index.php\/wp-json\/wp\/v2\/posts\/84307","targetHints":{"allow":["GET"]}}],"collection":[{"href":"https:\/\/ikimisli.tr\/index.php\/wp-json\/wp\/v2\/posts"}],"about":[{"href":"https:\/\/ikimisli.tr\/index.php\/wp-json\/wp\/v2\/types\/post"}],"author":[{"embeddable":true,"href":"https:\/\/ikimisli.tr\/index.php\/wp-json\/wp\/v2\/users\/1"}],"replies":[{"embeddable":true,"href":"https:\/\/ikimisli.tr\/index.php\/wp-json\/wp\/v2\/comments?post=84307"}],"version-history":[{"count":1,"href":"https:\/\/ikimisli.tr\/index.php\/wp-json\/wp\/v2\/posts\/84307\/revisions"}],"predecessor-version":[{"id":84311,"href":"https:\/\/ikimisli.tr\/index.php\/wp-json\/wp\/v2\/posts\/84307\/revisions\/84311"}],"wp:featuredmedia":[{"embeddable":true,"href":"https:\/\/ikimisli.tr\/index.php\/wp-json\/wp\/v2\/media\/84308"}],"wp:attachment":[{"href":"https:\/\/ikimisli.tr\/index.php\/wp-json\/wp\/v2\/media?parent=84307"}],"wp:term":[{"taxonomy":"category","embeddable":true,"href":"https:\/\/ikimisli.tr\/index.php\/wp-json\/wp\/v2\/categories?post=84307"},{"taxonomy":"post_tag","embeddable":true,"href":"https:\/\/ikimisli.tr\/index.php\/wp-json\/wp\/v2\/tags?post=84307"}],"curies":[{"name":"wp","href":"https:\/\/api.w.org\/{rel}","templated":true}]}}