{"id":84417,"date":"2025-10-02T00:31:20","date_gmt":"2025-10-02T00:31:20","guid":{"rendered":"https:\/\/ikimisli.tr\/?p=84417"},"modified":"2025-10-02T00:31:20","modified_gmt":"2025-10-02T00:31:20","slug":"duayen-gazeteci-necati-zincirkiran-hayatini-kaybetti","status":"publish","type":"post","link":"https:\/\/ikimisli.tr\/index.php\/2025\/10\/02\/duayen-gazeteci-necati-zincirkiran-hayatini-kaybetti\/","title":{"rendered":"Duayen gazeteci Necati Zincirk\u0131ran hayat\u0131n\u0131 kaybetti"},"content":{"rendered":"<p>D\u00f6neminin k\u0131ymetli gazetecilerinden biri olan Necati Zincirk\u0131ran, II. D\u00fcnya Sava\u015f\u0131 y\u0131llar\u0131nda Heybeliada\u2019dan Mersin\u2019e nakledilen Heybeliada Deniz Lisesi\u2019nde okudu. S\u0131hhat sorunu y\u00fcz\u00fcnden oradan ayr\u0131ld\u0131ktan sonra e\u011fitimine \u0130ngiltere\u2019de Denizcilik Bankas\u0131 bursu ile devam etti. Uzak yol kaptan\u0131 oldu ve Deniz Hukuku y\u00fckl\u00fc y\u00fcksek lisans yapt\u0131. Londra Gazetecilik Okulu\u2019nun derslerini uzaktan takip ederek sertifika ald\u0131.<\/p>\n<p>1950&#8217;li y\u0131llarda muhabirli\u011fe ba\u015flad\u0131\u011f\u0131 H\u00fcrriyet gazetesinde evvel Ankara Temsilcisi oldu, akabinde 1960&#8217;l\u0131 y\u0131llarda Genel Yay\u0131n Y\u00f6netmeni olarak vazife yapt\u0131. 1969 y\u0131l\u0131nda H\u00fcrriyet&#8217;ten ayr\u0131ld\u0131ktan sonra G\u00fcnayd\u0131n gazetesinde Genel Yay\u0131n Direkt\u00f6rl\u00fc\u011f\u00fc misyonunu \u00fcstlendi.<\/p>\n<p>Ayn\u0131 vakitte H\u00fcrriyet Haber Ajans\u0131\u2019n\u0131n kurucusu olan Zincirk\u0131ran, 1981-1986 y\u0131llar\u0131 ortas\u0131nda da Anadolu Ajans\u0131\u2019n\u0131n Y\u00f6netim Kurulu Lideri olarak misyon yapt\u0131.<\/p>\n<p>Zincirk\u0131ran, 1965-1968 y\u0131llar\u0131 aras\u0131nda\u00a0Sadun Boro\u00a0ve e\u015fi\u00a0Oda&#8217;n\u0131n T\u00fcrkiye&#8217;den birinci yelkenci olarak yapt\u0131\u011f\u0131 d\u00fcnya cinsini telgraflarla H\u00fcrriyet&#8217;te yay\u0131mlad\u0131. 10,3 metrelik yelkenli K\u0131smet&#8217;le yap\u0131lan ve liman liman H\u00fcrriyet&#8217;te yay\u0131mlanan d\u00fcnya tipi T\u00fcrkiye i\u00e7in amat\u00f6r denizcilikte bir d\u00f6n\u00fcm noktas\u0131 oldu.<\/p>\n<p><b><span>TGC&#8217;den ba\u015fsa\u011fl\u0131\u011f\u0131 mesaj\u0131<\/span><\/b><\/p>\n<p>T\u00fcrkiye Gazeteciler Cemiyeti (TGC), \u00fcyesi olan Necati Zincirk\u0131ran&#8217;\u0131n akabinde ba\u015fsa\u011fl\u0131\u011f\u0131 bildirisi yay\u0131mlayarak, \u015funlar\u0131 kaydetti:<\/p>\n<p>&#8220;De\u011ferli meslekta\u015f\u0131m\u0131z Necati Zincirk\u0131ran\u2019\u0131 kaybetmenin h\u00fczn\u00fc i\u00e7indeyiz. \u00c7ok uzun y\u0131llar muhabir, haber m\u00fcd\u00fcr\u00fc, genel yay\u0131n y\u00f6netmeni ve muharrir olarak gazetecilik mesle\u011fine hizmet eden Necati Zincirk\u0131ran\u2019\u0131n ailesine ve bas\u0131n toplulu\u011fumuza ba\u015f s\u0131hhati ve sab\u0131r diliyoruz.\u201d<\/p>\n<p><b><span>Zincirk\u0131ran kimdir?<\/span><\/b><\/p>\n<p>4 Aral\u0131k 1929&#8217;da \u0130stanbul\u2019da d\u00fcnyaya geldi. II. D\u00fcnya Sava\u015f\u0131 y\u0131llar\u0131nda Heybeliada\u2019dan Mersin\u2019e nakledilen Heybeliada Deniz Lisesi\u2019nde okudu. S\u0131hhat sorunu y\u00fcz\u00fcnden oradan ayr\u0131ld\u0131ktan sonra e\u011fitimine \u0130ngiltere\u2019de Denizcilik Bankas\u0131 bursu ile devam etti. Uzak yol kaptan\u0131 oldu ve Deniz Hukuku y\u00fckl\u00fc y\u00fcksek lisans yapt\u0131. Bu ortada Londra Gazetecilik Okulu\u2019nun derslerini uzaktan takip ederek sertifika ald\u0131.<\/p>\n<p>1950\u2019de T\u00fcrkiye\u2019ye d\u00f6nd\u00fc\u011f\u00fcnde gazetecili\u011fe ba\u015flad\u0131. 1951\u2019de Amerika Birle\u015fik Devletleri Columbia \u00dcniversitesi\u2019nde yeti\u015fkin gazetecilerin e\u011fitimi ile ilgili bir kurs ald\u0131. H\u00fcrriyet\u2019te 1952 y\u0131llar\u0131nda Ortado\u011fu muhabiri, 1957\u2019de Ankara Temsilcisi, 1960\u2019ta Genel Yay\u0131n M\u00fcd\u00fcr\u00fc oldu. H\u00fcrriyet Haber Ajans\u0131\u2019n\u0131n kurucusu oldu. 1969\u2019da H\u00fcrriyet Gazetesi\u2018nden ayr\u0131ld\u0131.<\/p>\n<p>G\u00fcnayd\u0131n Gazetesi\u2018nde genel yay\u0131n y\u00f6netmeni olarak vazife ald\u0131. 1981-1986 y\u0131llar\u0131 ortas\u0131nda Anadolu Ajans\u0131\u2019n\u0131n Y\u00f6netim Kurulu Lideri olarak misyon yapt\u0131.1990 y\u0131l\u0131ndan itibaren Medya Holding\u2019de ba\u015f dan\u0131\u015fmanl\u0131k ve Sabah Gazetesi\u2019nde m\u00fcelliflik yapt\u0131. 2003\u2019te emekli oldu. \u00c7e\u015fitli yelken yar\u0131\u015flar\u0131nda komodorluk yapt\u0131. \u0130ngilizce ve Almanca biliyordu. Evli ve iki erkek \u00e7ocuk sahibiydi. Daima bas\u0131n kart\u0131 ve Burhan Felek Bas\u0131n Hizmet m\u00fckafat\u0131 sahibiydi.<\/p>\n","protected":false},"excerpt":{"rendered":"<p>Eski H\u00fcrriyet ve G\u00fcnayd\u0131n Genel Yay\u0131n Y\u00f6netmeni, Anadolu Ajans\u0131 (AA) Y\u00f6netim Kurulu Lideri, daima bas\u0131n kart\u0131 ile Burhan Felek M\u00fckafat\u0131 sahibi gazeteci ve denizci\u00a0Necati Zincirk\u0131ran, 96 ya\u015f\u0131nda hayat\u0131n\u0131 kaybetti.<\/p>\n","protected":false},"author":1,"featured_media":84418,"comment_status":"open","ping_status":"open","sticky":false,"template":"","format":"standard","meta":{"footnotes":""},"categories":[25],"tags":[497,105,6338,9421,9422],"class_list":["post-84417","post","type-post","status-publish","format-standard","has-post-thumbnail","hentry","category-gundem","tag-bas","tag-deniz","tag-hurriyet","tag-yapti","tag-yillari"],"_links":{"self":[{"href":"https:\/\/ikimisli.tr\/index.php\/wp-json\/wp\/v2\/posts\/84417","targetHints":{"allow":["GET"]}}],"collection":[{"href":"https:\/\/ikimisli.tr\/index.php\/wp-json\/wp\/v2\/posts"}],"about":[{"href":"https:\/\/ikimisli.tr\/index.php\/wp-json\/wp\/v2\/types\/post"}],"author":[{"embeddable":true,"href":"https:\/\/ikimisli.tr\/index.php\/wp-json\/wp\/v2\/users\/1"}],"replies":[{"embeddable":true,"href":"https:\/\/ikimisli.tr\/index.php\/wp-json\/wp\/v2\/comments?post=84417"}],"version-history":[{"count":1,"href":"https:\/\/ikimisli.tr\/index.php\/wp-json\/wp\/v2\/posts\/84417\/revisions"}],"predecessor-version":[{"id":84419,"href":"https:\/\/ikimisli.tr\/index.php\/wp-json\/wp\/v2\/posts\/84417\/revisions\/84419"}],"wp:featuredmedia":[{"embeddable":true,"href":"https:\/\/ikimisli.tr\/index.php\/wp-json\/wp\/v2\/media\/84418"}],"wp:attachment":[{"href":"https:\/\/ikimisli.tr\/index.php\/wp-json\/wp\/v2\/media?parent=84417"}],"wp:term":[{"taxonomy":"category","embeddable":true,"href":"https:\/\/ikimisli.tr\/index.php\/wp-json\/wp\/v2\/categories?post=84417"},{"taxonomy":"post_tag","embeddable":true,"href":"https:\/\/ikimisli.tr\/index.php\/wp-json\/wp\/v2\/tags?post=84417"}],"curies":[{"name":"wp","href":"https:\/\/api.w.org\/{rel}","templated":true}]}}