{"id":84727,"date":"2025-10-02T18:31:17","date_gmt":"2025-10-02T18:31:17","guid":{"rendered":"https:\/\/ikimisli.tr\/?p=84727"},"modified":"2025-10-02T18:31:17","modified_gmt":"2025-10-02T18:31:17","slug":"bakan-tunctan-suca-suruklenen-cocuk-acilamasi","status":"publish","type":"post","link":"https:\/\/ikimisli.tr\/index.php\/2025\/10\/02\/bakan-tunctan-suca-suruklenen-cocuk-acilamasi\/","title":{"rendered":"Bakan Tun\u00e7&#8217;tan &#8216;su\u00e7a s\u00fcr\u00fcklenen \u00e7ocuk&#8217; a\u00e7\u0131lamas\u0131"},"content":{"rendered":"<p>Adalet Bakan\u0131 Y\u0131lmaz Tun\u00e7, 28. Periyot TBMM\u2019nin 4 Yasama Y\u0131l\u0131\u2019n\u0131n A\u00e7\u0131l\u0131\u015f Oturumu \u00f6ncesi yapt\u0131\u011f\u0131 a\u00e7\u0131klamada, su\u00e7a s\u00fcr\u00fcklenen \u00e7ocuklar d\u00fczenlemesiyle ilgili k\u0131ymetli bilgiler verdi.<\/p>\n<p>Tun\u00e7, &#8220;Burada sorun olan 15-18 ya\u015f k\u00fcmesi. Bununla ilgili ya\u015f\u0131n b\u00fcy\u00fcmesi, fizik\u00ee durumu, m\u00fckerrir durumu ve taamm\u00fcden \u00f6ld\u00fcrme hatalar\u0131nda yarg\u0131\u00e7lar\u0131m\u0131za takdir yetkisinin verilmesinin hakikat olaca\u011f\u0131n\u0131 d\u00fc\u015f\u00fcnd\u00fck, taslak tekliflerimizi de Meclis k\u00fcmemize arz ettik&#8221; dedi.<\/p>\n<p>Yeni yarg\u0131 paketleri hakk\u0131nda da konu\u015fan Bakan Tun\u00e7, &#8220;\u015eimdi g\u00fcndemde 11. yarg\u0131 paketi var. 11. yarg\u0131 paketinde bilhassa toplumsal huzur ve bar\u0131\u015f\u0131 bozmaya y\u00f6nelik c\u00fcr\u00fcmlerin \u00f6nlenmesi bak\u0131m\u0131ndan hem soru\u015fturma hem kovu\u015fturma a\u00e7\u0131s\u0131ndan yap\u0131labilecek d\u00fczenlemeler var. Tekrar bili\u015fim hatalar\u0131n\u0131n bilhassa vatanda\u015flar\u0131 ma\u011fdur eden sanal bahis \u00fczere, sanal kumar \u00fczere konular\u0131n \u00f6nlenmesine y\u00f6nelik ta\u015f\u0131nabilir s\u0131n\u0131rlarla doland\u0131r\u0131c\u0131l\u0131k, bili\u015fim yoluyla doland\u0131r\u0131c\u0131l\u0131\u011f\u0131n \u00f6nlenmesine y\u00f6nelik k\u0131ymetli taslaklar\u0131m\u0131z var. Bunlar\u0131 Meclis k\u00fcmemize arz ettik. Tekrar hukuk yarg\u0131lamalar\u0131nda onu da 11. yarg\u0131 paketi olarak de\u011ferlendirebiliriz&#8221; tabirlerini kulland\u0131.<\/p>\n<p>\u00a0<\/p>\n","protected":false},"excerpt":{"rendered":"<p>Meclis&#8217;teki resepsiyonunda gazetecilerin sorular\u0131n\u0131 yan\u0131tlayan Bakan Tun\u00e7, su\u00e7a s\u00fcr\u00fcklenen \u00e7ocuklarla ilgili a\u00e7\u0131klama yapt\u0131.<\/p>\n","protected":false},"author":1,"featured_media":84728,"comment_status":"open","ping_status":"open","sticky":false,"template":"","format":"standard","meta":{"footnotes":""},"categories":[25],"tags":[1019],"class_list":["post-84727","post","type-post","status-publish","format-standard","has-post-thumbnail","hentry","category-gundem","tag-yargi"],"_links":{"self":[{"href":"https:\/\/ikimisli.tr\/index.php\/wp-json\/wp\/v2\/posts\/84727","targetHints":{"allow":["GET"]}}],"collection":[{"href":"https:\/\/ikimisli.tr\/index.php\/wp-json\/wp\/v2\/posts"}],"about":[{"href":"https:\/\/ikimisli.tr\/index.php\/wp-json\/wp\/v2\/types\/post"}],"author":[{"embeddable":true,"href":"https:\/\/ikimisli.tr\/index.php\/wp-json\/wp\/v2\/users\/1"}],"replies":[{"embeddable":true,"href":"https:\/\/ikimisli.tr\/index.php\/wp-json\/wp\/v2\/comments?post=84727"}],"version-history":[{"count":1,"href":"https:\/\/ikimisli.tr\/index.php\/wp-json\/wp\/v2\/posts\/84727\/revisions"}],"predecessor-version":[{"id":84729,"href":"https:\/\/ikimisli.tr\/index.php\/wp-json\/wp\/v2\/posts\/84727\/revisions\/84729"}],"wp:featuredmedia":[{"embeddable":true,"href":"https:\/\/ikimisli.tr\/index.php\/wp-json\/wp\/v2\/media\/84728"}],"wp:attachment":[{"href":"https:\/\/ikimisli.tr\/index.php\/wp-json\/wp\/v2\/media?parent=84727"}],"wp:term":[{"taxonomy":"category","embeddable":true,"href":"https:\/\/ikimisli.tr\/index.php\/wp-json\/wp\/v2\/categories?post=84727"},{"taxonomy":"post_tag","embeddable":true,"href":"https:\/\/ikimisli.tr\/index.php\/wp-json\/wp\/v2\/tags?post=84727"}],"curies":[{"name":"wp","href":"https:\/\/api.w.org\/{rel}","templated":true}]}}