{"id":84759,"date":"2025-10-02T20:31:19","date_gmt":"2025-10-02T20:31:19","guid":{"rendered":"https:\/\/ikimisli.tr\/?p=84759"},"modified":"2025-10-02T20:31:19","modified_gmt":"2025-10-02T20:31:19","slug":"sohbetle-basladi-dehsetle-bitti-2-arkadasini-sokak-ortasinda-katletti","status":"publish","type":"post","link":"https:\/\/ikimisli.tr\/index.php\/2025\/10\/02\/sohbetle-basladi-dehsetle-bitti-2-arkadasini-sokak-ortasinda-katletti\/","title":{"rendered":"Sohbetle ba\u015flad\u0131, deh\u015fetle bitti: 2 arkada\u015f\u0131n\u0131 sokak ortas\u0131nda katletti"},"content":{"rendered":"<p>Olay, saat 18.30 s\u0131ralar\u0131nda il\u00e7eye ba\u011fl\u0131 Hask\u00f6y\u2019de meydana geldi. Teze nazaran \u0130.U., k\u00f6y meydan\u0131nda bulunan k\u0131raathanenin yan\u0131ndaki bir d\u00fckkanda Necati Sunar ve Erman Korkmaz ile bulu\u015farak, sohbet etmeye ba\u015flad\u0131.<\/p>\n<p><img decoding=\"async\" src=\"https:\/\/ikimisli.tr\/wp-content\/uploads\/2025\/10\/sohbetle-basladi-dehsetle-bitti-2-arkadasini-sokak-ortasinda-katletti-0-nsvCZJbt.jpg\"\/><\/p>\n<p><b>EL\u0130NDEN T\u00dcFE\u011e\u0130 ALMAK \u0130STERKEN VURULDU<\/b><\/p>\n<p>Bir m\u00fcddet sonra \u0130.U. ile Korkmaz ortas\u0131nda tart\u0131\u015fma \u00e7\u0131kt\u0131. Tart\u0131\u015fma d\u00fckkan\u0131n \u00f6n\u00fcnde devam ederken \u0130.U., motosikletinin gerisinde bulunan av t\u00fcfe\u011fini ald\u0131. Necati Sunar, \u0130.U.\u2019yu sakinle\u015ftirmek isteyip, elindeki t\u00fcfe\u011fi almak istedi.<\/p>\n<p><img decoding=\"async\" src=\"https:\/\/ikimisli.tr\/wp-content\/uploads\/2025\/10\/sohbetle-basladi-dehsetle-bitti-2-arkadasini-sokak-ortasinda-katletti-1-WUYiuy57.jpg\"\/><\/p>\n<p><b>\u0130K\u0130S\u0130 DE HAYATINI KAYBETT\u0130<\/b><\/p>\n<p>Necati Sunar, silah\u0131 almak isterken av t\u00fcfe\u011finin ate\u015f almas\u0131 sonucu vuruldu. \u0130.U. daha sonra ise Erman Korkmaz\u2019a ate\u015f etti. Sunar ve Korkmaz kanlar i\u00e7erisinde y\u0131\u011f\u0131l\u0131rken, etraftakilerin ihbar\u0131 \u00fczerine olay yerine jandarma ve s\u0131hhat tak\u0131mlar\u0131 sevk edildi. Tak\u0131mlarca yap\u0131lan denetimde Necati Sunar ve Erman Korkmaz\u2019\u0131n \u00f6mr\u00fcn\u00fc yitirdi\u011fi belirlendi.<\/p>\n<p><img decoding=\"async\" src=\"https:\/\/ikimisli.tr\/wp-content\/uploads\/2025\/10\/sohbetle-basladi-dehsetle-bitti-2-arkadasini-sokak-ortasinda-katletti-2-5f7qSFqf.jpg\"\/><\/p>\n<p>\u0130.U. ise jandarma tak\u0131mlar\u0131nca g\u00f6zalt\u0131na al\u0131nd\u0131. Sunar ve Korkmaz\u2019\u0131n cenazesi, n\u00f6bet\u00e7i savc\u0131 ve jandarman\u0131n incelemesinin akabinde otopsi i\u00e7in Edirne \u0130simli T\u0131p Kurumu\u2019na g\u00f6nderildi.<\/p>\n<p>Olayla ilgili ba\u015flat\u0131lan soru\u015fturma s\u00fcrd\u00fcr\u00fcl\u00fcyor.<\/p>\n","protected":false},"excerpt":{"rendered":"<p>Edirne&#8217;nin Enez il\u00e7esinde \u0130.U., arkada\u015flar\u0131 Necati Sunar ve Erman Korkmaz\u2019\u0131 k\u00f6y meydan\u0131nda av t\u00fcfe\u011fiyle vurarak \u00f6ld\u00fcrd\u00fc. Sunar\u2019\u0131n \u00e7\u0131kan tart\u0131\u015fma sonras\u0131 ortaya girmek isterken t\u00fcfe\u011fin ate\u015f almas\u0131yla vurularak \u00f6ld\u00fc\u011f\u00fc, \u0130.U.\u2019nun daha sonra Korkmaz\u2019\u0131 da vurarak \u00f6ld\u00fcrd\u00fc\u011f\u00fc \u00f6\u011frenildi.<\/p>\n","protected":false},"author":1,"featured_media":84760,"comment_status":"open","ping_status":"open","sticky":false,"template":"","format":"standard","meta":{"footnotes":""},"categories":[25],"tags":[2250,7813],"class_list":["post-84759","post","type-post","status-publish","format-standard","has-post-thumbnail","hentry","category-gundem","tag-korkmaz","tag-sunar"],"_links":{"self":[{"href":"https:\/\/ikimisli.tr\/index.php\/wp-json\/wp\/v2\/posts\/84759","targetHints":{"allow":["GET"]}}],"collection":[{"href":"https:\/\/ikimisli.tr\/index.php\/wp-json\/wp\/v2\/posts"}],"about":[{"href":"https:\/\/ikimisli.tr\/index.php\/wp-json\/wp\/v2\/types\/post"}],"author":[{"embeddable":true,"href":"https:\/\/ikimisli.tr\/index.php\/wp-json\/wp\/v2\/users\/1"}],"replies":[{"embeddable":true,"href":"https:\/\/ikimisli.tr\/index.php\/wp-json\/wp\/v2\/comments?post=84759"}],"version-history":[{"count":1,"href":"https:\/\/ikimisli.tr\/index.php\/wp-json\/wp\/v2\/posts\/84759\/revisions"}],"predecessor-version":[{"id":84764,"href":"https:\/\/ikimisli.tr\/index.php\/wp-json\/wp\/v2\/posts\/84759\/revisions\/84764"}],"wp:featuredmedia":[{"embeddable":true,"href":"https:\/\/ikimisli.tr\/index.php\/wp-json\/wp\/v2\/media\/84760"}],"wp:attachment":[{"href":"https:\/\/ikimisli.tr\/index.php\/wp-json\/wp\/v2\/media?parent=84759"}],"wp:term":[{"taxonomy":"category","embeddable":true,"href":"https:\/\/ikimisli.tr\/index.php\/wp-json\/wp\/v2\/categories?post=84759"},{"taxonomy":"post_tag","embeddable":true,"href":"https:\/\/ikimisli.tr\/index.php\/wp-json\/wp\/v2\/tags?post=84759"}],"curies":[{"name":"wp","href":"https:\/\/api.w.org\/{rel}","templated":true}]}}