{"id":84967,"date":"2025-10-03T07:55:21","date_gmt":"2025-10-03T07:55:21","guid":{"rendered":"https:\/\/ikimisli.tr\/?p=84967"},"modified":"2025-10-03T07:55:21","modified_gmt":"2025-10-03T07:55:21","slug":"milasta-kapatilan-tas-ocaginin-ruhsat-oyunu","status":"publish","type":"post","link":"https:\/\/ikimisli.tr\/index.php\/2025\/10\/03\/milasta-kapatilan-tas-ocaginin-ruhsat-oyunu\/","title":{"rendered":"Milas\u2019ta kapat\u0131lan ta\u015f oca\u011f\u0131n\u0131n  ruhsat oyunu"},"content":{"rendered":"<div>Mu\u011fla\u2019n\u0131n Milas il\u00e7esine ba\u011fl\u0131 Aslanyaka K\u00f6y\u00fc\u2019nde\u00a0 2004 y\u0131l\u0131nda a\u00e7\u0131lan ve b\u00f6lgedeki k\u00f6yl\u00fclerin hayat alanlar\u0131 ile ormanl\u0131k alanlar\u0131 cehenneme \u00e7evirdikten sonra Mu\u011fla 3. Y\u00f6netim Mahkemesi \u00a0taraf\u0131ndan \u00c7ED Gerekli De\u011fildir karar\u0131 iptal edilen ve Dan\u0131\u015ftay taraf\u0131ndan karar\u0131 onaylanan ta\u015f oca\u011f\u0131 birebir yerden yaln\u0131zca 100 metre uzakta yeni ta\u015f oca\u011f\u0131 i\u00e7ini te\u015febb\u00fcste bulundu.<\/div>\n<div>\u00a0<\/div>\n<div>B\u00f6lgeyi ziyaret ederek k\u00f6yl\u00fclerle g\u00f6r\u00fc\u015fen DEM\u00a0 \u0130zmir Milletvekili \u0130brahim Ak\u0131n, uzman raporlar\u0131nda b\u00f6lgenin madencilik faaliyetlerine uygun olmad\u0131\u011f\u0131, bu \u00e7e\u015fit faaliyetlerin su varl\u0131klar\u0131 ve yaban hayat\u0131 \u00fczerinde olumsuz tesirler yarataca\u011f\u0131 belirtilmesine kar\u015f\u0131n birebir \u015firket, s\u0131rf 100 metre uzakl\u0131ktaki di\u011fer bir parsel i\u00e7in tekrar ruhsat ba\u015fvurusu yapt\u0131\u011f\u0131n\u0131 belirterek Tar\u0131m ve Orman \u00a0ile G\u00fc\u00e7 Ve Al\u0131\u015f\u0131lm\u0131\u015f Kaynaklar Bakanlar\u0131n\u0131n \u00a0Yan\u0131tlamas\u0131 i\u00e7in soru \u00f6nergesi verdi\u011fini s\u00f6yledi.<\/div>\n<div>\n<p><img decoding=\"async\" src=\"https:\/\/ikimisli.tr\/wp-content\/uploads\/2025\/10\/milasta-kapatilan-tas-ocaginin-ruhsat-oyunu-0-qAGWhJUy.png\"\/><\/p>\n<\/p><\/div>\n<div>\u00a0<\/div>\n<div>Ak\u0131n a\u00e7\u0131klamas\u0131nda \u201cBu \u00e7e\u015fit faaliyetler s\u0131ras\u0131nda ormanlar\u0131n tahrip edilmesi ve tar\u0131m yerlerinin kirlenmesi, biyolojik \u00e7e\u015fitlilik ve besin g\u00fcvenli\u011fi a\u00e7\u0131s\u0131ndan \u00f6nemli riskler do\u011furmaktad\u0131r. Mahkeme karar\u0131na kar\u015f\u0131n t\u0131pk\u0131 \u015firketin yak\u0131n parselde yeni ruhsat ba\u015fvurusu yapmas\u0131 orman varl\u0131\u011f\u0131 ve zira\u00ee \u00fcretim i\u00e7in tehdit olu\u015fturmaktad\u0131r\u201d dedi.<\/div>\n<div>Orman Bakanl\u0131\u011f\u0131\u2019n\u0131n yan\u0131tlamas\u0131n\u0131 istenilen sorular.<\/div>\n<div><strong>Sorular:<\/strong><\/div>\n<ol>\n<li>Kapat\u0131lan ta\u015f oca\u011f\u0131n\u0131n tabiatta b\u0131rakt\u0131\u011f\u0131 tahribat\u0131n rehabilite edilmesi i\u00e7in hangi ad\u0131mlar at\u0131lm\u0131\u015ft\u0131r?<\/li>\n<li>Aslanyaka K\u00f6y\u00fc hudutlar\u0131nda yeni ta\u015f oca\u011f\u0131 i\u00e7in Bakanl\u0131\u011f\u0131n\u0131za \u00c7ED ba\u015fvurusu yap\u0131lm\u0131\u015f m\u0131d\u0131r? Yap\u0131ld\u0131ysa hangi evrededir?<\/li>\n<li>Eski ta\u015f oca\u011f\u0131n\u0131n \u00e7abucak yak\u0131n\u0131ndaki parsel i\u00e7in yap\u0131lan ruhsat m\u00fcracaat\u0131n\u0131n \u00c7ED s\u00fcreci ne durumdad\u0131r?<\/li>\n<li>Mahkeme karar\u0131n\u0131n etkisiz hale gelmemesi i\u00e7in nas\u0131l bir yol izlenmektedir?<\/li>\n<li>Aslanyaka K\u00f6y\u00fc ve etraf\u0131n\u0131n korunmas\u0131 i\u00e7in hangi \u00f6nlemler al\u0131nacakt\u0131r?<\/li>\n<li>K\u00f6yl\u00fclerin hayat alanlar\u0131n\u0131 korumak i\u00e7in hangi tedbirler planlanmaktad\u0131r?<\/li>\n<li>\u00c7evresel rehabilitasyon s\u00fcrecinin ba\u015flat\u0131lmas\u0131 i\u00e7in hangi ad\u0131mlar d\u00fc\u015f\u00fcn\u00fclmektedir?<\/li>\n<\/ol>\n<div>8.Orman alanlar\u0131n\u0131n ta\u015f oca\u011f\u0131 faaliyetlerinden korunmas\u0131 i\u00e7in hangi ad\u0131mlar at\u0131lmaktad\u0131r?<\/div>\n<div>9.Mahkeme karar\u0131na kar\u015f\u0131n yeni ruhsata m\u00fcsaade verilirse Bakanl\u0131\u011f\u0131n\u0131z\u0131n yetki ve sorumlulu\u011fu nedir?<\/div>\n<div>10.Zarar g\u00f6ren tar\u0131m yerlerinin rehabilitasyonu i\u00e7in bir \u00e7al\u0131\u015fma var m\u0131d\u0131r?<\/div>\n<div>11.Orman Genel M\u00fcd\u00fcrl\u00fc\u011f\u00fc bu s\u00fcre\u00e7te nas\u0131l bir kontrol d\u00fczene\u011fi i\u015fletmektedir?<\/div>\n<div>12.Orman ve tar\u0131m yerlerinin korunmas\u0131 i\u00e7in hangi yasal d\u00fczenlemeler planlanmaktad\u0131r?<\/div>\n<div>Enerji ve Tabiat Kaynaklar\u0131 Bakanl\u0131\u011f\u0131\u2019n\u0131 y\u00f6neltilen sorular.<\/div>\n<ol>\n<li>Eski ta\u015f oca\u011f\u0131 ile ilgili mahkeme kararlar\u0131 Bakanl\u0131\u011f\u0131n\u0131za ula\u015fm\u0131\u015f m\u0131d\u0131r? Ruhsatland\u0131rma s\u00fcrecinde dikkate al\u0131nmakta m\u0131d\u0131r?<\/li>\n<li>Ayn\u0131 \u015firket 100 metre aradaki yeni parsel i\u00e7in ruhsat ba\u015fvurusu yapm\u0131\u015f m\u0131d\u0131r? Yapm\u0131\u015fsa hangi kademededir?<\/li>\n<li>Kapat\u0131lan ta\u015f oca\u011f\u0131na bu kadar yak\u0131n alanda yeni ruhsat verilmesi hukuken m\u00fcmk\u00fcn m\u00fcd\u00fcr?<\/li>\n<li>Madencilik faaliyetlerinin etrafa ziyan vermemesi i\u00e7in al\u0131nan \u00f6zel \u00f6nlemler nelerdir?<\/li>\n<li>Ruhsat alan\u0131 d\u0131\u015f\u0131nda yap\u0131lan faaliyetler i\u00e7in hangi kontrol d\u00fczenekleri i\u015fletilmektedir?<\/li>\n<\/ol>\n","protected":false},"excerpt":{"rendered":"<p>Mu\u011fla\u2019n\u0131n Milas il\u00e7esine ba\u011fl\u0131 Aslanyaka K\u00f6y\u00fc\u2019nde  2004 y\u0131l\u0131nda a\u00e7\u0131lan ve b\u00f6lgedeki k\u00f6yl\u00fclerin hayat alanlar\u0131 ile ormanl\u0131k alanlar\u0131 cehenneme \u00e7evirdikten sonra Mu\u011fla 3. Y\u00f6netim Mahkemesi  taraf\u0131ndan \u00c7ED Gerekli De\u011fildir karar\u0131 iptal edilen ve Dan\u0131\u015ftay taraf\u0131ndan karar\u0131 onaylanan ta\u015f oca\u011f\u0131 birebir yerden yaln\u0131zca 100 metre uzakta yeni ta\u015f oca\u011f\u0131 ruhsat\u0131 i\u00e7in te\u015febb\u00fcste bulundu. DEM \u0130zmir Milletvekili \u0130brahim Ak\u0131n mevzuyu soru \u00f6nergesi vererek TBMM\u2019ne ta\u015f\u0131d\u0131.<\/p>\n","protected":false},"author":1,"featured_media":84968,"comment_status":"open","ping_status":"open","sticky":false,"template":"","format":"standard","meta":{"footnotes":""},"categories":[25],"tags":[6803,9450,505,621,9449],"class_list":["post-84967","post","type-post","status-publish","format-standard","has-post-thumbnail","hentry","category-gundem","tag-faaliyetler","tag-midir","tag-orman","tag-ruhsat","tag-tas-ocagi"],"_links":{"self":[{"href":"https:\/\/ikimisli.tr\/index.php\/wp-json\/wp\/v2\/posts\/84967","targetHints":{"allow":["GET"]}}],"collection":[{"href":"https:\/\/ikimisli.tr\/index.php\/wp-json\/wp\/v2\/posts"}],"about":[{"href":"https:\/\/ikimisli.tr\/index.php\/wp-json\/wp\/v2\/types\/post"}],"author":[{"embeddable":true,"href":"https:\/\/ikimisli.tr\/index.php\/wp-json\/wp\/v2\/users\/1"}],"replies":[{"embeddable":true,"href":"https:\/\/ikimisli.tr\/index.php\/wp-json\/wp\/v2\/comments?post=84967"}],"version-history":[{"count":1,"href":"https:\/\/ikimisli.tr\/index.php\/wp-json\/wp\/v2\/posts\/84967\/revisions"}],"predecessor-version":[{"id":84970,"href":"https:\/\/ikimisli.tr\/index.php\/wp-json\/wp\/v2\/posts\/84967\/revisions\/84970"}],"wp:featuredmedia":[{"embeddable":true,"href":"https:\/\/ikimisli.tr\/index.php\/wp-json\/wp\/v2\/media\/84968"}],"wp:attachment":[{"href":"https:\/\/ikimisli.tr\/index.php\/wp-json\/wp\/v2\/media?parent=84967"}],"wp:term":[{"taxonomy":"category","embeddable":true,"href":"https:\/\/ikimisli.tr\/index.php\/wp-json\/wp\/v2\/categories?post=84967"},{"taxonomy":"post_tag","embeddable":true,"href":"https:\/\/ikimisli.tr\/index.php\/wp-json\/wp\/v2\/tags?post=84967"}],"curies":[{"name":"wp","href":"https:\/\/api.w.org\/{rel}","templated":true}]}}