{"id":85103,"date":"2025-10-03T15:55:16","date_gmt":"2025-10-03T15:55:16","guid":{"rendered":"https:\/\/ikimisli.tr\/?p=85103"},"modified":"2025-10-03T15:55:16","modified_gmt":"2025-10-03T15:55:16","slug":"istanbuldaki-art-arda-depremlerin-ardindan-naci-gorurden-korkutan-aciklama","status":"publish","type":"post","link":"https:\/\/ikimisli.tr\/index.php\/2025\/10\/03\/istanbuldaki-art-arda-depremlerin-ardindan-naci-gorurden-korkutan-aciklama\/","title":{"rendered":"\u0130stanbul&#8217;daki art arda depremlerin ard\u0131ndan Naci G\u00f6r\u00fcr&#8217;den korkutan a\u00e7\u0131klama"},"content":{"rendered":"<p>Marmara Denizi&#8217;nde, Tekirda\u011f a\u00e7\u0131klar\u0131nda saat 14.55\u2019te meydana gelen 5.0 b\u00fcy\u00fckl\u00fc\u011f\u00fcndeki sars\u0131nt\u0131, \u0130stanbul ba\u015fta olmak \u00fczere bir\u00e7ok etraf vilayette hissedildi. Sars\u0131nt\u0131 Bulgaristan\u2019a kadar ula\u015ft\u0131. Kayg\u0131ya neden olan zelzelenin akabinde sars\u0131nt\u0131 uzmanlar\u0131ndan ihtarlar arka arda geldi.<\/p>\n<p>Afet ve Acil Durum \u0130daresi Ba\u015fkanl\u0131\u011f\u0131 (AFAD), sars\u0131nt\u0131n\u0131n merkez \u00fcss\u00fcn\u00fcn Marmara Denizi, Tekirda\u011f a\u00e7\u0131klar\u0131 oldu\u011funu ve yerin yakla\u015f\u0131k 9,2 kilometre derinli\u011finde ger\u00e7ekle\u015fti\u011fini duyurdu. \u0130stanbul, \u00c7anakkale, Bursa ve Edirne \u00fczere bir\u00e7ok kentte hissedilen sars\u0131nt\u0131, vatanda\u015flarda pani\u011fe yol a\u00e7t\u0131. Birinci belirlemelere nazaran can ya da mal kayb\u0131 ya\u015fanmad\u0131.<\/p>\n<p><b>&#8220;BU FAY ETK\u0130N, HAZIR OLUN&#8221;<\/b><\/p>\n<p>Depremin akabinde g\u00f6zlerin \u00e7evrildi\u011fi yer bilimci Prof. Dr. Naci G\u00f6r\u00fcr, toplumsal medya \u00fczerinden yapt\u0131\u011f\u0131 a\u00e7\u0131klamada Marmara\u2019da beklenen b\u00fcy\u00fck sars\u0131nt\u0131ya bir sefer daha dikkat \u00e7ekti. G\u00f6r\u00fcr, zelzelenin ger\u00e7ekle\u015fti\u011fi fay s\u0131n\u0131r\u0131n\u0131n Kuzey Anadolu Fay\u0131&#8217;n\u0131n (KAF) kuzey kolu \u00fczerinde yer ald\u0131\u011f\u0131n\u0131 belirtti.<\/p>\n<p><strong>G\u00f6r\u00fcr payla\u015f\u0131m\u0131nda, \u015fu tabirleri kulland\u0131:<\/strong><\/p>\n<p>\u201cMarmara\u2019da 4,0 (veya 5 ,0) sars\u0131nt\u0131 oldu. Arkada\u015flar, bu fay etkin ve KAF\u2019\u0131n kuzey kolu. Her an b\u00fcy\u00fck bir zelzele olabilir. 14 milyon y\u0131ld\u0131r oluyor, daha da olacak. Beklenen Marmara zelzelesi a\u00e7\u0131s\u0131ndan diyorsan\u0131z, maalesef olacak. Er ya da ge\u00e7 haz\u0131r olun ve \u0130stanbul\u2019u zelzeleye haz\u0131rlay\u0131n.\u201d<\/p>\n<p><img decoding=\"async\" src=\"https:\/\/ikimisli.tr\/wp-content\/uploads\/2025\/10\/istanbuldaki-art-arda-depremlerin-ardindan-naci-gorurden-korkutan-aciklama-0-AUAmEiBt.jpeg\"\/><\/p>\n","protected":false},"excerpt":{"rendered":"<p>\u0130stanbul 5.0 b\u00fcy\u00fckl\u00fc\u011f\u00fcndeki sars\u0131nt\u0131yla korkusunu bir defa daha hat\u0131rlarken Yer bilimci Prof. Dr. Naci G\u00f6r\u00fcr&#8217;den korkutan bir a\u00e7\u0131klama daha geldi. Prof. G\u00f6r\u00fcr, &#8221; Arkada\u015flar, bu fay etkin ve KAF\u2019\u0131n kuzey kolu. Her an b\u00fcy\u00fck bir zelzele olabilir. 14 milyon y\u0131ld\u0131r oluyor, daha da olacak.&#8221; dedi<\/p>\n","protected":false},"author":1,"featured_media":85104,"comment_status":"open","ping_status":"open","sticky":false,"template":"","format":"standard","meta":{"footnotes":""},"categories":[25],"tags":[285,1575],"class_list":["post-85103","post","type-post","status-publish","format-standard","has-post-thumbnail","hentry","category-gundem","tag-deprem","tag-marmara"],"_links":{"self":[{"href":"https:\/\/ikimisli.tr\/index.php\/wp-json\/wp\/v2\/posts\/85103","targetHints":{"allow":["GET"]}}],"collection":[{"href":"https:\/\/ikimisli.tr\/index.php\/wp-json\/wp\/v2\/posts"}],"about":[{"href":"https:\/\/ikimisli.tr\/index.php\/wp-json\/wp\/v2\/types\/post"}],"author":[{"embeddable":true,"href":"https:\/\/ikimisli.tr\/index.php\/wp-json\/wp\/v2\/users\/1"}],"replies":[{"embeddable":true,"href":"https:\/\/ikimisli.tr\/index.php\/wp-json\/wp\/v2\/comments?post=85103"}],"version-history":[{"count":1,"href":"https:\/\/ikimisli.tr\/index.php\/wp-json\/wp\/v2\/posts\/85103\/revisions"}],"predecessor-version":[{"id":85106,"href":"https:\/\/ikimisli.tr\/index.php\/wp-json\/wp\/v2\/posts\/85103\/revisions\/85106"}],"wp:featuredmedia":[{"embeddable":true,"href":"https:\/\/ikimisli.tr\/index.php\/wp-json\/wp\/v2\/media\/85104"}],"wp:attachment":[{"href":"https:\/\/ikimisli.tr\/index.php\/wp-json\/wp\/v2\/media?parent=85103"}],"wp:term":[{"taxonomy":"category","embeddable":true,"href":"https:\/\/ikimisli.tr\/index.php\/wp-json\/wp\/v2\/categories?post=85103"},{"taxonomy":"post_tag","embeddable":true,"href":"https:\/\/ikimisli.tr\/index.php\/wp-json\/wp\/v2\/tags?post=85103"}],"curies":[{"name":"wp","href":"https:\/\/api.w.org\/{rel}","templated":true}]}}