{"id":85129,"date":"2025-10-03T17:31:15","date_gmt":"2025-10-03T17:31:15","guid":{"rendered":"https:\/\/ikimisli.tr\/?p=85129"},"modified":"2025-10-03T17:31:15","modified_gmt":"2025-10-03T17:31:15","slug":"feti-yildizdan-kritik-aciklama-bu-tartismalarin-henuz-vakti-gelmedi","status":"publish","type":"post","link":"https:\/\/ikimisli.tr\/index.php\/2025\/10\/03\/feti-yildizdan-kritik-aciklama-bu-tartismalarin-henuz-vakti-gelmedi\/","title":{"rendered":"Feti Y\u0131ld\u0131z\u2019dan kritik a\u00e7\u0131klama: \u2018Bu tart\u0131\u015fmalar\u0131n hen\u00fcz vakti gelmedi\u2019"},"content":{"rendered":"<p>Toplant\u0131da hak ve \u00f6zg\u00fcrl\u00fcklerden vatanda\u015fl\u0131k ba\u011f\u0131na, umut hakk\u0131ndan aktif pi\u015fmanl\u0131k ve genel af tart\u0131\u015fmalar\u0131na kadar bir\u00e7ok ba\u015fl\u0131k g\u00fcndeme geldi. Uzman hukuk\u00e7ular, bu ba\u015fl\u0131klar alt\u0131nda yasal d\u00fczenlemelere gereksinim duyulan alanlara dair g\u00f6r\u00fc\u015f ve tekliflerini komite \u00fcyeleriyle payla\u015ft\u0131.<\/p>\n<p><b>&#8220;TARTI\u015eMA VAKT\u0130 GEL\u0130NCE YAPILMALI&#8221;<\/b><\/p>\n<p>Toplant\u0131n\u0131n akabinde kelam alan MHP Genel Lider Yard\u0131mc\u0131s\u0131 Feti Y\u0131ld\u0131z, konu\u015fmalarda tabir edilen g\u00f6r\u00fc\u015flerin tamam\u0131na kat\u0131lmad\u0131klar\u0131n\u0131 lakin s\u00fcrece katk\u0131 sa\u011flamak maksad\u0131yla akademisyenleri dinlediklerini belirtti. Y\u0131ld\u0131z, \u201cBu tart\u0131\u015fmalar\u0131n \u015fimdi vakti gelmedi. Uygulanacak kanun hususlar\u0131, infaz d\u00fczenlemeleri yahut ceza yasas\u0131 ile ilgili s\u00fcre\u00e7 tamamlanmad\u0131. Lakin fazla da uzamas\u0131n,\u201d s\u00f6zlerini kulland\u0131.<\/p>\n<p>MHP\u2019li Y\u0131ld\u0131z\u2019\u0131n akabinde kelam alan Ceza Hukuku Profes\u00f6r\u00fc Mahmut Koca, af kavram\u0131na temelden kar\u015f\u0131 oldu\u011funu vurgulad\u0131. Af d\u00fczenlemelerinin hukuk devleti prensibini zay\u0131flatt\u0131\u011f\u0131n\u0131 belirten Koca, \u015fu de\u011ferlendirmede bulundu:<\/p>\n<p>\u201cBen s\u0131rf isimli affa de\u011fil, vergi aff\u0131na, idari affa, \u00f6\u011frenci aff\u0131na da kar\u015f\u0131y\u0131m. Zira aff\u0131n, hukuka olan inanc\u0131 zedeledi\u011fini ve toplumda hukukun yapt\u0131r\u0131m g\u00fcc\u00fcn\u00fc sorgulatt\u0131\u011f\u0131n\u0131 d\u00fc\u015f\u00fcn\u00fcyorum. Af, \u2018nas\u0131l olsa bir g\u00fcn af \u00e7\u0131kar\u2019 beklentisiyle hukuka ters davran\u0131\u015flar\u0131 te\u015fvik edebilir.\u201d<\/p>\n<p>Prof. Koca, bu yakla\u015f\u0131m\u0131na kar\u015f\u0131n toplumun i\u00e7inde bulundu\u011fu ger\u00e7eklerin g\u00f6z arkas\u0131 edilemeyece\u011fini ve uzun m\u00fcddettir faaliyet g\u00f6steren c\u00fcr\u00fcm \u00f6rg\u00fctleriyle ilgili \u00e7ok tarafl\u0131 siyasetlerin tart\u0131\u015f\u0131lmas\u0131 gerekti\u011fini vurgulad\u0131.<\/p>\n<p>Prof. Koca, \u00f6zellikle ter\u00f6r ve \u00f6rg\u00fctl\u00fc c\u00fcr\u00fcmler kapsam\u0131nda devletle y\u00fczle\u015fme s\u00fcrecine giren \u015fah\u0131slar\u0131n rehabilitasyon programlar\u0131na dahil edilmesi gerekti\u011fini savundu:<\/p>\n<p>\u201cE\u011fer \u00f6rg\u00fct mensuplar\u0131n\u0131 topluma kazand\u0131rmak istiyorsan\u0131z, sadece cezai d\u00fczenlemeler yetmez. Bu \u015fah\u0131slara kontroll\u00fc h\u00fcrl\u00fck s\u00fcreciyle ruhsal ve ekonomik dayanak sa\u011flanmazsa, \u00f6teki radikal yap\u0131larla kar\u015f\u0131 kar\u015f\u0131ya kal\u0131nabilir. Bu s\u0131rf devletin g\u00fcvenlik emeli de\u011fil, toplumsal bar\u0131\u015f a\u00e7\u0131s\u0131ndan da gereklidir.\u201d<\/p>\n<p><b>&#8220;KARAR YETK\u0130S\u0130 TBMM&#8217;DED\u0130R&#8221;<\/b><\/p>\n<p>Akademik de\u011ferlendirmelerin sadece teklif niteli\u011finde oldu\u011funu vurgulayan Koca, en son karar merciinin yasama organ\u0131 oldu\u011funu belirtti:<\/p>\n<p>\u201cBiz burada sadece g\u00f6r\u00fc\u015f bildiriyoruz. Kesin takdir T\u00fcrkiye B\u00fcy\u00fck Millet Meclisi\u2019nindir. Hukuksal d\u00fczenlemelerin nas\u0131l yap\u0131laca\u011f\u0131, hangi ara\u00e7lar\u0131n kullan\u0131laca\u011f\u0131 Meclis\u2019in yetki alan\u0131ndad\u0131r.\u201d<\/p>\n","protected":false},"excerpt":{"rendered":"<p>T\u00fcrkiye B\u00fcy\u00fck Millet Meclisi (TBMM) Ba\u015fkan\u0131 Numan Kurtulmu\u015f\u2019un ba\u015fkanl\u0131\u011f\u0131nda toplanan Ulusal Dayan\u0131\u015fma, Karde\u015flik ve Demokrasi Komitesi, anayasa \u00e7al\u0131\u015fmalar\u0131 kapsam\u0131nda ceza ve anayasa hukuku alan\u0131nda uzman akademisyenleri dinledi.<\/p>\n","protected":false},"author":1,"featured_media":85130,"comment_status":"open","ping_status":"open","sticky":false,"template":"","format":"standard","meta":{"footnotes":""},"categories":[25],"tags":[9461,302,3059,2380],"class_list":["post-85129","post","type-post","status-publish","format-standard","has-post-thumbnail","hentry","category-gundem","tag-duzenlemeler","tag-hukuk","tag-koca","tag-yalnizca"],"_links":{"self":[{"href":"https:\/\/ikimisli.tr\/index.php\/wp-json\/wp\/v2\/posts\/85129","targetHints":{"allow":["GET"]}}],"collection":[{"href":"https:\/\/ikimisli.tr\/index.php\/wp-json\/wp\/v2\/posts"}],"about":[{"href":"https:\/\/ikimisli.tr\/index.php\/wp-json\/wp\/v2\/types\/post"}],"author":[{"embeddable":true,"href":"https:\/\/ikimisli.tr\/index.php\/wp-json\/wp\/v2\/users\/1"}],"replies":[{"embeddable":true,"href":"https:\/\/ikimisli.tr\/index.php\/wp-json\/wp\/v2\/comments?post=85129"}],"version-history":[{"count":1,"href":"https:\/\/ikimisli.tr\/index.php\/wp-json\/wp\/v2\/posts\/85129\/revisions"}],"predecessor-version":[{"id":85131,"href":"https:\/\/ikimisli.tr\/index.php\/wp-json\/wp\/v2\/posts\/85129\/revisions\/85131"}],"wp:featuredmedia":[{"embeddable":true,"href":"https:\/\/ikimisli.tr\/index.php\/wp-json\/wp\/v2\/media\/85130"}],"wp:attachment":[{"href":"https:\/\/ikimisli.tr\/index.php\/wp-json\/wp\/v2\/media?parent=85129"}],"wp:term":[{"taxonomy":"category","embeddable":true,"href":"https:\/\/ikimisli.tr\/index.php\/wp-json\/wp\/v2\/categories?post=85129"},{"taxonomy":"post_tag","embeddable":true,"href":"https:\/\/ikimisli.tr\/index.php\/wp-json\/wp\/v2\/tags?post=85129"}],"curies":[{"name":"wp","href":"https:\/\/api.w.org\/{rel}","templated":true}]}}