{"id":85478,"date":"2025-10-04T12:55:14","date_gmt":"2025-10-04T12:55:14","guid":{"rendered":"https:\/\/ikimisli.tr\/?p=85478"},"modified":"2025-10-04T12:55:14","modified_gmt":"2025-10-04T12:55:14","slug":"motokurye-direksiyondaki-surucuyu-yumrukladi","status":"publish","type":"post","link":"https:\/\/ikimisli.tr\/index.php\/2025\/10\/04\/motokurye-direksiyondaki-surucuyu-yumrukladi\/","title":{"rendered":"Motokurye, direksiyondaki s\u00fcr\u00fcc\u00fcy\u00fc yumruklad\u0131"},"content":{"rendered":"<p>Olay, sabah saatlerinde, Talas il\u00e7esinde meydana geldi. Motokurye ile 38 EM 416 plakal\u0131 araban\u0131n \u015fof\u00f6r\u00fc ortas\u0131nda &#8216;yol verme&#8217; nedeniyle \u00e7\u0131kan tart\u0131\u015fma b\u00fcy\u00fcd\u00fc. Arac\u0131n i\u00e7indeki s\u00fcr\u00fcc\u00fcy\u00fc yumruklamaya ba\u015flayan motokuryeyi, etraftakiler uzakla\u015ft\u0131rd\u0131. O anlar, etraftakilerin cep telefonu kameras\u0131na yans\u0131d\u0131. \u0130mgelerde, motokuryenin araban\u0131n \u015fof\u00f6r\u00fcn\u00fc yumruklad\u0131\u011f\u0131, arac\u0131n i\u00e7indeki bayan\u0131n da \u2018Sen nap\u0131yorsun? \u00c7ocuk var\u2019 diye ba\u011f\u0131rd\u0131\u011f\u0131 duyuldu.<\/p>\n<p><b>MOTOKURYE KIZ ARKADA\u015eI DARBED\u0130LM\u0130\u015e<\/b><\/p>\n<p>Olay \u00f6ncesine y\u00f6nelik manzaralarda ise araban\u0131n i\u00e7indeki 1 bayan ile motokurye Gizem Par\u0131lt\u0131 \u00d6. ortas\u0131nda &#8216;yol verme&#8217; nedeniyle tart\u0131\u015fma ya\u015fand\u0131\u011f\u0131 \u00f6\u011frenildi. Arabadan inen bayan ve \u015fof\u00f6r\u00fcn, Gizem I\u015f\u0131k \u00d6. ile bir m\u00fcddet tart\u0131\u015fma ya\u015fad\u0131\u011f\u0131, sonras\u0131nda yere d\u00fc\u015f\u00fcrerek darbettikleri, aya\u011fa kalkan Gizem I\u015f\u0131k \u00d6.&#8217;n\u00fcn araban\u0131n \u00f6n\u00fcne ge\u00e7ip, \u2018Polisi arayaca\u011f\u0131m bekle\u2019 dedi\u011fi ve \u015fof\u00f6r\u00fcn arabas\u0131 \u00fczerine s\u00fcrd\u00fc\u011f\u00fc g\u00f6r\u00fcld\u00fc. Bunun \u00fczerine Gizem I\u015f\u0131k \u00d6.\u2019n\u00fcn erkek arkada\u015f\u0131n\u0131 arad\u0131\u011f\u0131 ve \u2018Gel \u00e7abuk gel, bayan da var, \u0131\u015f\u0131klarday\u0131m, adam aya\u011f\u0131yla vurdu\u2019 dedi\u011fi duyuldu. Olayla ilgili soru\u015fturma ba\u015flat\u0131ld\u0131.<\/p>\n","protected":false},"excerpt":{"rendered":"<p>Kayseri&#8217;de, &#8216;yol verme&#8217; tart\u0131\u015fmas\u0131nda motokurye, meslekta\u015f\u0131 k\u0131z arkada\u015f\u0131n\u0131n darbedilmesinin akabinde, i\u00e7inde 1 bayan ile 2 \u00e7ocu\u011fun da bulundu\u011fu araban\u0131n \u015fof\u00f6r\u00fcn\u00fc tekraren yumruklad\u0131. O anlar, cep telefonu kameras\u0131na kaydedildi.<\/p>\n","protected":false},"author":1,"featured_media":85479,"comment_status":"open","ping_status":"open","sticky":false,"template":"","format":"standard","meta":{"footnotes":""},"categories":[25],"tags":[5252,6299],"class_list":["post-85478","post","type-post","status-publish","format-standard","has-post-thumbnail","hentry","category-gundem","tag-motokurye","tag-otomobili"],"_links":{"self":[{"href":"https:\/\/ikimisli.tr\/index.php\/wp-json\/wp\/v2\/posts\/85478","targetHints":{"allow":["GET"]}}],"collection":[{"href":"https:\/\/ikimisli.tr\/index.php\/wp-json\/wp\/v2\/posts"}],"about":[{"href":"https:\/\/ikimisli.tr\/index.php\/wp-json\/wp\/v2\/types\/post"}],"author":[{"embeddable":true,"href":"https:\/\/ikimisli.tr\/index.php\/wp-json\/wp\/v2\/users\/1"}],"replies":[{"embeddable":true,"href":"https:\/\/ikimisli.tr\/index.php\/wp-json\/wp\/v2\/comments?post=85478"}],"version-history":[{"count":1,"href":"https:\/\/ikimisli.tr\/index.php\/wp-json\/wp\/v2\/posts\/85478\/revisions"}],"predecessor-version":[{"id":85480,"href":"https:\/\/ikimisli.tr\/index.php\/wp-json\/wp\/v2\/posts\/85478\/revisions\/85480"}],"wp:featuredmedia":[{"embeddable":true,"href":"https:\/\/ikimisli.tr\/index.php\/wp-json\/wp\/v2\/media\/85479"}],"wp:attachment":[{"href":"https:\/\/ikimisli.tr\/index.php\/wp-json\/wp\/v2\/media?parent=85478"}],"wp:term":[{"taxonomy":"category","embeddable":true,"href":"https:\/\/ikimisli.tr\/index.php\/wp-json\/wp\/v2\/categories?post=85478"},{"taxonomy":"post_tag","embeddable":true,"href":"https:\/\/ikimisli.tr\/index.php\/wp-json\/wp\/v2\/tags?post=85478"}],"curies":[{"name":"wp","href":"https:\/\/api.w.org\/{rel}","templated":true}]}}