{"id":85500,"date":"2025-10-04T13:55:13","date_gmt":"2025-10-04T13:55:13","guid":{"rendered":"https:\/\/ikimisli.tr\/?p=85500"},"modified":"2025-10-04T13:55:13","modified_gmt":"2025-10-04T13:55:13","slug":"is-bankasi-ceosu-aran-can-holding-sorusturmasi-bankamiza-bulasmaz","status":"publish","type":"post","link":"https:\/\/ikimisli.tr\/index.php\/2025\/10\/04\/is-bankasi-ceosu-aran-can-holding-sorusturmasi-bankamiza-bulasmaz\/","title":{"rendered":"\u0130\u015f Bankas\u0131 CEO\u2019su Aran: Can Holding soru\u015fturmas\u0131 bankam\u0131za bula\u015fmaz"},"content":{"rendered":"<p>T\u00fcrkiye \u0130\u015f Bankas\u0131 CEO&#8217;su Hakan Ortan, &#8216;su\u00e7 i\u015flemek emeliyle \u00f6rg\u00fct kurma&#8217;, &#8216;y\u00f6netme&#8217; ve &#8216;kurulan \u00f6rg\u00fcte \u00fcye olma&#8217;, &#8216;su\u00e7tan elde edilen malvarl\u0131\u011f\u0131 bedellerini aklama&#8217; ve &#8216;nitelikli doland\u0131r\u0131c\u0131l\u0131k&#8217; kabahatleri istikametinden ba\u015flat\u0131lan soru\u015fturma kapsam\u0131nda \u015firketlerine kayyum atanan, kimi y\u00f6neticileri tutuklanan Can Holding ile \u0130\u015f Bankas\u0131 ortas\u0131ndaki m\u00fcnasebet arg\u00fcmanlar\u0131na ve buna ba\u011fl\u0131 banka paylar\u0131ndaki d\u00fc\u015f\u00fc\u015fe y\u00f6nelik Reuters&#8217;a a\u00e7\u0131klama yapt\u0131.<\/p>\n<p>* Can Holding konusu ile \u0130\u015f Bankas\u0131&#8217;n\u0131n konta\u011f\u0131n\u0131n kurulabilmesi m\u00fcmk\u00fcn de\u011fil fakat bu s\u00f6ylentiyi \u00e7\u0131kard\u0131\u011f\u0131n\u0131zda be\u015ferler panik oldu\u011funda birileri bu i\u015ften (borsada) para kazan\u0131yor, k\u00fc\u00e7\u00fck yat\u0131r\u0131mc\u0131 bir\u015fey olacak diye pay sat\u0131yor<\/p>\n<p>* \u0130\u015f Bankas\u0131&#8217;n\u0131n nakdi ve gayri nakdi kredi b\u00fcy\u00fckl\u00fc\u011f\u00fc 3 trilyon lira; hangi k\u00fcmeye bakarsan\u0131z kredi vermi\u015fizdir. Can Holding&#8217;e de medya varl\u0131klar\u0131 sat\u0131n al\u0131m\u0131 s\u0131ras\u0131nda kredi vermi\u015ftik<\/p>\n<p>* Can Holding\u2019e kredi veren tek banka biz de\u011filiz, \u00fc\u00e7 banka olarak vermi\u015ftik. Ancak ama bankalardan kredi al\u0131p da \u00f6deme yapt\u0131\u011f\u0131nda bu zati pak bir parad\u0131r<\/p>\n<p>* Hasebiyle kara parayla su\u00e7lan\u0131yorsa buradaki mevzu bankadan ald\u0131\u011f\u0131 kredi de\u011fildir, di\u011fer bir yerden getirdi\u011fi paray\u0131 konu\u015fuyoruz demektir<\/p>\n<p>* \u0130z s\u00fcrd\u00fcklerinde T\u00fcrk bankac\u0131l\u0131k sisteminde yaln\u0131zca bizim \u00f6zelimizde de\u011fil, rastgele bir bankaya bir\u015fey bula\u015fabilece\u011fini d\u00fc\u015f\u00fcnm\u00fcyorum. Can Holding&#8217;den ba\u015flayan olay\u0131n de\u011fdi\u011fi rastgele bir bankada sorun yarataca\u011f\u0131n\u0131 sanm\u0131yorum<\/p>\n<p>* (Soru\u015fturma kapsam\u0131nda tutuklanan) G\u00f6khan \u015een bankam\u0131zda Ba\u011f\u0131ms\u0131z Y\u00f6netim Kurulu \u00dcyesi olarak vazifedeyken, Ciner K\u00fcmesi&#8217;nin Cam K\u00fcmesi CEO&#8217;lu\u011funu kabul edince biz de misyondan ayr\u0131lmas\u0131n\u0131 istedik; \u0130\u015f Bankas\u0131&#8217;n\u0131n \u00e7amur at\u0131p izi kalabilecek bir k\u00fcme olmad\u0131\u011f\u0131n\u0131 d\u00fc\u015f\u00fcn\u00fcyorum<\/p>\n","protected":false},"excerpt":{"rendered":"<p>T\u00fcrkiye \u0130\u015f Bankas\u0131 CEO\u2019su Hakan Ortan, Can Holding\u2019e y\u00f6nelik soru\u015fturma sonras\u0131 banka paylar\u0131ndaki d\u00fc\u015f\u00fc\u015fe ait, \u201c\u0130\u015f Bankas\u0131 ile Can Holding ortas\u0131nda temas kurulmas\u0131 m\u00fcmk\u00fcn de\u011fil. Bu s\u00f6ylentiler k\u00fc\u00e7\u00fck yat\u0131r\u0131mc\u0131y\u0131 pani\u011fe s\u00fcr\u00fckl\u00fcyor, kazanan ise borsada f\u0131rsat kollayanlar oluyor\u201d dedi.<\/p>\n","protected":false},"author":1,"featured_media":85501,"comment_status":"open","ping_status":"open","sticky":false,"template":"","format":"standard","meta":{"footnotes":""},"categories":[24],"tags":[92,9348,9479,315],"class_list":["post-85500","post","type-post","status-publish","format-standard","has-post-thumbnail","hentry","category-ekonomi","tag-banka","tag-can-holding","tag-is-bankasi","tag-kredi"],"_links":{"self":[{"href":"https:\/\/ikimisli.tr\/index.php\/wp-json\/wp\/v2\/posts\/85500","targetHints":{"allow":["GET"]}}],"collection":[{"href":"https:\/\/ikimisli.tr\/index.php\/wp-json\/wp\/v2\/posts"}],"about":[{"href":"https:\/\/ikimisli.tr\/index.php\/wp-json\/wp\/v2\/types\/post"}],"author":[{"embeddable":true,"href":"https:\/\/ikimisli.tr\/index.php\/wp-json\/wp\/v2\/users\/1"}],"replies":[{"embeddable":true,"href":"https:\/\/ikimisli.tr\/index.php\/wp-json\/wp\/v2\/comments?post=85500"}],"version-history":[{"count":1,"href":"https:\/\/ikimisli.tr\/index.php\/wp-json\/wp\/v2\/posts\/85500\/revisions"}],"predecessor-version":[{"id":85502,"href":"https:\/\/ikimisli.tr\/index.php\/wp-json\/wp\/v2\/posts\/85500\/revisions\/85502"}],"wp:featuredmedia":[{"embeddable":true,"href":"https:\/\/ikimisli.tr\/index.php\/wp-json\/wp\/v2\/media\/85501"}],"wp:attachment":[{"href":"https:\/\/ikimisli.tr\/index.php\/wp-json\/wp\/v2\/media?parent=85500"}],"wp:term":[{"taxonomy":"category","embeddable":true,"href":"https:\/\/ikimisli.tr\/index.php\/wp-json\/wp\/v2\/categories?post=85500"},{"taxonomy":"post_tag","embeddable":true,"href":"https:\/\/ikimisli.tr\/index.php\/wp-json\/wp\/v2\/tags?post=85500"}],"curies":[{"name":"wp","href":"https:\/\/api.w.org\/{rel}","templated":true}]}}