{"id":8564,"date":"2025-02-02T13:48:09","date_gmt":"2025-02-02T13:48:09","guid":{"rendered":"https:\/\/ikimisli.tr\/?p=8564"},"modified":"2025-02-02T13:48:09","modified_gmt":"2025-02-02T13:48:09","slug":"tarihi-hezimet-sonrasi-perez-ve-modric-arasinda-dikkat-ceken-diyalog","status":"publish","type":"post","link":"https:\/\/ikimisli.tr\/index.php\/2025\/02\/02\/tarihi-hezimet-sonrasi-perez-ve-modric-arasinda-dikkat-ceken-diyalog\/","title":{"rendered":"Tarihi hezimet sonras\u0131 Perez ve Modric aras\u0131nda dikkat \u00e7eken diyalog"},"content":{"rendered":"<p>Real Madrid\u2019in final kaybetme al\u0131\u015fkanl\u0131\u011f\u0131 olmayan bir grup oldu\u011funa dikkat \u00e7eken istatistikler, bu durumu daha \u00e7arp\u0131c\u0131 hale getiriyor. En son Harika Kupa final yenilgisi, yeniden Barcelona\u2019ya kar\u015f\u0131 2023 y\u0131l\u0131nda ya\u015fanm\u0131\u015ft\u0131.<\/p>\n<p>Ma\u00e7 sonunda, teslim merasimi s\u0131ras\u0131nda dikkat \u00e7eken bir an ya\u015fand\u0131. Real Madrid Ba\u015fkan\u0131 Florentino P\u00e9rez, kaptan Luka Modric\u2019e yakla\u015f\u0131p, teselli mahiyetinde bir yorumda bulundu. Movistar kameralar\u0131na yans\u0131yan bu anlarda Florentino\u2019nun, &#8220;Bir finali kaybetmemiz laz\u0131m, de\u011fil mi?&#8221; diyerek H\u0131rvat futbolcuya tak\u0131ld\u0131\u011f\u0131 g\u00f6r\u00fcld\u00fc.<\/p>\n<p>Barcelona\u2019n\u0131n \u00fcst\u00fcn performans\u0131 kar\u015f\u0131s\u0131nda Real Madrid defans\u0131 s\u0131k\u0131nt\u0131 anlar ya\u015farken, 2-5\u2019lik skor bile kimi yorumculara nazaran Madrid\u2019in baht\u0131 sayesinde ortaya \u00e7\u0131kt\u0131. Daha farkl\u0131 bir sonu\u00e7 ihtimali, alandaki oyunla kendini hissettirdi.<\/p>\n<p><img decoding=\"async\" src=\"https:\/\/ikimisli.tr\/wp-content\/uploads\/2025\/02\/tarihi-hezimet-sonrasi-perez-ve-modric-arasinda-dikkat-ceken-diyalog-0-1qtC5YrP.jpg\"\/><\/p>\n<p>Bu ma\u011flubiyet, iki ezeli rakip ortas\u0131ndaki rekabette Barcelona\u2019n\u0131n \u00fcst\u00fcnl\u00fc\u011f\u00fcn\u00fc bir defa daha g\u00f6zler \u00f6n\u00fcne serdi. Hem Santiago Bernab\u00e9u\u2019daki 0-4\u2019l\u00fck skor hem de Harika Kupa finalindeki bu a\u011f\u0131r yenilgi, Real Madrid taraftarlar\u0131 i\u00e7in unutulmas\u0131 s\u0131k\u0131nt\u0131 bir devir olarak tarihe ge\u00e7ti.<\/p>\n<p>\u00a0<\/p>\n","protected":false},"excerpt":{"rendered":"<p>Real Madrid, uzun vakittir al\u0131\u015f\u0131k olmad\u0131\u011f\u0131 bir bi\u00e7imde bir final kaybetti. \u00dcst\u00fcn Kupa finalinde FC Barcelona\u2019ya 2-5\u2019lik a\u011f\u0131r bir ma\u011flubiyet alan Madrid temsilcisi, son y\u0131llardaki muvaffakiyet al\u0131\u015fkanl\u0131\u011f\u0131n\u0131 bozmu\u015f oldu. Bu yenilgi, Santiago Bernab\u00e9u\u2019da al\u0131nan 0-4\u2019l\u00fck ma\u011flubiyetten yaln\u0131zca aylar sonra ger\u00e7ekle\u015fti.<\/p>\n","protected":false},"author":1,"featured_media":8565,"comment_status":"open","ping_status":"open","sticky":false,"template":"","format":"standard","meta":{"footnotes":""},"categories":[30],"tags":[2075],"class_list":["post-8564","post","type-post","status-publish","format-standard","has-post-thumbnail","hentry","category-spor","tag-madrid"],"_links":{"self":[{"href":"https:\/\/ikimisli.tr\/index.php\/wp-json\/wp\/v2\/posts\/8564","targetHints":{"allow":["GET"]}}],"collection":[{"href":"https:\/\/ikimisli.tr\/index.php\/wp-json\/wp\/v2\/posts"}],"about":[{"href":"https:\/\/ikimisli.tr\/index.php\/wp-json\/wp\/v2\/types\/post"}],"author":[{"embeddable":true,"href":"https:\/\/ikimisli.tr\/index.php\/wp-json\/wp\/v2\/users\/1"}],"replies":[{"embeddable":true,"href":"https:\/\/ikimisli.tr\/index.php\/wp-json\/wp\/v2\/comments?post=8564"}],"version-history":[{"count":1,"href":"https:\/\/ikimisli.tr\/index.php\/wp-json\/wp\/v2\/posts\/8564\/revisions"}],"predecessor-version":[{"id":8567,"href":"https:\/\/ikimisli.tr\/index.php\/wp-json\/wp\/v2\/posts\/8564\/revisions\/8567"}],"wp:featuredmedia":[{"embeddable":true,"href":"https:\/\/ikimisli.tr\/index.php\/wp-json\/wp\/v2\/media\/8565"}],"wp:attachment":[{"href":"https:\/\/ikimisli.tr\/index.php\/wp-json\/wp\/v2\/media?parent=8564"}],"wp:term":[{"taxonomy":"category","embeddable":true,"href":"https:\/\/ikimisli.tr\/index.php\/wp-json\/wp\/v2\/categories?post=8564"},{"taxonomy":"post_tag","embeddable":true,"href":"https:\/\/ikimisli.tr\/index.php\/wp-json\/wp\/v2\/tags?post=8564"}],"curies":[{"name":"wp","href":"https:\/\/api.w.org\/{rel}","templated":true}]}}