{"id":85763,"date":"2025-10-05T02:31:12","date_gmt":"2025-10-05T02:31:12","guid":{"rendered":"https:\/\/ikimisli.tr\/?p=85763"},"modified":"2025-10-05T02:31:12","modified_gmt":"2025-10-05T02:31:12","slug":"sosyal-medya-fenomeni-neslim-gungen-davasinda-karar","status":"publish","type":"post","link":"https:\/\/ikimisli.tr\/index.php\/2025\/10\/05\/sosyal-medya-fenomeni-neslim-gungen-davasinda-karar\/","title":{"rendered":"Sosyal medya fenomeni Neslim G\u00fcngen davas\u0131nda karar"},"content":{"rendered":"<p>\u0130stanbul\u2019da, haklar\u0131nda \u201cmalvarl\u0131\u011f\u0131 k\u0131ymetlerinin gayrime\u015fru kayna\u011f\u0131n\u0131 gizlemek\u201d, \u201csu\u00e7 i\u015flemek maksad\u0131yla \u00f6rg\u00fct kurma\u201d, \u201cVergi Adap Kanunu\u2019na muhalefet\u201d ve \u201cresmi evrakta sahtecilik\u201d hatalar\u0131ndan dava a\u00e7\u0131lan toplumsal medya fenomeni ve ho\u015fluk merkezi sahibi Ku\u015fa\u011f\u0131m G\u00fcngen ile e\u015fi \u0130nan\u00e7 G\u00fcngen\u2019in de ortalar\u0131nda bulundu\u011fu 26 san\u0131\u011f\u0131n yarg\u0131lanmas\u0131na ba\u015fland\u0131.<\/p>\n<p>K\u00fc\u00e7\u00fck\u00e7ekmece Adliyesi\u2019nde ba\u015flayan ve Marmara Ceza \u0130nfaz Kurumu\u2019ndaki duru\u015fma salonunda devam eden davan\u0131n birinci duru\u015fmas\u0131 d\u00f6rt g\u00fcn s\u00fcrd\u00fc ve d\u00fcn sona erdi.<\/p>\n<p>Mahkeme, Ku\u015fa\u011f\u0131m G\u00fcngen ve e\u015fi \u0130nan\u00e7 G\u00fcngen\u2019in tutukluluk halinin devam\u0131na karar verdi. Duru\u015fma 7 Ocak\u2019a ertelendi.<\/p>\n<p><b>\u0130DD\u0130ANAMEDEN<\/b><\/p>\n<p>K\u00fc\u00e7\u00fck\u00e7ekmece Cumhuriyet Ba\u015fsavc\u0131l\u0131\u011f\u0131nca haz\u0131rlanan iddianamede, 10 ki\u015fi &#8220;ma\u011fdur&#8221;, 6 ki\u015fi &#8220;m\u00fc\u015fteki&#8221;, 26 ki\u015fi ise &#8220;san\u0131k&#8221; olarak yer al\u0131yor.<\/p>\n<p>\u0130ddianamede, 10 Kas\u0131m 2023&#8217;te \u0130stanbul Emniyeti Mali Hatalarla Gayret \u015eube M\u00fcd\u00fcrl\u00fc\u011f\u00fcne iletilen \u015fikayet dilek\u00e7esinde, Ku\u015fa\u011f\u0131m G\u00fcngen&#8217;in kendi ismini ta\u015f\u0131yan ho\u015fluk merkezi \u00fczerinden kara para aklad\u0131\u011f\u0131 ve naylon fatura d\u00fczenledi\u011fi istikametinde ihbarda bulunuldu\u011fu belirtiliyor.<\/p>\n<p>Baz\u0131 m\u00fc\u015ftekilerin s\u00f6z\u00fcne yer verilen iddianamede, san\u0131k Ku\u015fa\u011f\u0131m G\u00fcngen&#8217;in ho\u015fluk merkezine gittikten sonra bedeninde yan\u0131k, enfeksiyon ve yaralar \u00fczere kal\u0131c\u0131 meseleler meydana gelen ma\u011fdurlar\u0131n da oldu\u011funun tespit edildi\u011fi aktar\u0131l\u0131yor.<\/p>\n<p>\u00d6rg\u00fct\u00fcn, d\u00fczmece kalfal\u0131k ve usta \u00f6\u011fretici evraklar\u0131yla e\u011fitim seviyesi k\u00e2fi olmayan i\u015f\u00e7i \u00e7al\u0131\u015ft\u0131rd\u0131klar\u0131 belirtilen iddianamede, S\u0131hhat Bakanl\u0131\u011f\u0131n\u0131n onay\u0131 olmayan ge\u00e7ersiz evraklarla kay\u0131t d\u0131\u015f\u0131 kullan\u0131lan ayg\u0131tlar sonras\u0131nda halk s\u0131hhatinin tehlikeye at\u0131ld\u0131\u011f\u0131 ve bu sayede haks\u0131z yarar sa\u011fland\u0131\u011f\u0131 belirtiliyor.<\/p>\n<p>\u0130ddianamede, san\u0131klar \u0130nan\u00e7 G\u00fcngen ve Neslihan G\u00fcngen taraf\u0131ndan y\u00f6netilen hata \u00f6rg\u00fct\u00fcn\u00fcn franchise mukavelesi i\u00e7in anla\u015ft\u0131\u011f\u0131 \u015fah\u0131slar\u0131 ikna etmek maksad\u0131yla, \u00f6rg\u00fct y\u00f6neticisi Yeliz \u00c7al\u0131\u015fkan ve Buket Ho\u015fmen arac\u0131l\u0131\u011f\u0131yla sade i\u00e7erikler bulunan ve bayi a\u00e7\u0131l\u0131\u015f\u0131nda gereken t\u00fcm s\u00fcre\u00e7lerin Jenerasyonum G\u00fcngen Ho\u015fluk Merkezi isimli \u015firket taraf\u0131ndan kar\u015f\u0131lanaca\u011f\u0131 belirtilen kontratlar\u0131 okuttuklar\u0131 s\u00f6z ediliyor.<\/p>\n<p>Ayr\u0131ca \u015firketin y\u00fcksek cirolar elde etti\u011fi ve 3 ay \u00fczere k\u0131sa bir m\u00fcddette franchise bedelinin amorti edildi\u011fine y\u00f6nelik ge\u00e7ersiz i\u00e7erikli g\u00f6r\u00fcnt\u00fcler izlettikleri belirtilen iddianamede, franchise kontrat i\u00e7eriklerini okuyan bireylerin muahede ko\u015fullar\u0131n\u0131 kabul etmesi sonras\u0131nda Yeliz \u00c7al\u0131\u015fkan&#8217;\u0131n mukavele n\u00fcshalar\u0131n\u0131 \u00e7o\u011faltmak mazeretiyle odadan ayr\u0131l\u0131p farkl\u0131 i\u00e7erikler bulunan mukaveleyi ilgililere imzalatt\u0131\u011f\u0131 kaydediliyor.<\/p>\n<p>\u0130ddianamede, san\u0131klar\u0131n \u00c7al\u0131\u015fkan&#8217;\u0131n imzalatt\u0131\u011f\u0131 evraklarla, franchise ortaklar\u0131n\u0131 a\u011f\u0131r kontrat ve mukavele fesih kurallar\u0131yla ziyana u\u011fratt\u0131klar\u0131, bu sayede y\u00fcksek hacimli haks\u0131z kar sa\u011flad\u0131klar\u0131 tabir ediliyor.<\/p>\n<p>San\u0131klar\u0131n gerek kendi \u015firketlerine gerekse franchise bayilerine temin edilen ayg\u0131tlar\u0131n CE evrak\u0131n\u0131n bulunmad\u0131\u011f\u0131 aktar\u0131lan iddianamede, ayg\u0131tlara ili\u015fkin dok\u00fcmanlar\u0131n ge\u00e7ersiz olarak \u00fcretildi\u011fi, a\u011f\u0131r mukavele ko\u015fullar\u0131yla sat\u0131lan ayg\u0131tlar\u0131n ar\u0131za yapmas\u0131 durumunda teknik servis ve garanti s\u00fcreci vermedikleri belirtiliyor.<\/p>\n<p>\u0130ddianamede, franchise bayilerine zorla eser sat\u0131ld\u0131\u011f\u0131, almak istemeyenlere mukavele kaidelerine nazaran icraya verilece\u011fi, mal varl\u0131klar\u0131na el konulaca\u011f\u0131 formunda bask\u0131 uyguland\u0131\u011f\u0131 ve bu bireylerin tehdit edildikleri, san\u0131klar\u0131n mukaveleleri feshetmek isteyenlere de hileyle imzalatt\u0131klar\u0131 kontrat ko\u015fullar\u0131n\u0131 g\u00f6stererek, fesih bedeli ismi alt\u0131nda para talep ettikleri, para vermek istemeyen bayilerin mal varl\u0131klar\u0131n\u0131 \u00e7al\u0131\u015fanlar\u0131n\u0131n \u00fczerine vermesi durumunda mukaveleyi fesih edebileceklerini s\u00f6yleyerek bask\u0131 uygulad\u0131klar\u0131 kaydediliyor.<\/p>\n<p>Haz\u0131rlanan MASAK raporlar\u0131nda, \u00f6rg\u00fct\u00fcn t\u00fcm para transferlerini t\u0131pk\u0131 banka \u00fczerinden ger\u00e7ekle\u015ftirdi\u011fi ve bu bankadan y\u00fcksek mebla\u011flarda kredi \u00e7ekebilmek i\u00e7in d\u00fczmece faturalar d\u00fczenledi\u011finin tespit edildi\u011fi belirtiliyor.<\/p>\n<p>\u0130ddianamede, Ku\u015fa\u011f\u0131m G\u00fcngen ve e\u015fi \u0130nan\u00e7 G\u00fcngen hakk\u0131nda &#8220;Vergi Adap Kanunu&#8217;na muhalefet&#8221;, &#8220;malvarl\u0131\u011f\u0131 bedellerinin gayrime\u015fru kayna\u011f\u0131n\u0131 gizlemek&#8221;, &#8220;banka yahut kredi kurumlar\u0131nca tahsis edilmemesi gereken krediyi sa\u011flamak maksad\u0131yla doland\u0131r\u0131c\u0131l\u0131k&#8221;, &#8220;su\u00e7 i\u015flemek hedefiyle \u00f6rg\u00fct kurma&#8221;, &#8220;kooperatif y\u00f6neticilerinin kooperatifin faaliyeti kapsam\u0131nda doland\u0131r\u0131c\u0131l\u0131k&#8221;, &#8220;zehirli unsur imali ve ticareti yapmak&#8221; ve &#8220;resmi dok\u00fcmanda sahtecilik&#8221; kabahatlerinden ba\u015fka farkl\u0131 49 y\u0131l 8 aydan 154 y\u0131la kadar mahpus cezas\u0131 talep ediliyor.<\/p>\n<p>\u0130ddianamede, ba\u015fka 24 san\u0131k i\u00e7in de emsal c\u00fcr\u00fcmlerden de\u011fi\u015fen m\u00fcddetlerde mahpus cezas\u0131 isteniyor.<\/p>\n","protected":false},"excerpt":{"rendered":"<p>Fenomen Jenerasyonum G\u00fcngen ve e\u015fi \u0130nan\u00e7 G\u00fcngen\u2019in de ortalar\u0131nda bulundu\u011fu 26 san\u0131\u011f\u0131n yarg\u0131land\u0131\u011f\u0131 davada mahkeme, tutukluluk halinin devam\u0131na karar verdi. Duru\u015fma 7 Ocak\u2019a ertelendi.<\/p>\n","protected":false},"author":1,"featured_media":85764,"comment_status":"open","ping_status":"open","sticky":false,"template":"","format":"standard","meta":{"footnotes":""},"categories":[25],"tags":[1324,1578,564,440,97],"class_list":["post-85763","post","type-post","status-publish","format-standard","has-post-thumbnail","hentry","category-gundem","tag-iddianamede","tag-sahte","tag-sanik","tag-sozlesme","tag-suc"],"_links":{"self":[{"href":"https:\/\/ikimisli.tr\/index.php\/wp-json\/wp\/v2\/posts\/85763","targetHints":{"allow":["GET"]}}],"collection":[{"href":"https:\/\/ikimisli.tr\/index.php\/wp-json\/wp\/v2\/posts"}],"about":[{"href":"https:\/\/ikimisli.tr\/index.php\/wp-json\/wp\/v2\/types\/post"}],"author":[{"embeddable":true,"href":"https:\/\/ikimisli.tr\/index.php\/wp-json\/wp\/v2\/users\/1"}],"replies":[{"embeddable":true,"href":"https:\/\/ikimisli.tr\/index.php\/wp-json\/wp\/v2\/comments?post=85763"}],"version-history":[{"count":1,"href":"https:\/\/ikimisli.tr\/index.php\/wp-json\/wp\/v2\/posts\/85763\/revisions"}],"predecessor-version":[{"id":85765,"href":"https:\/\/ikimisli.tr\/index.php\/wp-json\/wp\/v2\/posts\/85763\/revisions\/85765"}],"wp:featuredmedia":[{"embeddable":true,"href":"https:\/\/ikimisli.tr\/index.php\/wp-json\/wp\/v2\/media\/85764"}],"wp:attachment":[{"href":"https:\/\/ikimisli.tr\/index.php\/wp-json\/wp\/v2\/media?parent=85763"}],"wp:term":[{"taxonomy":"category","embeddable":true,"href":"https:\/\/ikimisli.tr\/index.php\/wp-json\/wp\/v2\/categories?post=85763"},{"taxonomy":"post_tag","embeddable":true,"href":"https:\/\/ikimisli.tr\/index.php\/wp-json\/wp\/v2\/tags?post=85763"}],"curies":[{"name":"wp","href":"https:\/\/api.w.org\/{rel}","templated":true}]}}