{"id":85779,"date":"2025-10-05T03:31:12","date_gmt":"2025-10-05T03:31:12","guid":{"rendered":"https:\/\/ikimisli.tr\/?p=85779"},"modified":"2025-10-05T03:31:12","modified_gmt":"2025-10-05T03:31:12","slug":"akpde-gonulsuz-istifa-dalgasi-buyuyor-merkez-dugmeye-basti","status":"publish","type":"post","link":"https:\/\/ikimisli.tr\/index.php\/2025\/10\/05\/akpde-gonulsuz-istifa-dalgasi-buyuyor-merkez-dugmeye-basti\/","title":{"rendered":"AKP\u2019de \u2018g\u00f6n\u00fcls\u00fcz\u2019 istifa dalgas\u0131 b\u00fcy\u00fcyor! Merkez d\u00fc\u011fmeye bast\u0131"},"content":{"rendered":"<p>Cumhurba\u015fkan\u0131 Recep Tayyip Erdo\u011fan\u2019\u0131n AKP te\u015fkilatlardan rahats\u0131z oldu\u011fu ve \u00f6rg\u00fctleri \u201cpasif kalmakla\u201d ele\u015ftirdi\u011fi kulislere yans\u0131d\u0131. AKP\u2019de istifalar\u0131n perde gerisinde \u201cg\u00f6n\u00fcll\u00fc de\u011fi\u015fim\u201d de\u011fil, genel merkezin direkt m\u00fcdahalesi oldu\u011fu konu\u015fuluyor.<\/p>\n<p>Parti kulislerine nazaran Erdo\u011fan, \u201c\u00f6rg\u00fctleri canl\u0131 tutamayan\u201d vilayet liderlerini tek tek vazifeden ald\u0131r\u0131yor. 8 vilayet liderinin istifas\u0131n\u0131n akabinde di\u011fer vilayetlerde de de\u011fi\u015fim bekleniyor.<\/p>\n<p>AKP\u2019de vilayet liderleri \u00fczerinden ba\u015flayan istifa ve vazifeden alma s\u00fcrecinin devam edece\u011fi kulislere yans\u0131d\u0131.<\/p>\n<p>Daha evvel \u201cg\u00f6rev de\u011fi\u015fimi\u201d denilerek duyurulan Elaz\u0131\u011f, Mu\u011fla, Ad\u0131yaman, Ni\u011fde, Bitlis, \u00c7anakkale, Ordu, Tunceli vilayet liderlerinin istifalar\u0131n\u0131n, asl\u0131nda genel merkezin direkt talimat\u0131yla ger\u00e7ekle\u015fti\u011fi belirtiliyor.<\/p>\n<p>Edinilen bilgilere nazaran Cumhurba\u015fkan\u0131 Recep Tayyip Erdo\u011fan, parti te\u015fkilatlar\u0131n\u0131n performans\u0131ndan \u015fad de\u011fil.<\/p>\n<p>\u00d6rg\u00fctlerin alanda yetersiz kald\u0131\u011f\u0131 ve se\u00e7menle ba\u011f\u0131 canl\u0131 tutamad\u0131\u011f\u0131 de\u011ferlendirmesi yap\u0131l\u0131yor.<\/p>\n<p>Parti i\u00e7inde \u201cyenilenme\u201d gerek\u00e7esiyle y\u00fcr\u00fct\u00fclen bu s\u00fcrecin, istekli bir istifa de\u011fil, genel merkez taraf\u0131ndan y\u00f6nlendirilen misyondan almalar oldu\u011fu tabir ediliyor.<\/p>\n<p>Erdo\u011fan\u2019\u0131n, \u201cte\u015fkilatlar pasif kal\u0131yor, halkla ba\u011f zay\u0131f\u201d diyerek kurmaylar\u0131na talimat verdi\u011fi, bu do\u011frultuda \u00e7ok say\u0131da vilayette liderlerin de\u011fi\u015ftirilece\u011fi belirtiliyor.<\/p>\n<p><b>G\u00d6REVDEN ALMALAR DEVAM EDECEK<\/b><\/p>\n<p>Parti kaynaklar\u0131na nazaran, bu s\u00fcre\u00e7 sadece birinci dalga ile hudutlu kalmayacak. \u00d6n\u00fcm\u00fczdeki haftalarda yeni vazifeden almalar\u0131n ya\u015fanaca\u011f\u0131, bilhassa se\u00e7im haz\u0131rl\u0131\u011f\u0131nda \u201czay\u0131f halka\u201d olarak g\u00f6r\u00fclen vilayetlerde de\u011fi\u015fim i\u00e7in d\u00fc\u011fmeye bas\u0131ld\u0131\u011f\u0131 aktar\u0131l\u0131yor. AKP kulislerinde, Erdo\u011fan\u2019\u0131n te\u015fkilatlar\u0131n alanda g\u00f6r\u00fcn\u00fcrl\u00fc\u011f\u00fcnden, \u00f6rg\u00fctlenme performans\u0131ndan ve lokal idarelerle kurulan m\u00fcnasebetlerden rahats\u0131z oldu\u011fu, bu nedenle parti i\u00e7inde \u201cdinamizm\u201d aray\u0131\u015f\u0131n\u0131n ba\u015flad\u0131\u011f\u0131 kaydediliyor. \u0130stifalar\u0131n akabinde yap\u0131lan a\u00e7\u0131klamalarda \u201cg\u00f6rev de\u011fi\u015fimi\u201d vurgusu yap\u0131lsa da kulislerde bu s\u00fcrecin asl\u0131nda merkezden mecbur\u00ee hale getirildi\u011fi konu\u015fuluyor.<\/p>\n<p><b>SIRADAK\u0130 V\u0130LAYETLER KONU\u015eULUYOR<\/b><\/p>\n<p>Cumhuriyet&#8217;te yer alan habere nazaran, Ankara, \u0130zmir ve Adana \u00fczere vilayetlerde \u00f6rg\u00fctlerin \u201cmerkezden ikaz ald\u0131\u011f\u0131\u201d belirtilirken; Karadeniz ve \u0130\u00e7 Anadolu\u2019da da birka\u00e7 vilayet liderinin misyondan ayr\u0131lmaya zorlanabilece\u011fi arg\u00fcmanlar\u0131 kulislerde lisana getiriliyor. Vazifeden almalar\u0131n devam edece\u011fi s\u00f6ylentisi te\u015fkilatlar ortas\u0131nda huzursuzlu\u011fa yol a\u00e7m\u0131\u015f durumda. AKP\u2019nin 2028 se\u00e7imlerine haz\u0131rl\u0131k s\u00fcrecinde te\u015fkilatlarda itimat tazelemek istedi\u011fi, bu nedenle de\u011fi\u015fimin sert ve s\u00fcratli bi\u00e7imde s\u00fcrece\u011fi belirtiliyor.<\/p>\n<p><b>\u2018KIRGINLIKLARI ARTIRAB\u0130L\u0130R\u0130Z\u2019<\/b><\/p>\n<p>Parti i\u00e7inde vazifeden almalara y\u00f6nelik iki farkl\u0131 bak\u0131\u015f dikkat \u00e7ekiyor. Bir k\u00fcme, \u201cyenilenmenin ka\u00e7\u0131n\u0131lmaz\u201d oldu\u011funu savunarak Erdo\u011fan\u2019\u0131n kararlar\u0131n\u0131 desteklerken, \u00f6teki bir grup bu y\u00f6ntemin parti taban\u0131nda k\u0131rg\u0131nl\u0131k yaratabilece\u011fi g\u00f6r\u00fc\u015f\u00fcnde. Bilhassa uzun m\u00fcddettir vazife yapan kimi vilayet liderlerinin \u201cemeklerinin g\u00f6rmezden gelindi\u011fi\u201d ele\u015ftirisi y\u00fckseliyor. Kimi kurmaylar, \u201cte\u015fkilat\u0131 g\u00fc\u00e7lendirelim derken i\u00e7erde k\u0131rg\u0131nl\u0131klar\u0131 art\u0131rabiliriz\u201d ikaz\u0131nda bulunuyor.<\/p>\n","protected":false},"excerpt":{"rendered":"<p>Genel merkezin talimat\u0131yla ba\u015flayan misyondan almalar\u0131n birinci dalgayla s\u0131n\u0131rl\u0131 kalmayaca\u011f\u0131 belirtiliyor. Parti kulislerinde bir\u00e7ok vilayet liderinin misyondan al\u0131naca\u011f\u0131 konu\u015fulurken, te\u015fkilatlarda \u201ci\u00e7 k\u0131rg\u0131nl\u0131k\u201d tasas\u0131 hakim.<\/p>\n","protected":false},"author":1,"featured_media":85780,"comment_status":"open","ping_status":"open","sticky":false,"template":"","format":"standard","meta":{"footnotes":""},"categories":[25],"tags":[6301,8845,445,1622,189],"class_list":["post-85779","post","type-post","status-publish","format-standard","has-post-thumbnail","hentry","category-gundem","tag-degisim","tag-gorevden-alma","tag-istifa","tag-merkez","tag-parti"],"_links":{"self":[{"href":"https:\/\/ikimisli.tr\/index.php\/wp-json\/wp\/v2\/posts\/85779","targetHints":{"allow":["GET"]}}],"collection":[{"href":"https:\/\/ikimisli.tr\/index.php\/wp-json\/wp\/v2\/posts"}],"about":[{"href":"https:\/\/ikimisli.tr\/index.php\/wp-json\/wp\/v2\/types\/post"}],"author":[{"embeddable":true,"href":"https:\/\/ikimisli.tr\/index.php\/wp-json\/wp\/v2\/users\/1"}],"replies":[{"embeddable":true,"href":"https:\/\/ikimisli.tr\/index.php\/wp-json\/wp\/v2\/comments?post=85779"}],"version-history":[{"count":1,"href":"https:\/\/ikimisli.tr\/index.php\/wp-json\/wp\/v2\/posts\/85779\/revisions"}],"predecessor-version":[{"id":85781,"href":"https:\/\/ikimisli.tr\/index.php\/wp-json\/wp\/v2\/posts\/85779\/revisions\/85781"}],"wp:featuredmedia":[{"embeddable":true,"href":"https:\/\/ikimisli.tr\/index.php\/wp-json\/wp\/v2\/media\/85780"}],"wp:attachment":[{"href":"https:\/\/ikimisli.tr\/index.php\/wp-json\/wp\/v2\/media?parent=85779"}],"wp:term":[{"taxonomy":"category","embeddable":true,"href":"https:\/\/ikimisli.tr\/index.php\/wp-json\/wp\/v2\/categories?post=85779"},{"taxonomy":"post_tag","embeddable":true,"href":"https:\/\/ikimisli.tr\/index.php\/wp-json\/wp\/v2\/tags?post=85779"}],"curies":[{"name":"wp","href":"https:\/\/api.w.org\/{rel}","templated":true}]}}