{"id":85785,"date":"2025-10-05T03:55:11","date_gmt":"2025-10-05T03:55:11","guid":{"rendered":"https:\/\/ikimisli.tr\/?p=85785"},"modified":"2025-10-05T03:55:11","modified_gmt":"2025-10-05T03:55:11","slug":"elon-muskin-cagrisi-sonrasi-netflix-hisseleri-5-ayda-en-sert-dususu-yasadi","status":"publish","type":"post","link":"https:\/\/ikimisli.tr\/index.php\/2025\/10\/05\/elon-muskin-cagrisi-sonrasi-netflix-hisseleri-5-ayda-en-sert-dususu-yasadi\/","title":{"rendered":"Elon Musk\u2019\u0131n \u00e7a\u011fr\u0131s\u0131 sonras\u0131 Netflix hisseleri 5 ayda en sert d\u00fc\u015f\u00fc\u015f\u00fc ya\u015fad\u0131"},"content":{"rendered":"<p>Netflix paylar\u0131 cuma g\u00fcn\u00fc bedel kaybederek 4 Nisan\u2019dan bu yana en sert haftal\u0131k d\u00fc\u015f\u00fc\u015f\u00fcn\u00fc kaydetti. \u015eirketin paylar\u0131, Tesla CEO\u2019su Elon Musk\u2019\u0131n kullan\u0131c\u0131lar\u0131 platformu boykot etmeye \u00e7a\u011f\u0131rmaya devam etmesiyle birlikte, haftan\u0131n son s\u00fcre\u00e7 g\u00fcn\u00fcne kadar ge\u00e7en 5 g\u00fcnl\u00fck m\u00fcddette yakla\u015f\u0131k y\u00fczde 5 geriledi.<\/p>\n<p>Netflix\u2019in pay performans\u0131, t\u0131pk\u0131 devirde y\u00fczde 2 y\u00fckselerek rekor k\u0131ran genel piyasan\u0131n ve Amazon ile Meta \u00fczere b\u00fcy\u00fck teknoloji \u015firketlerinin gerisinde kald\u0131.<\/p>\n<p><b>MUSK, BOYKOT DAVET\u0130 YAPTI<\/b><\/p>\n<p>Hisselerdeki d\u00fc\u015f\u00fc\u015f, Elon Musk\u2019\u0131n boykot davetlerini yo\u011funla\u015ft\u0131rmas\u0131yla geldi. Musk, X platformundaki 227 milyon takip\u00e7isine Netflix aboneliklerini iptal etmeleri davetinde bulunurken, platformu \u00e7ocuk programlar\u0131nda kelamda trans iletiler vermekle su\u00e7lad\u0131.<\/p>\n<p>Son birka\u00e7 g\u00fcn i\u00e7inde Musk, Netflix\u2019in i\u00e7eriklerini ele\u015ftiren bir dizi payla\u015f\u0131m yapt\u0131 ve sal\u0131 g\u00fcn\u00fc att\u0131\u011f\u0131 bir iletide, \u201c\u00c7ocuklar\u0131n\u0131z\u0131n s\u0131hhati i\u00e7in Netflix\u2019i iptal edin\u201d s\u00f6zlerini kulland\u0131.<\/p>\n","protected":false},"excerpt":{"rendered":"<p>Tesla CEO\u2019su Elon Musk\u2019\u0131n, kullan\u0131c\u0131lar\u0131 Netflix aboneliklerini iptal etmeye \u00e7a\u011f\u0131rmas\u0131n\u0131n akabinde \u015firket paylar\u0131 bu hafta sert k\u0131ymet kaybetti.<\/p>\n","protected":false},"author":1,"featured_media":85786,"comment_status":"open","ping_status":"open","sticky":false,"template":"","format":"standard","meta":{"footnotes":""},"categories":[24],"tags":[89,2617],"class_list":["post-85785","post","type-post","status-publish","format-standard","has-post-thumbnail","hentry","category-ekonomi","tag-gun","tag-netflix"],"_links":{"self":[{"href":"https:\/\/ikimisli.tr\/index.php\/wp-json\/wp\/v2\/posts\/85785","targetHints":{"allow":["GET"]}}],"collection":[{"href":"https:\/\/ikimisli.tr\/index.php\/wp-json\/wp\/v2\/posts"}],"about":[{"href":"https:\/\/ikimisli.tr\/index.php\/wp-json\/wp\/v2\/types\/post"}],"author":[{"embeddable":true,"href":"https:\/\/ikimisli.tr\/index.php\/wp-json\/wp\/v2\/users\/1"}],"replies":[{"embeddable":true,"href":"https:\/\/ikimisli.tr\/index.php\/wp-json\/wp\/v2\/comments?post=85785"}],"version-history":[{"count":1,"href":"https:\/\/ikimisli.tr\/index.php\/wp-json\/wp\/v2\/posts\/85785\/revisions"}],"predecessor-version":[{"id":85787,"href":"https:\/\/ikimisli.tr\/index.php\/wp-json\/wp\/v2\/posts\/85785\/revisions\/85787"}],"wp:featuredmedia":[{"embeddable":true,"href":"https:\/\/ikimisli.tr\/index.php\/wp-json\/wp\/v2\/media\/85786"}],"wp:attachment":[{"href":"https:\/\/ikimisli.tr\/index.php\/wp-json\/wp\/v2\/media?parent=85785"}],"wp:term":[{"taxonomy":"category","embeddable":true,"href":"https:\/\/ikimisli.tr\/index.php\/wp-json\/wp\/v2\/categories?post=85785"},{"taxonomy":"post_tag","embeddable":true,"href":"https:\/\/ikimisli.tr\/index.php\/wp-json\/wp\/v2\/tags?post=85785"}],"curies":[{"name":"wp","href":"https:\/\/api.w.org\/{rel}","templated":true}]}}