{"id":85862,"date":"2025-10-05T08:31:12","date_gmt":"2025-10-05T08:31:12","guid":{"rendered":"https:\/\/ikimisli.tr\/?p=85862"},"modified":"2025-10-05T08:31:12","modified_gmt":"2025-10-05T08:31:12","slug":"muftuden-vakif-darbesi","status":"publish","type":"post","link":"https:\/\/ikimisli.tr\/index.php\/2025\/10\/05\/muftuden-vakif-darbesi\/","title":{"rendered":"M\u00fcft\u00fcden vak\u0131f darbesi"},"content":{"rendered":"<p>Gaziantep Diyanet Vakf\u0131\u2019nda skandal niteli\u011finde bir yetki tart\u0131\u015fmas\u0131 ya\u015fan\u0131yor.<\/p>\n<p>\u0130ddiaya nazaran, Gaziantep Vilayet M\u00fcft\u00fcs\u00fc H\u00fcseyin Haz\u0131rlar, vak\u0131f senedini ve yasal tarzlar\u0131 hi\u00e7e sayarak 30 Eyl\u00fcl 2025 tarihinde vakf\u0131n genel konseyini m\u00fcsaadesiz halde toplad\u0131.<\/p>\n<p>M\u00fctevelli heyetinin bilgisi ve onay\u0131 d\u0131\u015f\u0131nda yap\u0131lan bu davete kar\u015f\u0131 t\u00fcrel s\u00fcre\u00e7 ba\u015flat\u0131ld\u0131. Vak\u0131f ismine Gaziantep 5. Noterli\u011fi arac\u0131l\u0131\u011f\u0131yla resm\u00ee ihtar \u00e7ekildi.<\/p>\n<p><b>VAKIF DARBES\u0130NE TERF\u0130 \u00d6D\u00dcL\u00dc<\/b><\/p>\n<p>1973 y\u0131l\u0131nda kurulan Gaziantep Diyanet Vakf\u0131&#8217;n\u0131n resmi senedine g\u00f6re, genel kurulu toplama yetkisi yaln\u0131zca m\u00fctevelli heyetine ili\u015fkin.<\/p>\n<p>Ancak vakf\u0131n m\u00fctevelli heyeti karar\u0131 olmaks\u0131z\u0131n, Vilayet M\u00fcft\u00fcs\u00fc H\u00fcseyin Haz\u0131rlar\u2019\u0131n tek tarafl\u0131 olarak genel \u015fura daveti yapt\u0131\u011f\u0131 ve bu s\u00fcreci tek imzayla ger\u00e7ekle\u015ftirdi\u011fi ortaya \u00e7\u0131kt\u0131.<\/p>\n<p>Genel konseyde ayr\u0131yeten, s\u0131rf bo\u015falan \u00fcyelerin \u00fc\u00e7te birinin de\u011fi\u015ftirilebilece\u011fi karar\u0131na kar\u015f\u0131n, m\u00fctevelli heyetinin tamam\u0131n\u0131n de\u011fi\u015ftirildi\u011fi ileri s\u00fcr\u00fcld\u00fc.<\/p>\n<p>Bu duruma itiraz eden mevcut heyet \u00fcyeleri, noter arac\u0131l\u0131\u011f\u0131yla ihtarname g\u00f6ndererek al\u0131nan kararlar\u0131n yasal m\u00fchletlere uygun halde iptal edilmesini talep etti.<\/p>\n<p>Hukuki s\u00fcre\u00e7 ba\u015flat\u0131l\u0131rken kelam konusu s\u00fcre\u00e7leri ger\u00e7ekle\u015ftiren m\u00fcft\u00fcs\u00fc H\u00fcseyin Haz\u0131rlar\u2019\u0131n s\u0131rf \u00fc\u00e7 g\u00fcn sonra diyanet i\u015fleri ba\u015fkan\u0131 olarak atanmas\u0131 tepkileri daha da artt\u0131rd\u0131.<\/p>\n<p><b>\u201cBU B\u0130R DARBED\u0130R, HUKUK TANINMAMI\u015eTIR\u201d<\/b><\/p>\n<p>Konuyla ilgili a\u00e7\u0131klama yapan \u015eahinbey Belediyesi eski Meclis \u00dcyesi U\u011fur Kalkan,\u201cKendisinin tek ba\u015f\u0131na yetkisi olmamas\u0131na ra\u011fmen genel kurulu toplant\u0131ya \u00e7a\u011f\u0131rd\u0131. Bunu da yetkisi olmamas\u0131na kar\u015f\u0131n tek imzayla yapt\u0131. Bunun hukuksuz oldu\u011funu s\u00f6yleyen m\u00fctevelli heyeti kendisine reaksiyon g\u00f6sterdi ve noter arac\u0131l\u0131\u011f\u0131yla ihtar \u00e7ekildi. Bo\u015falan m\u00fctevelli heyeti \u00fcyelerinin 1\/3 \u00fc genel \u015furaca de\u011fi\u015ftirilebilirken; hepsi de\u011fi\u015ftirildi. 4 Y\u0131l birlikte \u00e7al\u0131\u015ft\u0131\u011f\u0131 arkada\u015flar\u0131n\u0131n fikrini dahi almadan, isti\u015fare etmeden bu yolu se\u00e7ti.\u00a0 Bir Vilayet M\u00fcft\u00fcs\u00fc bu i\u015flere neden bu halde m\u00fcdahil olmak ister; bunu anlamak m\u00fcmk\u00fcn de\u011fil. Bir m\u00fcft\u00fc bunu yaparsa; di\u011ferlerinin neler yapabilece\u011fini d\u00fc\u015f\u00fcnmek bile istemiyorum. Bu hukuksuz kararlar\u0131n iptal edilmesi gerekiyor. Bahisle ilgili yetkilileri de vazifeye davet ediyorum&#8221; dedi.<\/p>\n<p><img decoding=\"async\" src=\"https:\/\/ikimisli.tr\/wp-content\/uploads\/2025\/10\/muftuden-vakif-darbesi-0-yiW7nNvI.jpg\"\/><\/p>\n","protected":false},"excerpt":{"rendered":"<p>Gaziantep Vilayet M\u00fcft\u00fcs\u00fc H\u00fcseyin Haz\u0131rlar\u2019\u0131n yetkisi olmadan Gaziantep Diyanet Vakf\u0131 genel konseyini tek imzayla toplad\u0131\u011f\u0131 sav edildi. Vakf\u0131n m\u00fctevelli heyeti hukuksuzlu\u011fa reaksiyon g\u00f6stererek noter arac\u0131l\u0131\u011f\u0131yla resm\u00ee ihtar g\u00f6nderdi. M\u00fcft\u00fc Haz\u0131rlar\u2019\u0131n bu tart\u0131\u015fmal\u0131 s\u00fcrecin \u00e7abucak akabinde 3 Ekim\u2019de Diyanet \u0130\u015fleri Lider Yard\u0131mc\u0131s\u0131 olarak atanmas\u0131 dikkat \u00e7ekti.<\/p>\n","protected":false},"author":1,"featured_media":85863,"comment_status":"open","ping_status":"open","sticky":false,"template":"","format":"standard","meta":{"footnotes":""},"categories":[25],"tags":[3720,302,5565,9500,2045],"class_list":["post-85862","post","type-post","status-publish","format-standard","has-post-thumbnail","hentry","category-gundem","tag-genel-kurul","tag-hukuk","tag-muftu","tag-mutevelli-heyeti","tag-yetki"],"_links":{"self":[{"href":"https:\/\/ikimisli.tr\/index.php\/wp-json\/wp\/v2\/posts\/85862","targetHints":{"allow":["GET"]}}],"collection":[{"href":"https:\/\/ikimisli.tr\/index.php\/wp-json\/wp\/v2\/posts"}],"about":[{"href":"https:\/\/ikimisli.tr\/index.php\/wp-json\/wp\/v2\/types\/post"}],"author":[{"embeddable":true,"href":"https:\/\/ikimisli.tr\/index.php\/wp-json\/wp\/v2\/users\/1"}],"replies":[{"embeddable":true,"href":"https:\/\/ikimisli.tr\/index.php\/wp-json\/wp\/v2\/comments?post=85862"}],"version-history":[{"count":1,"href":"https:\/\/ikimisli.tr\/index.php\/wp-json\/wp\/v2\/posts\/85862\/revisions"}],"predecessor-version":[{"id":85865,"href":"https:\/\/ikimisli.tr\/index.php\/wp-json\/wp\/v2\/posts\/85862\/revisions\/85865"}],"wp:featuredmedia":[{"embeddable":true,"href":"https:\/\/ikimisli.tr\/index.php\/wp-json\/wp\/v2\/media\/85863"}],"wp:attachment":[{"href":"https:\/\/ikimisli.tr\/index.php\/wp-json\/wp\/v2\/media?parent=85862"}],"wp:term":[{"taxonomy":"category","embeddable":true,"href":"https:\/\/ikimisli.tr\/index.php\/wp-json\/wp\/v2\/categories?post=85862"},{"taxonomy":"post_tag","embeddable":true,"href":"https:\/\/ikimisli.tr\/index.php\/wp-json\/wp\/v2\/tags?post=85862"}],"curies":[{"name":"wp","href":"https:\/\/api.w.org\/{rel}","templated":true}]}}