{"id":85950,"date":"2025-10-05T13:31:12","date_gmt":"2025-10-05T13:31:12","guid":{"rendered":"https:\/\/ikimisli.tr\/?p=85950"},"modified":"2025-10-05T13:31:12","modified_gmt":"2025-10-05T13:31:12","slug":"baskentliler-dikkat-yarin-bazi-yollar-trafige-kapatilacak","status":"publish","type":"post","link":"https:\/\/ikimisli.tr\/index.php\/2025\/10\/05\/baskentliler-dikkat-yarin-bazi-yollar-trafige-kapatilacak\/","title":{"rendered":"Ba\u015fkentliler dikkat! Yar\u0131n baz\u0131 yollar trafi\u011fe kapat\u0131lacak"},"content":{"rendered":"<p>Ba\u015fkentte birtak\u0131m yollar 3. Milletleraras\u0131 Runkara Yar\u0131 Maratonu aktifli\u011fi nedeniyle yar\u0131n saat 07.30&#8217;dan itibaren ara\u00e7 trafi\u011fine kapat\u0131lacak.<\/p>\n<p>Ankara Emniyet M\u00fcd\u00fcrl\u00fc\u011f\u00fc&#8217;nden yap\u0131lan a\u00e7\u0131klamaya nazaran,\u00a0&#8220;3. Milletleraras\u0131 Runkara Yar\u0131 Maratonu&#8221; aktifli\u011fi nedeniyle saat 07.30&#8217;dan itibaren Hipodrom Caddesi&#8217;nin Fatih Sultan Mehmet Bulvar\u0131 ile Tren Gar\u0131 Kav\u015fa\u011f\u0131 ortas\u0131nda kalan k\u0131sm\u0131 \u00e7ift istikametli ara\u00e7 trafi\u011fine kapat\u0131lacak. A\u00e7\u0131klama \u015f\u00f6yle:<\/p>\n<p>&#8220;Kaz\u0131m Karabekir Caddesi&#8217;nin \u0130stanbul Caddesi ile Anadolu Meydan\u0131 ortas\u0131nda kalan k\u0131sm\u0131 \u00e7ift istikametli, Gazi Mustafa Kemal Bulvar\u0131&#8217;n\u0131n Strazburg Caddesi ile Anadolu Meydan\u0131 ortas\u0131nda kalan k\u0131sm\u0131 Anadolu Meydan\u0131 istikametine tek istikametli, An\u0131t Caddesi&#8217;nin tamam\u0131 \u00e7ift tarafl\u0131, Gen\u00e7lik Caddesi&#8217;nin \u015eehit G\u00f6nen\u00e7 Caddesi ile An\u0131t Caddesi ortas\u0131nda kalan k\u0131sm\u0131 \u00e7ift istikametli, Akdeniz Caddesi&#8217;nin Gen\u00e7lik Caddesi ile Ta\u015fkent Caddesi ortas\u0131nda kalan k\u0131sm\u0131 \u00e7ift istikametli,<\/p>\n<p>Mare\u015fal Fevzi \u00c7akmak Caddesi&#8217;nin \u015eehit G\u00f6ksenin Aytural \u015eaylan Caddesi ile Be\u015fevler Kav\u015fa\u011f\u0131 ortas\u0131nda kalan k\u0131s\u0131m \u00e7ift istikametli, D\u00f6gol Caddesi&#8217;nin Be\u015fevler Kav\u015fa\u011f\u0131 ile Anadolu Meydan\u0131 ortas\u0131nda kalan k\u0131sm\u0131 \u00e7ift tarafl\u0131, Gazeteci M\u00fcellif Muammer Ya\u015far Bostanc\u0131 Caddesi&#8217;nin tamam\u0131 \u00e7ift tarafl\u0131,<br \/>Band\u0131rma Caddesi&#8217;nin tamam\u0131 \u00e7ift tarafl\u0131, Silahtar Caddesi&#8217;nin tamam\u0131 \u00e7ift istikametli, \u00c7iftlik Caddesi&#8217;nin tamam\u0131 \u00e7ift istikametli, G\u00fcvercinlik Caddesi&#8217;nin tamam\u0131 \u00e7ift tarafl\u0131, Ankara Bulvar\u0131&#8217;n\u0131n Anadolu Bulvar\u0131 ile Hipodrom Caddesi ortas\u0131nda kalan k\u0131sm\u0131 Anadolu Bulvar\u0131&#8217;ndan Hipodrom Caddesi istikametine tek istikametli be bu\u00a0yollara ba\u011flanan t\u00fcm cadde, sokak ve varyantlar \u00e7ift tarafl\u0131 olarak ara\u00e7 trafi\u011fine kapat\u0131lacakt\u0131r.&#8221;<\/p>\n","protected":false},"excerpt":{"rendered":"<p>Ba\u015fkentte yar\u0131n 3. Memleketler aras\u0131 Runkara Yar\u0131 Maratonu nedeniyle bir\u00e7ok cadde ve sokak saat 07.30\u2019dan itibaren ara\u00e7 trafi\u011fine kapat\u0131lacak.<\/p>\n","protected":false},"author":1,"featured_media":85951,"comment_status":"open","ping_status":"open","sticky":false,"template":"","format":"standard","meta":{"footnotes":""},"categories":[25],"tags":[2827,9504,9505],"class_list":["post-85950","post","type-post","status-publish","format-standard","has-post-thumbnail","hentry","category-gundem","tag-anadolu","tag-bulvari","tag-cift-yonlu"],"_links":{"self":[{"href":"https:\/\/ikimisli.tr\/index.php\/wp-json\/wp\/v2\/posts\/85950","targetHints":{"allow":["GET"]}}],"collection":[{"href":"https:\/\/ikimisli.tr\/index.php\/wp-json\/wp\/v2\/posts"}],"about":[{"href":"https:\/\/ikimisli.tr\/index.php\/wp-json\/wp\/v2\/types\/post"}],"author":[{"embeddable":true,"href":"https:\/\/ikimisli.tr\/index.php\/wp-json\/wp\/v2\/users\/1"}],"replies":[{"embeddable":true,"href":"https:\/\/ikimisli.tr\/index.php\/wp-json\/wp\/v2\/comments?post=85950"}],"version-history":[{"count":1,"href":"https:\/\/ikimisli.tr\/index.php\/wp-json\/wp\/v2\/posts\/85950\/revisions"}],"predecessor-version":[{"id":85952,"href":"https:\/\/ikimisli.tr\/index.php\/wp-json\/wp\/v2\/posts\/85950\/revisions\/85952"}],"wp:featuredmedia":[{"embeddable":true,"href":"https:\/\/ikimisli.tr\/index.php\/wp-json\/wp\/v2\/media\/85951"}],"wp:attachment":[{"href":"https:\/\/ikimisli.tr\/index.php\/wp-json\/wp\/v2\/media?parent=85950"}],"wp:term":[{"taxonomy":"category","embeddable":true,"href":"https:\/\/ikimisli.tr\/index.php\/wp-json\/wp\/v2\/categories?post=85950"},{"taxonomy":"post_tag","embeddable":true,"href":"https:\/\/ikimisli.tr\/index.php\/wp-json\/wp\/v2\/tags?post=85950"}],"curies":[{"name":"wp","href":"https:\/\/api.w.org\/{rel}","templated":true}]}}