{"id":86087,"date":"2025-10-05T21:31:12","date_gmt":"2025-10-05T21:31:12","guid":{"rendered":"https:\/\/ikimisli.tr\/?p=86087"},"modified":"2025-10-05T21:31:12","modified_gmt":"2025-10-05T21:31:12","slug":"batik-olanlar-devlete-kar-edenler-aktasa","status":"publish","type":"post","link":"https:\/\/ikimisli.tr\/index.php\/2025\/10\/05\/batik-olanlar-devlete-kar-edenler-aktasa\/","title":{"rendered":"Bat\u0131k olanlar devlete k\u00e2r edenler Akta\u015f\u2019a"},"content":{"rendered":"<p>Organize hata \u00f6rg\u00fct\u00fc kurmak ve y\u00f6netmekten tutuklanan, itiraf\u00e7\u0131 olunca \u00f6zg\u00fcr b\u0131rak\u0131lan Aziz \u0130hsan Akta\u015f\u2019a ili\u015fkin 23 \u015firketten 16\u2019s\u0131na kayyum atand\u0131. Fakat sevgilisi ve akrabalar\u0131 \u00fczerine kurulu \u015firketleri ile Cengiz ailesiyle ortak oldu\u011fu g\u00fc\u00e7 ve akaryak\u0131t devleri kayyum d\u0131\u015f\u0131 b\u0131rak\u0131ld\u0131.<\/p>\n<p>\u0130fadeleriyle CHP\u2019li liderleri tutuklatt\u0131ran Akta\u015f\u2019a ili\u015fkin 16 \u015firket \u00fczerine kay\u0131tl\u0131 bulunan t\u00fcm mal varl\u0131klar\u0131 da Tasarruf Mevduat\u0131 Sigorta Fonuna (TMSF) devroldu. TMSF\u2019nin kayyum atad\u0131\u011f\u0131 \u015firketlerin ise Akta\u015f\u2019\u0131n i\u00e7ini bo\u015falt\u0131p kimileriyle ilgili iflas karar\u0131 ald\u0131\u011f\u0131 at\u0131l durumdaki \u015firketlerinden olu\u015fmas\u0131 dikkat \u00e7ekti. Lakin Akta\u015f\u2019\u0131n gelir getirisi y\u00fcksek, faaliyetlerini y\u00fcr\u00fctt\u00fc\u011f\u00fc kritik \u015firketlere kayyum uzanmad\u0131. Kelam konusu \u015firketlerin ortaklar\u0131 ortas\u0131nda iktidara yak\u0131n i\u015f insanlar\u0131 yer al\u0131yor.<\/p>\n<p><img decoding=\"async\" src=\"https:\/\/ikimisli.tr\/wp-content\/uploads\/2025\/10\/batik-olanlar-devlete-k-r-edenler-aktasa-0-Ut86ZdUl.jpg\"\/><\/p>\n<p><strong>HATIRLI ORTAKLIKLAR<\/strong><\/p>\n<p>Aziz \u0130hsan Akta\u015f\u2019\u0131n kayyum atanmayan \u015firketlerinin kimileri sevgilisi, akrabas\u0131 ve yak\u0131n \u00e7evresi \u00fczerine kurulu oldu\u011fu, kimilerinin da Cengiz ailesi ve iktidara yak\u0131n sermaye k\u00fcmeleriyle ortak \u015firketler oldu\u011fu \u00f6\u011frenildi. Bunlardan biri \u0130stanbul-Gaziosmanpa\u015fa TEM Otoyolu \u00fczerindeki d\u00fcnyan\u0131n \u00fc\u00e7\u00fcnc\u00fc, Avrupa\u2019n\u0131n ise en b\u00fcy\u00fck 76 pompal\u0131k akaryak\u0131t istasyonu ile \u00e7abucak yan\u0131nda in\u015faat\u0131 y\u00fckselen AVM\u2019nin ba\u011fl\u0131 bulundu\u011fu Elif-G\u00fcven Otoyol \u0130\u015fletmeleri Anonim \u015eirketine kayyum atamas\u0131 yap\u0131lmamas\u0131 dikkatlerden ka\u00e7mad\u0131.<\/p>\n<p><img decoding=\"async\" src=\"https:\/\/ikimisli.tr\/wp-content\/uploads\/2025\/10\/batik-olanlar-devlete-k-r-edenler-aktasa-1-ZhDrJwhm.jpg\"\/><\/p>\n<p><strong>AKP\u2019L\u0130 L\u0130DER\u0130N AKRABASI<\/strong><\/p>\n<p>Bu \u015firket resmi olarak Aziz \u0130hsan Akta\u015f ile Erzurum\u2019un Pasinler \u0130l\u00e7esi eski AKP\u2019li Belediye Ba\u015fkan\u0131 Ahmet D\u00f6lekli\u2019nin yak\u0131n akrabas\u0131 G\u00fcrkan D\u00f6lekli\u2019nin ismine. D\u00f6lekli\u2019nin Londra\u2019da Hazine ve Maliye Bakan\u0131 Mehmet \u015eim\u015fek ile birebir foto\u011fraf karesinde yemek masas\u0131ndaki foto\u011fraflar\u0131, abart\u0131l\u0131 ultra l\u00fcks ya\u015fant\u0131s\u0131yla ilgili kendi toplumsal medya hesab\u0131ndan payla\u015f\u0131mlar yapan ve iktidara yak\u0131nl\u0131\u011f\u0131yla bilinen Batmanl\u0131 i\u015f insan\u0131 Selman Re\u015fito\u011flu taraf\u0131ndan payla\u015f\u0131lm\u0131\u015ft\u0131.<\/p>\n<p><strong>MASAK: M\u0130LYARLIK Z\u0130YAN <\/strong><\/p>\n<p>Akta\u015f\u2019a ili\u015fkin \u015firketlerin tamam\u0131 ile ilgili MASAK, haz\u0131rlam\u0131\u015f oldu\u011fu detayl\u0131 raporu soru\u015fturman\u0131n y\u00fcr\u00fct\u00fcld\u00fc\u011f\u00fc \u0130stanbul Cumhuriyet Ba\u015fsavc\u0131l\u0131\u011f\u0131na g\u00f6nderdi. Raporda, ismi ge\u00e7en \u015firketler \u00fczerinden fesat kar\u0131\u015ft\u0131r\u0131larak al\u0131nan ihalelerle kamu hazinesinin milyarlarca lira ziyana u\u011frat\u0131larak Aziz \u0130hsan Akta\u015f taraf\u0131ndan haks\u0131z \u00e7\u0131kar sa\u011fland\u0131\u011f\u0131 bildirildi.<\/p>\n<p><b><span>Akaryak\u0131t istasyonu ve AVM\u2019ye de dokunulmad\u0131<\/span><\/b><\/p>\n<p>Akta\u015f\u2019\u0131n, \u0130stanbul TEM Otoyolu \u00fczerindeki akaryak\u0131t istasyonu ile \u00e7abucak yan\u0131nda in\u015faat\u0131 y\u00fckselen AVM\u2019nin ba\u011fl\u0131 bulundu\u011fu Elif-G\u00fcven Otoyol \u015firketine de dokunulmad\u0131. Kayyum atanmayan bir ba\u015fka y\u00fcksek sermayeli \u015firket ise Perla Denizcilik Ticaret Anonim \u015eirketi. Bu \u015firket de yeniden Aziz \u0130hsan Akta\u015f, G\u00fcrkan D\u00f6lekli ile Nurettin Cengiz\u2019e ili\u015fkin. \u0130\u015ftirakleri bulunan Perla Denizcilik, K\u0131br\u0131s ba\u015fta olmak \u00fczere gemilerle uluslar ortas\u0131 akaryak\u0131t nakliyecili\u011fi ve ticareti yap\u0131yor. Bu \u015firkete de TMSF taraf\u0131ndan rastgele bir kayyum atamas\u0131 ger\u00e7ekle\u015ftirilmedi.<\/p>\n<p><img decoding=\"async\" src=\"https:\/\/ikimisli.tr\/wp-content\/uploads\/2025\/10\/batik-olanlar-devlete-k-r-edenler-aktasa-2-kwbikqHy.jpg\"\/><\/p>\n<p><b>TMSF\u2019YE DEVRED\u0130LMEYEN \u015e\u0130RKETLERDEN BAZILARI<\/b><\/p>\n<p><b><span>AKP\u2019nin kamp yapt\u0131\u011f\u0131 otelin sahibiyle ortak<\/span><\/b><\/p>\n<p>Akta\u015f itiraf\u00e7\u0131 olduktan sonra G\u00fcrkan D\u00f6lekli de g\u00f6zalt\u0131na al\u0131nm\u0131\u015f, akabinde \u00f6zg\u00fcr b\u0131rak\u0131lm\u0131\u015ft\u0131. AKP kurmaylar\u0131n\u0131n Ankara K\u0131z\u0131lcahamam\u2019da kamp yapt\u0131\u011f\u0131 Eliz Otelin de sahibi olan D\u00f6lekli kamudan milyarlarca liral\u0131k yol ihalesi alan \u0130timat Asfalt A.\u015e\u2019nin de sahibi. TEM Otoyolu \u00fczerinde in\u015faat\u0131 s\u00fcren AVM ile akaryak\u0131t istasyonunun gayr\u0131 resmi ortaklar\u0131ndan biri de Cengiz Holding\u2019in sahibi Mehmet Cengiz\u2019in karde\u015fi Nurettin Cengiz.<\/p>\n<p><img decoding=\"async\" src=\"https:\/\/ikimisli.tr\/wp-content\/uploads\/2025\/10\/batik-olanlar-devlete-k-r-edenler-aktasa-3-jbJyxUVp.jpg\"\/><\/p>\n<p><strong>GAYRIRESM\u0130 ORTAKLIK<\/strong><\/p>\n<p>Akta\u015f itiraf\u00e7\u0131 olduktan sonra Cengiz\u2019in akaryak\u0131t istasyonuna gayr\u0131 resmi ortak oldu\u011funu savc\u0131l\u0131k s\u00f6z\u00fcnde itiraf etmi\u015fti.<\/p>\n<p>Kayyum atanmayan \u015firketler ortas\u0131nda gayr\u0131 legal ba\u011f ya\u015fad\u0131\u011f\u0131 sevgilisi G\u00f6k\u00e7e G\u00f6k\u00e7e\u2019ye ili\u015fkin \u0130ldeniz Tertip Ticaret Limited \u015eirketi de var. Yeniden Akta\u015f ile kontakl\u0131 k\u00fcme firma olduklar\u0131 belirlenen Cihangir Mimarl\u0131k \u0130n\u015faat M\u00fchendislik Gayr\u0131menkul \u0130thalat \u0130hracat Sanayi Ticaret Limited \u015eirketi, B\u0130G Petrolc\u00fcl\u00fck Anonim \u015eirketi, Sanart Onar\u0131m Proje \u0130n\u015faat Otomotiv Sanayi Ticaret Limited \u015eirketine de kayyum atanmad\u0131. \u00a0<\/p>\n","protected":false},"excerpt":{"rendered":"<p>CHP\u2019li liderleri tutuklatt\u0131ran Aziz \u0130hsan Akta\u015f\u2019\u0131n i\u00e7ini bo\u015faltt\u0131\u011f\u0131 16 \u015firkete kayyum atand\u0131. Mehmet \u015eim\u015fek\u2019le yemek yiyen ve Cengiz\u2019in yak\u0131n\u0131yla ortak oldu\u011fu \u015firketlere dokunulmad\u0131.<\/p>\n","protected":false},"author":1,"featured_media":86088,"comment_status":"open","ping_status":"open","sticky":false,"template":"","format":"standard","meta":{"footnotes":""},"categories":[25],"tags":[2332,2469,303,1868,402],"class_list":["post-86087","post","type-post","status-publish","format-standard","has-post-thumbnail","hentry","category-gundem","tag-aktas","tag-cengiz","tag-kayyum","tag-ortak","tag-sirket"],"_links":{"self":[{"href":"https:\/\/ikimisli.tr\/index.php\/wp-json\/wp\/v2\/posts\/86087","targetHints":{"allow":["GET"]}}],"collection":[{"href":"https:\/\/ikimisli.tr\/index.php\/wp-json\/wp\/v2\/posts"}],"about":[{"href":"https:\/\/ikimisli.tr\/index.php\/wp-json\/wp\/v2\/types\/post"}],"author":[{"embeddable":true,"href":"https:\/\/ikimisli.tr\/index.php\/wp-json\/wp\/v2\/users\/1"}],"replies":[{"embeddable":true,"href":"https:\/\/ikimisli.tr\/index.php\/wp-json\/wp\/v2\/comments?post=86087"}],"version-history":[{"count":1,"href":"https:\/\/ikimisli.tr\/index.php\/wp-json\/wp\/v2\/posts\/86087\/revisions"}],"predecessor-version":[{"id":86093,"href":"https:\/\/ikimisli.tr\/index.php\/wp-json\/wp\/v2\/posts\/86087\/revisions\/86093"}],"wp:featuredmedia":[{"embeddable":true,"href":"https:\/\/ikimisli.tr\/index.php\/wp-json\/wp\/v2\/media\/86088"}],"wp:attachment":[{"href":"https:\/\/ikimisli.tr\/index.php\/wp-json\/wp\/v2\/media?parent=86087"}],"wp:term":[{"taxonomy":"category","embeddable":true,"href":"https:\/\/ikimisli.tr\/index.php\/wp-json\/wp\/v2\/categories?post=86087"},{"taxonomy":"post_tag","embeddable":true,"href":"https:\/\/ikimisli.tr\/index.php\/wp-json\/wp\/v2\/tags?post=86087"}],"curies":[{"name":"wp","href":"https:\/\/api.w.org\/{rel}","templated":true}]}}