{"id":86160,"date":"2025-10-06T01:43:09","date_gmt":"2025-10-06T01:43:09","guid":{"rendered":"https:\/\/ikimisli.tr\/?p=86160"},"modified":"2025-10-06T01:43:09","modified_gmt":"2025-10-06T01:43:09","slug":"son-gunlerin-en-cok-konusulan-konusuydu-bakan-fidandan-kaan-tartismalarina-yeni-aciklama","status":"publish","type":"post","link":"https:\/\/ikimisli.tr\/index.php\/2025\/10\/06\/son-gunlerin-en-cok-konusulan-konusuydu-bakan-fidandan-kaan-tartismalarina-yeni-aciklama\/","title":{"rendered":"Son g\u00fcnlerin en \u00e7ok konu\u015fulan konusuydu! Bakan Fidan&#8217;dan &#8216;KAAN&#8217; tart\u0131\u015fmalar\u0131na yeni a\u00e7\u0131klama"},"content":{"rendered":"<p>D\u0131\u015fi\u015fleri Bakan\u0131 Hakan Fidan, T\u00fcrkiye&#8217;nin ulusal muharip sava\u015f u\u00e7a\u011f\u0131 KAAN&#8217;a ait olarak g\u00fcnler sonra birinci kere konu\u015ftu.<\/p>\n<p>Bakan Fidan tart\u0131\u015fmalar\u0131n ard\u0131ndan yapt\u0131\u011f\u0131 birinci a\u00e7\u0131klamada, &#8220;T\u00fcrkiye&#8217;ye uygulanan a\u00e7\u0131k ve \u00f6rt\u00fcl\u00fc engellemeler var. Bu yapt\u0131r\u0131mlar\u0131 kald\u0131rmak benim misyonum. \u0130lgili kurumlar\u0131m\u0131zdan bu t\u00fcrl\u00fc bir talep geldi\u011fi s\u00fcrece ben bunu kald\u0131rmakla y\u00fck\u00fcml\u00fcy\u00fcm. Kar\u015f\u0131 taraf bana mant\u0131kl\u0131 bir izah getiremezse benim ulusal g\u00fcvenli\u011fim bunu \u00f6b\u00fcr yerden almay\u0131 gerektirir. Bunlar y\u00fcksek devlet konular\u0131d\u0131r&#8221; dedi.<\/p>\n<p><b>&#8220;YERL\u0130L\u0130K U\u011eRA\u015eLARINI ELE\u015eT\u0130R\u0130YOR OLMALARINI ANLAMIYORUM&#8221;<\/b><\/p>\n<p>Dezenformasyon ni\u00e7in yap\u0131l\u0131r, art\u0131k bu temel propaganda kitaplar\u0131na yer alan bir konu. Asl\u0131nda manip\u00fclasyon, kara propaganda ve bilhassa T\u00fcrkiye&#8217;deki siyasi u\u011fra\u015f\u0131n bir aya\u011f\u0131 olarak fitne daima var olan bir husus.<\/p>\n<p>Bu alanlar\u0131 \u00e7ok fazla \u00f6nemsiyorum. Asl\u0131nda T\u00fcrkiye&#8217;nin ulusal g\u00fcvenli\u011fi s\u0131k\u0131nt\u0131s\u0131 bunlar\u0131n \u00fcst\u00fcnde bir mevzu. Biz o mevzuyu orada b\u0131rak\u0131p dezenformasyon ve kara propaganda \u00fczerinden \u00fcretilen yapay tart\u0131\u015fma alanlar\u0131na gidersek&#8230;<\/p>\n<p>Bu propaganday\u0131 \u00f6nemsemiyorum lakin bir bahsin alt\u0131n\u0131 \u00e7izmek istiyorum, kendisi k\u0131ymetli oldu\u011fu i\u00e7in de\u011fil, muhatap akt\u00f6rler i\u00e7in&#8230;<\/p>\n<p>Savunma end\u00fcstrimizde yerlile\u015fmemizde ve millile\u015fmemizde hissesi olan akt\u00f6rleri yok sayan bir tart\u0131\u015fma \u00e7\u0131kt\u0131. Binlerce m\u00fchendisin, o kadar y\u0131ld\u0131r, ben birinci elden \u015fahidiyim, ortaya koydu\u011fu \u00e7ok \u00f6nemli \u00e7al\u0131\u015fmalar var. Bizim eme\u011fimizi g\u00f6rmeyen bir bak\u0131\u015f ortaya \u00e7\u0131kt\u0131.<\/p>\n<p>ASELSAN&#8217;da TA\u0130&#8217;de, Baykar&#8217;da BMC&#8217;de ismini sayamad\u0131\u011f\u0131m firmalarda bir gayret var. Y\u00fczde 20&#8217;den y\u00fczde 80&#8217;e gelmi\u015f bir ulusalla\u015fma oran\u0131 var. Ben kimilerinin yerlilik u\u011fra\u015flar\u0131n\u0131 ele\u015ftiriyor olmalar\u0131n\u0131 anlam\u0131yorum.<\/p>\n<p><b>&#8220;YAPTIRIMLARI KALDIRMAK BEN\u0130M G\u00d6REV\u0130M&#8221;<\/b><\/p>\n<p>Ben bug\u00fcn T\u00fcrkiye&#8217;nin D\u0131\u015fi\u015fleri Bakan\u0131&#8217;y\u0131m. Bakan olduktan sonra \u00f6n\u00fcmde ald\u0131\u011f\u0131m \u00f6dev \u00e7izelgesinde, diplomasiyle ilerletilmesi gereken alanlar var. Bunun en k\u0131ymetlilerinden biri de T\u00fcrkiye&#8217;nin g\u00f6r\u00fcn\u00fcr ve g\u00f6r\u00fcnmez ku\u015fatma alanlar\u0131d\u0131r.<\/p>\n<p>T\u00fcrkiye&#8217;ye uygulanan a\u00e7\u0131k ve \u00f6rt\u00fcl\u00fc engellemeler var. Arkada\u015flar\u0131m\u0131za a\u00e7\u0131k ve \u00f6rt\u00fcl\u00fc hangi engellemeler var diye sordum arkada\u015flar\u0131ma. Yerlile\u015ftirme devam ederken cari olarak kullan\u0131lmas\u0131 gereken konular\u0131n da kald\u0131r\u0131lmas\u0131 gerekiyor.<\/p>\n<p>2 y\u0131ld\u0131r \u00e7al\u0131\u015f\u0131yoruz; Kanada&#8217;y\u0131 Norve\u00e7&#8217;i Bel\u00e7ika&#8217;y\u0131 kald\u0131rd\u0131k. Amerika&#8217;dakilerin bir k\u0131sm\u0131 kalkt\u0131, bir k\u0131sm\u0131 duruyor. Bu yapt\u0131r\u0131mlar\u0131 kald\u0131rmak benim vazifem.<\/p>\n<p><b>&#8220;KAR\u015eI TARAF \u0130ZAH GET\u0130RMEZSE ULUSAL G\u00dcVENL\u0130\u011e\u0130M \u00d6B\u00dcR YERDEN ALMAYI GEREKT\u0130R\u0130R&#8221;<\/b><\/p>\n<p>\u0130lgili kurumlar\u0131m\u0131zdan bu t\u00fcrl\u00fc bir talep geldi\u011fi s\u00fcrece ben bunu kald\u0131rmakla y\u00fck\u00fcml\u00fcy\u00fcm. Kar\u015f\u0131 taraf bana mant\u0131kl\u0131 bir izah getiremezse benim ulusal g\u00fcvenli\u011fim bunu \u00f6b\u00fcr yerden almay\u0131 gerektirir. Bunlar y\u00fcksek devlet bahisleridir. Bu tart\u0131\u015fmay\u0131 buradan al\u0131p \u00f6b\u00fcr bir alana ta\u015f\u0131mak hakikaten garip.&#8221;<\/p>\n<p><b>NE OLMU\u015eTU?<\/b><\/p>\n<p>D\u0131\u015fi\u015fleri Bakan\u0131 Hakan Fidan, New York&#8217;taki T\u00fcrkevi&#8217;nde gazetecilere a\u00e7\u0131klama yapt\u0131\u011f\u0131 s\u0131rada \u201c\u015eu anda almay\u0131 bekledi\u011fimiz F-35 ve KAAN\u2019\u0131n motorlar\u0131 var. ABD Kongresi\u2019nde bekletiliyor ve lisanslar\u0131 durmu\u015f durumda.<\/p>\n<p>Onlar\u0131n lisanslar\u0131n\u0131n hayata ge\u00e7irilmesi ve motorlar\u0131n gelmesi laz\u0131m ki KAAN\u2019lar\u0131n \u00fcretimi ba\u015flayabilsin.<\/p>\n<p>Bizim ABD ile olan ba\u011f\u0131m\u0131zda s\u0131n\u0131rlamalar\u0131n olmas\u0131, bizi ister istemez milletleraras\u0131 sistemde daha farkl\u0131 aray\u0131\u015flar\u0131n i\u00e7erisine itecek\u201d demi\u015fti.<\/p>\n<p>\u00a0<\/p>\n","protected":false},"excerpt":{"rendered":"<p>D\u0131\u015fi\u015fleri Bakan\u0131 Hakan Fidan g\u00fcnlerdir devam eden KAAN sava\u015f u\u00e7a\u011f\u0131 tart\u0131\u015fmalar\u0131na ait yeni bir a\u00e7\u0131klama  yapt\u0131. Bakan Fidan, CAATSA yapt\u0131r\u0131mlar\u0131n\u0131 kald\u0131rman\u0131n kendi vazifesi oldu\u011funu belirterek, &#8220;Kar\u015f\u0131 taraf bana mant\u0131kl\u0131 bir izah getiremezse benim ulusal g\u00fcvenli\u011fim bunu di\u011fer yerden almay\u0131 gerektirir. Bunlar y\u00fcksek devlet konular\u0131d\u0131r&#8221; dedi.<\/p>\n","protected":false},"author":1,"featured_media":86161,"comment_status":"open","ping_status":"open","sticky":false,"template":"","format":"standard","meta":{"footnotes":""},"categories":[25],"tags":[428,1084,9516,486,1360],"class_list":["post-86160","post","type-post","status-publish","format-standard","has-post-thumbnail","hentry","category-gundem","tag-alan","tag-benim","tag-kaldirmak","tag-milli","tag-var"],"_links":{"self":[{"href":"https:\/\/ikimisli.tr\/index.php\/wp-json\/wp\/v2\/posts\/86160","targetHints":{"allow":["GET"]}}],"collection":[{"href":"https:\/\/ikimisli.tr\/index.php\/wp-json\/wp\/v2\/posts"}],"about":[{"href":"https:\/\/ikimisli.tr\/index.php\/wp-json\/wp\/v2\/types\/post"}],"author":[{"embeddable":true,"href":"https:\/\/ikimisli.tr\/index.php\/wp-json\/wp\/v2\/users\/1"}],"replies":[{"embeddable":true,"href":"https:\/\/ikimisli.tr\/index.php\/wp-json\/wp\/v2\/comments?post=86160"}],"version-history":[{"count":1,"href":"https:\/\/ikimisli.tr\/index.php\/wp-json\/wp\/v2\/posts\/86160\/revisions"}],"predecessor-version":[{"id":86162,"href":"https:\/\/ikimisli.tr\/index.php\/wp-json\/wp\/v2\/posts\/86160\/revisions\/86162"}],"wp:featuredmedia":[{"embeddable":true,"href":"https:\/\/ikimisli.tr\/index.php\/wp-json\/wp\/v2\/media\/86161"}],"wp:attachment":[{"href":"https:\/\/ikimisli.tr\/index.php\/wp-json\/wp\/v2\/media?parent=86160"}],"wp:term":[{"taxonomy":"category","embeddable":true,"href":"https:\/\/ikimisli.tr\/index.php\/wp-json\/wp\/v2\/categories?post=86160"},{"taxonomy":"post_tag","embeddable":true,"href":"https:\/\/ikimisli.tr\/index.php\/wp-json\/wp\/v2\/tags?post=86160"}],"curies":[{"name":"wp","href":"https:\/\/api.w.org\/{rel}","templated":true}]}}