{"id":86168,"date":"2025-10-06T02:07:08","date_gmt":"2025-10-06T02:07:08","guid":{"rendered":"https:\/\/ikimisli.tr\/?p=86168"},"modified":"2025-10-06T02:07:08","modified_gmt":"2025-10-06T02:07:08","slug":"mafya-babasinin-arsalari-dusuk-gelirli-kadinlara-devredilecek","status":"publish","type":"post","link":"https:\/\/ikimisli.tr\/index.php\/2025\/10\/06\/mafya-babasinin-arsalari-dusuk-gelirli-kadinlara-devredilecek\/","title":{"rendered":"Mafya babas\u0131n\u0131n arsalar\u0131 d\u00fc\u015f\u00fck gelirli kad\u0131nlara devredilecek"},"content":{"rendered":"<p>Kolombiya Devlet Ba\u015fkan\u0131 Gustavo Petro, \u00fclkenin \u00fcnl\u00fc uyu\u015fturucu baronu Pablo Escobar\u2019a ili\u015fkin topraklar\u0131n bir k\u0131sm\u0131n\u0131n, y\u0131llarca s\u00fcren i\u00e7 \u00e7at\u0131\u015fmalarda ma\u011fdur olan bayanlara devredilece\u011fini a\u00e7\u0131klad\u0131.<\/p>\n<p><strong>ARAZ\u0130LER BAYANLARIN OLDU<\/strong><\/p>\n<p>Devletin Ulusal Arazi Ajans\u0131 taraf\u0131ndan yap\u0131lan duyuruyu do\u011frulayan Petro, kimi bayanlar\u0131n 120 hektarl\u0131k araziyi konut kurmak ve tar\u0131m yapmak i\u00e7in kiralad\u0131\u011f\u0131n\u0131 s\u00f6yledi.<\/p>\n<p>Ajans Ba\u015fkan\u0131 Harman Felipe, bu bayanlar\u0131n 2017 y\u0131l\u0131nda mahall\u00ee idare taraf\u0131ndan b\u00f6lgeden \u00e7\u0131kar\u0131ld\u0131\u011f\u0131n\u0131, fakat art\u0131k yerlerini geri ald\u0131klar\u0131n\u0131 belirtti.<\/p>\n<p><strong>\u00c7\u0130FTL\u0130\u011e\u0130 PARK OLDU<\/strong><\/p>\n<p>1980\u2019lerde Forbes dergisi, Escobar\u2019\u0131n servetini 25 milyar dolar olarak kestirim etmi\u015fti. Onun \u00fcnl\u00fc \u00e7iftli\u011fi Hacienda Napoles, kuzeybat\u0131daki Antioquia b\u00f6lgesinde bulunuyor. Escobar\u2019\u0131n vefat\u0131n\u0131n akabinde devletin eline ge\u00e7en \u00e7iftlik, bug\u00fcn tema park\u0131 olarak kullan\u0131l\u0131yor. Parkta otel ve hayvanat bah\u00e7esi de yer al\u0131yor.<\/p>\n<p><strong>H\u0130POPOTAMLARIN LANET\u0130<\/strong><\/p>\n<p>Escobar\u2019\u0131n en tart\u0131\u015fmal\u0131 miras\u0131 ise Afrika\u2019dan yasa d\u0131\u015f\u0131 yollarla getirtti\u011fi hipopotamlar oldu. 1993\u2019te vefat\u0131n\u0131n akabinde \u00f6zg\u00fcr kalan bu hayvanlar y\u0131llar i\u00e7inde denetimsizce \u00e7o\u011falarak b\u00f6lgedeki ekosistemi tehdit etmeye ba\u015flad\u0131.<\/p>\n<p>Su ayg\u0131rlar\u0131n\u0131n etrafa ve mahall\u00ee halk\u0131n g\u00fcvenli\u011fine ziyan vermesi tela\u015f yarat\u0131rken, halk\u0131n bir k\u0131sm\u0131 bu hayvanlara duygusal ba\u011f kurmu\u015f durumda. 2009\u2019da \u201cPepe\u201d isimli bir hipopotam\u0131n \u00f6ld\u00fcr\u00fclmesiyle ba\u015flayan protestolar sonucu 2012\u2019de hipopotam av\u0131 yasakland\u0131.<\/p>\n","protected":false},"excerpt":{"rendered":"<p>Bir vakitler d\u00fcnyan\u0131n en \u00e7ok korkulan adam\u0131n\u0131n topraklar\u0131yd\u0131\u2026 Kanl\u0131 ticaretin, ka\u00e7ak servetin ve su ayg\u0131rlar\u0131n\u0131n g\u00f6lgesinde kalan bu yerler, y\u0131llar sonra farkl\u0131 bir k\u0131ssaya sahne oluyor. Kolombiya Devleti, uyu\u015fturucu baronu Pablo Escobar\u2019\u0131n el koyulan topraklar\u0131n\u0131 art\u0131k, \u00fclkenin i\u00e7 \u00e7at\u0131\u015fmalar\u0131nda her \u015feyini kaybetmi\u015f bayanlara veriyor.<\/p>\n","protected":false},"author":1,"featured_media":86169,"comment_status":"open","ping_status":"open","sticky":false,"template":"","format":"standard","meta":{"footnotes":""},"categories":[43],"tags":[2155],"class_list":["post-86168","post","type-post","status-publish","format-standard","has-post-thumbnail","hentry","category-dunya","tag-arazi"],"_links":{"self":[{"href":"https:\/\/ikimisli.tr\/index.php\/wp-json\/wp\/v2\/posts\/86168","targetHints":{"allow":["GET"]}}],"collection":[{"href":"https:\/\/ikimisli.tr\/index.php\/wp-json\/wp\/v2\/posts"}],"about":[{"href":"https:\/\/ikimisli.tr\/index.php\/wp-json\/wp\/v2\/types\/post"}],"author":[{"embeddable":true,"href":"https:\/\/ikimisli.tr\/index.php\/wp-json\/wp\/v2\/users\/1"}],"replies":[{"embeddable":true,"href":"https:\/\/ikimisli.tr\/index.php\/wp-json\/wp\/v2\/comments?post=86168"}],"version-history":[{"count":1,"href":"https:\/\/ikimisli.tr\/index.php\/wp-json\/wp\/v2\/posts\/86168\/revisions"}],"predecessor-version":[{"id":86170,"href":"https:\/\/ikimisli.tr\/index.php\/wp-json\/wp\/v2\/posts\/86168\/revisions\/86170"}],"wp:featuredmedia":[{"embeddable":true,"href":"https:\/\/ikimisli.tr\/index.php\/wp-json\/wp\/v2\/media\/86169"}],"wp:attachment":[{"href":"https:\/\/ikimisli.tr\/index.php\/wp-json\/wp\/v2\/media?parent=86168"}],"wp:term":[{"taxonomy":"category","embeddable":true,"href":"https:\/\/ikimisli.tr\/index.php\/wp-json\/wp\/v2\/categories?post=86168"},{"taxonomy":"post_tag","embeddable":true,"href":"https:\/\/ikimisli.tr\/index.php\/wp-json\/wp\/v2\/tags?post=86168"}],"curies":[{"name":"wp","href":"https:\/\/api.w.org\/{rel}","templated":true}]}}