{"id":86280,"date":"2025-10-06T08:19:09","date_gmt":"2025-10-06T08:19:09","guid":{"rendered":"https:\/\/ikimisli.tr\/?p=86280"},"modified":"2025-10-06T08:19:09","modified_gmt":"2025-10-06T08:19:09","slug":"halk-secmis-akp-atamisti-zeydan-kayyumlarin-gidecegine-dair-isik-goruyoruz","status":"publish","type":"post","link":"https:\/\/ikimisli.tr\/index.php\/2025\/10\/06\/halk-secmis-akp-atamisti-zeydan-kayyumlarin-gidecegine-dair-isik-goruyoruz\/","title":{"rendered":"Halk se\u00e7mi\u015f, AKP atam\u0131\u015ft\u0131\u2026 Zeydan: Kayyumlar\u0131n gidece\u011fine dair \u0131\u015f\u0131k g\u00f6r\u00fcyoruz"},"content":{"rendered":"<p>31 Mart 2024 yerel se\u00e7imlerinde Van B\u00fcy\u00fck\u015fehir Belediyesi dahil olmak \u00fczere 13 il\u00e7ede se\u00e7imi kazanan DEM Parti, se\u00e7im sonras\u0131 ya\u015fanan kayyum atamalar\u0131yla birlikte tekrar halk iradesinin gasp edilmesiyle kar\u015f\u0131 kar\u015f\u0131ya kald\u0131. Se\u00e7imle i\u015f ba\u015f\u0131na gelen Van B\u00fcy\u00fck\u015fehir Belediye E\u015fba\u015fkan\u0131 Abdullah Zeydan, ge\u00e7mi\u015fte ald\u0131\u011f\u0131 bir ceza gerek\u00e7esiyle misyondan al\u0131n\u0131rken, yerine Van Valisi Ozan Balc\u0131 kayyum olarak atand\u0131.<\/p>\n<p><b>TBMM\u2019DE \u201cDEMOKRAS\u0130\u201d BEKLENT\u0130S\u0130<\/b><\/p>\n<p>AKP, DEM Parti ve MHP ortas\u0131nda ba\u015flayan diyalog s\u00fcreciyle birlikte, kayyumlara ait m\u00fczakereler TBMM \u00e7at\u0131s\u0131 alt\u0131nda s\u00fcr\u00fcyor. Ulusal Dayan\u0131\u015fma, Karde\u015flik ve Demokrasi Komisyonu\u2019nun kurulmas\u0131yla birlikte, halk\u0131n se\u00e7me hakk\u0131na y\u00f6nelik bu m\u00fcdahalelerin sona erdirilmesine dair beklentiler artt\u0131.<\/p>\n<p><b>\u201cS\u0130YAS\u0130LER\u0130N HESAPLA\u015eMA YER\u0130 SANDIKTIR\u201d<\/b><\/p>\n<p>G\u00f6revden al\u0131nan Van B\u00fcy\u00fck\u015fehir Belediye E\u015fba\u015fkan\u0131 Abdullah Zeydan, S\u00d6ZC\u00dc\u2019ye yapt\u0131\u011f\u0131 a\u00e7\u0131klamada s\u00fcrece dair de\u011ferli de\u011ferlendirmelerde bulundu.<\/p>\n<p><strong>Zeydan, kayyum uygulamalar\u0131n\u0131n \u201chalk\u0131n iradesine darbe\u201d oldu\u011funu belirterek \u015funlar\u0131 s\u00f6yledi:<\/strong><\/p>\n<p>\u201cMeclisteki \u00e7al\u0131\u015fma kurulunu izliyoruz \u015fuanda kayyumlarla ilgili bir geli\u015fme yok art\u0131k oradan \u00e7\u0131kacak bir kararla \u00f6n\u00fcm\u00fczdeki s\u00fcrece bakaca\u011f\u0131z. Yani \u015fuanda net bir \u015fey yok. Kayyumlar halk\u0131n iradesine kar\u015f\u0131 bir darbedir, anti demokratik bir uygulamad\u0131r. Bu durumun \u00fclkeye, \u00fclkenin gelece\u011fine, demokrasisine hi\u00e7bir yarar\u0131 yok adaletin yerini bulmas\u0131 halk\u0131n iradesinin halka teslim edilmesi laz\u0131m. Siyasallar\u0131n hesapla\u015fma yeri sand\u0131klar, legal demokratik yollar bu da halk\u0131n iradesidir. Bunun d\u0131\u015f\u0131ndaki m\u00fcdahaleler demokrasiye, hukuka, adalete ziyan veren uygulamalar\u0131d\u0131r. Bu Van\u2019da da olsa b\u00f6yledir \u0130stanbul\u2019da da olsa b\u00f6yledir.\u201d<\/p>\n<p><b>\u201cKAYYUMLARIN G\u0130DECE\u011e\u0130NE DA\u0130R B\u0130R I\u015eIK G\u00d6R\u00dcYORUZ\u201d<\/b><\/p>\n<p>Kayyumlar\u0131n yaln\u0131zca mahall\u00ee idarelere de\u011fil, \u00fclkenin genel demokrasi iklimine ziyan verdi\u011fini vurgulayan Zeydan, \u201cTemennimiz h\u00fck\u00fcmetin bu s\u00fcrecin ruhuna uygun halk iradesine gasp\u0131ndan vazge\u00e7mesi T\u00fcrkiye\u2019nin her yerinde halk\u0131n iradesini se\u00e7ilmi\u015f belediye e\u015f liderlerine belediye liderlerine teslim edilmesidir. Kayyumlar\u0131n sonlanmas\u0131na kar\u015f\u0131 umudumuz var T\u00fcrkiye\u2019nin gelece\u011fi ismine bu s\u00fcrecin bar\u0131\u015fla sonu\u00e7lanmas\u0131 herkesin faydas\u0131na bu da demokrasiyi, bar\u0131\u015f\u0131, adaleti de daha da geli\u015ftirecektir. Kayyumlar\u0131n gidece\u011fine dair bir \u0131\u015f\u0131k g\u00f6r\u00fcyoruz sonu\u00e7ta bu antidemokratik bir uygulamad\u0131r. Bir an evvel sonlanmas\u0131 gerekiyor asl\u0131nda bu uygulamalar bu s\u00fcrecin ruhuna da kar\u015f\u0131tt\u0131r.\u201d tabirlerini kulland\u0131.<\/p>\n","protected":false},"excerpt":{"rendered":"<p>Van B\u00fcy\u00fck\u015fehir Belediyesi E\u015fba\u015fkan\u0131 Abdullah Zeydan, kayyum uygulamas\u0131n\u0131 \u201cantidemokratik\u201d olarak nitelendirerek TBMM\u2019de y\u00fcr\u00fct\u00fclen \u00e7al\u0131\u015fmalardan umutlu olduklar\u0131n\u0131 s\u00f6yledi. Zeydan, \u201cKayyumlar\u0131n gidece\u011fine dair bir \u0131\u015f\u0131k g\u00f6r\u00fcyoruz\u201d dedi.<\/p>\n","protected":false},"author":1,"featured_media":86281,"comment_status":"open","ping_status":"open","sticky":false,"template":"","format":"standard","meta":{"footnotes":""},"categories":[25],"tags":[40,255,635,303,183],"class_list":["post-86280","post","type-post","status-publish","format-standard","has-post-thumbnail","hentry","category-gundem","tag-belediye","tag-dem","tag-halk","tag-kayyum","tag-yeri"],"_links":{"self":[{"href":"https:\/\/ikimisli.tr\/index.php\/wp-json\/wp\/v2\/posts\/86280","targetHints":{"allow":["GET"]}}],"collection":[{"href":"https:\/\/ikimisli.tr\/index.php\/wp-json\/wp\/v2\/posts"}],"about":[{"href":"https:\/\/ikimisli.tr\/index.php\/wp-json\/wp\/v2\/types\/post"}],"author":[{"embeddable":true,"href":"https:\/\/ikimisli.tr\/index.php\/wp-json\/wp\/v2\/users\/1"}],"replies":[{"embeddable":true,"href":"https:\/\/ikimisli.tr\/index.php\/wp-json\/wp\/v2\/comments?post=86280"}],"version-history":[{"count":1,"href":"https:\/\/ikimisli.tr\/index.php\/wp-json\/wp\/v2\/posts\/86280\/revisions"}],"predecessor-version":[{"id":86282,"href":"https:\/\/ikimisli.tr\/index.php\/wp-json\/wp\/v2\/posts\/86280\/revisions\/86282"}],"wp:featuredmedia":[{"embeddable":true,"href":"https:\/\/ikimisli.tr\/index.php\/wp-json\/wp\/v2\/media\/86281"}],"wp:attachment":[{"href":"https:\/\/ikimisli.tr\/index.php\/wp-json\/wp\/v2\/media?parent=86280"}],"wp:term":[{"taxonomy":"category","embeddable":true,"href":"https:\/\/ikimisli.tr\/index.php\/wp-json\/wp\/v2\/categories?post=86280"},{"taxonomy":"post_tag","embeddable":true,"href":"https:\/\/ikimisli.tr\/index.php\/wp-json\/wp\/v2\/tags?post=86280"}],"curies":[{"name":"wp","href":"https:\/\/api.w.org\/{rel}","templated":true}]}}