{"id":86310,"date":"2025-10-06T10:19:09","date_gmt":"2025-10-06T10:19:09","guid":{"rendered":"https:\/\/ikimisli.tr\/?p=86310"},"modified":"2025-10-06T10:19:09","modified_gmt":"2025-10-06T10:19:09","slug":"ataturke-saygi-duymuyorum-demisti-tskya-geri-dondu","status":"publish","type":"post","link":"https:\/\/ikimisli.tr\/index.php\/2025\/10\/06\/ataturke-saygi-duymuyorum-demisti-tskya-geri-dondu\/","title":{"rendered":"&#8216;Atat\u00fcrk&#8217;e sayg\u0131 duymuyorum&#8217; demi\u015fti, TSK&#8217;ya geri d\u00f6nd\u00fc!"},"content":{"rendered":"<p>Tuzla Piyade Okul Komutanl\u0131\u011f\u0131nda 10 Kas\u0131m 2023 yap\u0131lan Atat\u00fcrk\u2019\u00fc Anma merasimi s\u0131ras\u0131nda Piyade Te\u011fmen A.A.\u2019n\u0131n yakas\u0131na Atat\u00fcrk foto\u011fraf\u0131 takmamas\u0131 \u00fczerine ba\u015flayan tart\u0131\u015fman\u0131n sonucunda toplam yedi te\u011fmen Kara Kuvvetleri Komutanl\u0131\u011f\u0131 Y\u00fcksek Disiplin Kurulu\u2019nun 18 Ocak 2024\u2019te verdi\u011fi kararla TSK\u2019dan ihra\u00e7 edilmi\u015fti.<\/p>\n<p>Bu te\u011fmenlerden biri Atat\u00fcrk foto\u011fraf\u0131 takmay\u0131 reddeden A.A., \u00f6b\u00fcr ikisi ise A.A.\u2019ya dayanak veren te\u011fmenler M.F. \u015e. ve F. A.\u2019yd\u0131. Ba\u015fka d\u00f6rt isim ise bu \u00fc\u00e7 \u015fahsa reaksiyon g\u00f6steren piyade te\u011fmenlerdi.<\/p>\n<p><b>&#8220;G\u00d6REVE \u0130ADE ED\u0130LD\u0130&#8221;<\/b><\/p>\n<p>\u0130hra\u00e7 kararlar\u0131n\u0131n m\u00fcnasebetinde; A.A. ve \u00f6b\u00fcr iki te\u011fmenin, \u2018Atat\u00fcrk Unsurlar\u0131 ve Cumhuriyet\u2019e ba\u011fl\u0131l\u0131klar\u0131n\u0131n ku\u015fkulu bulundu\u011fu\u2019 belirtilerek, \u2018her askerin, Atat\u00fcrk Unsur ve \u0130nk\u0131laplar\u0131 ile Cumhuriyet\u2019e sadakatle ba\u011fl\u0131l\u0131k g\u00f6stermesinin hem y\u00fck\u00fcml\u00fcl\u00fck hem de g\u00f6rev\u2019 oldu\u011fu tabir edilmi\u015fti.<\/p>\n<p>Atat\u00fcrk foto\u011fraf\u0131 takmay\u0131 reddeden Te\u011fmen A.A.\u2019n\u0131n TSK\u2019dan ihra\u00e7 karar\u0131n\u0131n, \u0130stanbul 4. Y\u00f6netim Mahkemesi taraf\u0131ndan oybirli\u011fi ile iptal edildi\u011fi ortaya \u00e7\u0131km\u0131\u015ft\u0131.<\/p>\n<p>Veryans\u0131n TV&#8217;den Gamze \u00c7\u0131nlar&#8217;\u0131n haberine nazaran; A.A.\u2019ya dayanak veren te\u011fmen M.F.\u015e. hakk\u0131ndaki ihra\u00e7 karar\u0131n\u0131n da y\u00f6netim mahkemesince iptal edildi\u011fi \u00f6\u011frenildi.<\/p>\n<p>M.F.\u015e k\u0131sa m\u00fchlet evvel mesle\u011fine geri d\u00f6nd\u00fc ve Piyade Okulu\u2019na i\u015ftirak sa\u011flad\u0131.<\/p>\n<p><b>NE OLMU\u015eTU?<\/b><\/p>\n<p>M.F.\u015e. hakk\u0131ndaki ihra\u00e7 karar\u0131n\u0131n m\u00fcnasebetinde ise \u201c1923\u2019e kadar olan Atat\u00fcrk\u2019e h\u00fcrmet duyabilirim, fakat 1923 sonras\u0131 Atat\u00fcrk\u2019e h\u00fcrmet duymuyorum. Bir k\u0131s\u0131m yapt\u0131klar\u0131n\u0131 kabul etmiyorum\u201d dedi\u011fi, neyi kabul etmedi\u011fi soruldu\u011funda da, \u201cKurtulu\u015f Sava\u015f\u0131\u2019n\u0131 \u00e7ok ho\u015f yapt\u0131, lakin 1923 sonras\u0131nda dini yozla\u015ft\u0131rd\u0131 ve Arap\u00e7a olan dinin lisan\u0131n\u0131 T\u00fcrk\u00e7e olarak de\u011fi\u015ftirdi. Kuran\u2019\u0131n T\u00fcrk\u00e7e olarak mealinin yaz\u0131lmas\u0131 yanl\u0131\u015ft\u0131\u201d taraf\u0131nda kelamlar sarf etti\u011fi, bu kelamlar\u0131n ortam\u0131 g\u00fczelce gerdi\u011fi ve bunun \u00fczerine te\u011fmenler S.\u00c7. ile A.A. ortas\u0131nda arbede ya\u015fand\u0131\u011f\u0131 anlat\u0131lm\u0131\u015ft\u0131.<\/p>\n<p>\u00a0<\/p>\n","protected":false},"excerpt":{"rendered":"<p>Tuzla Piyade Okul Komutanl\u0131\u011f\u0131\u2019nda 2023\u2019teki 10 Kas\u0131m Atat\u00fcrk\u2019\u00fc Anma merasimi s\u0131ras\u0131nda Piyade Te\u011fmen A.A.\u2019n\u0131n yakas\u0131na Atat\u00fcrk foto\u011fraf\u0131 takmamas\u0131 \u00fczerine ba\u015flayan ve 7 te\u011fmenin ihrac\u0131yla sonu\u00e7lanan olayda A.A.\u2019ya takviye verdi\u011fi i\u00e7in ihra\u00e7 edilen te\u011fmen M.F.\u015e.\u2019nin vazifesine iade edildi\u011fi \u00f6ne s\u00fcr\u00fcld\u00fc.<\/p>\n","protected":false},"author":1,"featured_media":86311,"comment_status":"open","ping_status":"open","sticky":false,"template":"","format":"standard","meta":{"footnotes":""},"categories":[25],"tags":[3469,197,1321,775,2560],"class_list":["post-86310","post","type-post","status-publish","format-standard","has-post-thumbnail","hentry","category-gundem","tag-a-a","tag-ataturk","tag-ihrac","tag-kara","tag-tegmen"],"_links":{"self":[{"href":"https:\/\/ikimisli.tr\/index.php\/wp-json\/wp\/v2\/posts\/86310","targetHints":{"allow":["GET"]}}],"collection":[{"href":"https:\/\/ikimisli.tr\/index.php\/wp-json\/wp\/v2\/posts"}],"about":[{"href":"https:\/\/ikimisli.tr\/index.php\/wp-json\/wp\/v2\/types\/post"}],"author":[{"embeddable":true,"href":"https:\/\/ikimisli.tr\/index.php\/wp-json\/wp\/v2\/users\/1"}],"replies":[{"embeddable":true,"href":"https:\/\/ikimisli.tr\/index.php\/wp-json\/wp\/v2\/comments?post=86310"}],"version-history":[{"count":1,"href":"https:\/\/ikimisli.tr\/index.php\/wp-json\/wp\/v2\/posts\/86310\/revisions"}],"predecessor-version":[{"id":86312,"href":"https:\/\/ikimisli.tr\/index.php\/wp-json\/wp\/v2\/posts\/86310\/revisions\/86312"}],"wp:featuredmedia":[{"embeddable":true,"href":"https:\/\/ikimisli.tr\/index.php\/wp-json\/wp\/v2\/media\/86311"}],"wp:attachment":[{"href":"https:\/\/ikimisli.tr\/index.php\/wp-json\/wp\/v2\/media?parent=86310"}],"wp:term":[{"taxonomy":"category","embeddable":true,"href":"https:\/\/ikimisli.tr\/index.php\/wp-json\/wp\/v2\/categories?post=86310"},{"taxonomy":"post_tag","embeddable":true,"href":"https:\/\/ikimisli.tr\/index.php\/wp-json\/wp\/v2\/tags?post=86310"}],"curies":[{"name":"wp","href":"https:\/\/api.w.org\/{rel}","templated":true}]}}