{"id":86416,"date":"2025-10-06T16:31:07","date_gmt":"2025-10-06T16:31:07","guid":{"rendered":"https:\/\/ikimisli.tr\/?p=86416"},"modified":"2025-10-06T16:31:07","modified_gmt":"2025-10-06T16:31:07","slug":"marmara-ve-kutahya-depremlerini-onceden-bilen-uzmanin-yeni-tahmini-tedirgin-etti","status":"publish","type":"post","link":"https:\/\/ikimisli.tr\/index.php\/2025\/10\/06\/marmara-ve-kutahya-depremlerini-onceden-bilen-uzmanin-yeni-tahmini-tedirgin-etti\/","title":{"rendered":"Marmara ve K\u00fctahya depremlerini \u00f6nceden bilen uzman\u0131n yeni tahmini tedirgin etti"},"content":{"rendered":"<p>Sars\u0131nt\u0131lar sonras\u0131, &#8220;T\u00fcrkiye&#8217;nin hangi b\u00f6lgelerinde sars\u0131nt\u0131 riski art\u0131yor? \u0130stanbul&#8217;da beklenen b\u00fcy\u00fck sars\u0131nt\u0131 ne vakit olacak?&#8221; \u00fczere sorular kamuoyunda yine g\u00fcndeme geldi.<\/p>\n<p><b>&#8220;S\u0130SM\u0130K HAREKETLER ALARM VER\u0130YOR&#8221;<\/b><\/p>\n<p>Deprem uzman\u0131 ve jeolog Prof. Dr. Osman Bekta\u015f, toplumsal medya hesab\u0131ndan yapt\u0131\u011f\u0131 a\u00e7\u0131klamada Ege B\u00f6lgesi\u2019ne dikkat \u00e7ekti. Bekta\u015f\u2019a nazaran, 5 g\u00fcn evvel K\u00fctahya\u2019da meydana gelen 5,4 b\u00fcy\u00fckl\u00fc\u011f\u00fcndeki sars\u0131nt\u0131n\u0131n akabinde ya\u015fanan 4,1&#8217;lik art\u00e7\u0131 sars\u0131nt\u0131, b\u00f6lgedeki sismik hareketlili\u011fin s\u00fcrd\u00fc\u011f\u00fcn\u00fc net bi\u00e7imde ortaya koyuyor.<\/p>\n<p>\u201cBu b\u00f6lge art\u0131k makro bir zelzele k\u00fcmesi olu\u015fturmu\u015ftur.\u201d<\/p>\n<p><b>U\u015eAK BLO\u011eU KR\u0130T\u0130K HALE GELD\u0130<\/b><\/p>\n<p>Bekta\u015f, Simav ve Gediz Faylar\u0131 ortas\u0131nda kalan ve \u201cU\u015fak Blo\u011fu\u201d olarak isimlendirilen b\u00f6lgenin, 1969&#8217;dan bu yana dikkat \u00e7eken bir sismik aktiviteye sahip oldu\u011funu s\u00f6z etti. Uzmana nazaran bu b\u00f6lge, T\u00fcrkiye&#8217;nin en y\u00fcksek deformasyon oranlar\u0131na sahip fay sistemleri ortas\u0131nda yer al\u0131yor.<\/p>\n<p>Faylar\u0131n \u00e7evreledi\u011fi bu jeolojik yap\u0131, y\u0131llard\u0131r biriken yer alt\u0131 tansiyonunun vakit zaman zelzelelerle a\u00e7\u0131\u011fa \u00e7\u0131kmas\u0131na neden oluyor. Bekta\u015f\u2019a nazaran, son ya\u015fanan zelzeleler bu birikimin do\u011fal bir sonucu.<\/p>\n<p>Prof. Dr. Bekta\u015f&#8217;\u0131n analizine nazaran, Ege B\u00f6lgesi&#8217;nin en y\u00fcksek deformasyon oranlar\u0131na sahip fay sistemleri olan Simav ve Gediz faylar\u0131, U\u015fak Blo\u011fu&#8217;nu \u00e7evreleyen yap\u0131s\u0131yla b\u00f6lgede de\u011ferli bir tansiyon birikimine yol a\u00e7\u0131yor. Son devirde arka arda ya\u015fanan zelzeleler, bu uzun m\u00fcddetli birikimin do\u011fal sonucu olarak bedellendiriliyor.<\/p>\n","protected":false},"excerpt":{"rendered":"<p>T\u00fcrkiye bir kere daha sars\u0131nt\u0131 ger\u00e7e\u011fiyle y\u00fczle\u015fiyor. Marmara B\u00f6lgesi&#8217;nde k\u0131sa m\u00fchlet evvel meydana gelen 5 b\u00fcy\u00fckl\u00fc\u011f\u00fcndeki sars\u0131nt\u0131n\u0131n akabinde, bu kere K\u00fctahya&#8217;n\u0131n Simav il\u00e7esi 4,1 \u015fiddetindeki sars\u0131nt\u0131yla sars\u0131ld\u0131. Arka arda gelen zelzeleler, bilhassa Ege B\u00f6lgesi&#8217;nde ya\u015fayan vatanda\u015flar ortas\u0131nda tela\u015fa yol a\u00e7t\u0131. Prof. Dr. Osman Bekta\u015f yeni bir ikaz yapt\u0131<\/p>\n","protected":false},"author":1,"featured_media":86417,"comment_status":"open","ping_status":"open","sticky":false,"template":"","format":"standard","meta":{"footnotes":""},"categories":[25],"tags":[1655,285,1693],"class_list":["post-86416","post","type-post","status-publish","format-standard","has-post-thumbnail","hentry","category-gundem","tag-bolge","tag-deprem","tag-fay"],"_links":{"self":[{"href":"https:\/\/ikimisli.tr\/index.php\/wp-json\/wp\/v2\/posts\/86416","targetHints":{"allow":["GET"]}}],"collection":[{"href":"https:\/\/ikimisli.tr\/index.php\/wp-json\/wp\/v2\/posts"}],"about":[{"href":"https:\/\/ikimisli.tr\/index.php\/wp-json\/wp\/v2\/types\/post"}],"author":[{"embeddable":true,"href":"https:\/\/ikimisli.tr\/index.php\/wp-json\/wp\/v2\/users\/1"}],"replies":[{"embeddable":true,"href":"https:\/\/ikimisli.tr\/index.php\/wp-json\/wp\/v2\/comments?post=86416"}],"version-history":[{"count":1,"href":"https:\/\/ikimisli.tr\/index.php\/wp-json\/wp\/v2\/posts\/86416\/revisions"}],"predecessor-version":[{"id":86418,"href":"https:\/\/ikimisli.tr\/index.php\/wp-json\/wp\/v2\/posts\/86416\/revisions\/86418"}],"wp:featuredmedia":[{"embeddable":true,"href":"https:\/\/ikimisli.tr\/index.php\/wp-json\/wp\/v2\/media\/86417"}],"wp:attachment":[{"href":"https:\/\/ikimisli.tr\/index.php\/wp-json\/wp\/v2\/media?parent=86416"}],"wp:term":[{"taxonomy":"category","embeddable":true,"href":"https:\/\/ikimisli.tr\/index.php\/wp-json\/wp\/v2\/categories?post=86416"},{"taxonomy":"post_tag","embeddable":true,"href":"https:\/\/ikimisli.tr\/index.php\/wp-json\/wp\/v2\/tags?post=86416"}],"curies":[{"name":"wp","href":"https:\/\/api.w.org\/{rel}","templated":true}]}}