{"id":86584,"date":"2026-01-06T17:00:07","date_gmt":"2026-01-06T17:00:07","guid":{"rendered":"https:\/\/ikimisli.tr\/?p=86584"},"modified":"2026-01-06T17:00:07","modified_gmt":"2026-01-06T17:00:07","slug":"bu-eve-giren-ekipler-gordukleri-manzara-karsisinda-neye-ugradigini-sasirdi","status":"publish","type":"post","link":"https:\/\/ikimisli.tr\/index.php\/2026\/01\/06\/bu-eve-giren-ekipler-gordukleri-manzara-karsisinda-neye-ugradigini-sasirdi\/","title":{"rendered":"Bu eve giren ekipler g\u00f6rd\u00fckleri manzara kar\u015f\u0131s\u0131nda neye u\u011frad\u0131\u011f\u0131n\u0131 \u015fa\u015f\u0131rd\u0131"},"content":{"rendered":"<p>Kand\u0131ra Kaymakaml\u0131\u011f\u0131 ve Kand\u0131ra Belediyesi, bir meskende \u00e7ok say\u0131da hayvan\u0131n s\u0131hhatsiz \u015fartlarda tutuldu\u011fu, etrafa koku ve g\u00fcr\u00fclt\u00fc yay\u0131ld\u0131\u011f\u0131 taraf\u0131nda yap\u0131lan ihbar \u00fczerine harekete ge\u00e7ti.<\/p>\n<p><b>POL\u0130S E\u015eL\u0130\u011e\u0130NDE MESKENE G\u0130RD\u0130LER<\/b><\/p>\n<p>Gerekli yasal m\u00fcsaadelerin al\u0131nmas\u0131n\u0131n akabinde Kocaeli Tabiat Muhafaza ve Milli Parklar \u015eube M\u00fcd\u00fcrl\u00fc\u011f\u00fc, Kocaeli B\u00fcy\u00fck\u015fehir Belediyesi, Kand\u0131ra Belediyesi, Kand\u0131ra Tar\u0131m ve Orman \u0130l\u00e7e M\u00fcd\u00fcrl\u00fc\u011f\u00fc tak\u0131mlar\u0131 polis e\u015fli\u011finde adreste inceleme yapt\u0131.<\/p>\n<p><b>YA\u015eAM GAYRET\u0130 VEREN 55 HAYVAN KURTARILDI<\/b><\/p>\n<p>Yap\u0131lan incelmede a\u00e7l\u0131k, hijyen eksikli\u011fi ve bak\u0131ms\u0131zl\u0131k nedeniyle \u00f6m\u00fcr \u00e7abas\u0131 veren 38 k\u00f6pek ve 17 kediye el konuldu. Hayvanlar\u0131n s\u0131hhatsiz \u015fartlarda tutulmas\u0131n\u0131n, etrafta ya\u015fayan vatanda\u015flar\u0131 da olumsuz etkiledi\u011fi tespit edildi. Muhafaza alt\u0131na al\u0131nan hayvanlar, veteriner doktorlar taraf\u0131ndan yap\u0131lan s\u0131hhat denetimlerinin akabinde Kocaeli B\u00fcy\u00fck\u015fehir Belediyesi Hayvan Bak\u0131mevi\u2019ne g\u00f6t\u00fcr\u00fcld\u00fc.<\/p>\n<p>Olayla ilgili sorumlulara isimli ve idari yapt\u0131r\u0131mlar\u0131n uyguland\u0131\u011f\u0131 bildirildi. Hayvanlar\u0131n bulundu\u011fu daire ise belediye tak\u0131mlar\u0131 taraf\u0131ndan ila\u00e7land\u0131.<\/p>\n","protected":false},"excerpt":{"rendered":"<p>Kocaeli\u2019nin Kand\u0131ra il\u00e7esinde bir meskende s\u0131hhatsiz \u015fartlarda tutulan 38 k\u00f6pek ve 17 kedi m\u00fcdafaa alt\u0131na al\u0131nd\u0131. Olayla ilgili sorumlulara isimli ve idari yapt\u0131r\u0131m uygulan\u0131rken, belediye gruplar\u0131 de meskende ila\u00e7lama yapt\u0131.<\/p>\n","protected":false},"author":1,"featured_media":86585,"comment_status":"open","ping_status":"open","sticky":false,"template":"","format":"standard","meta":{"footnotes":""},"categories":[25],"tags":[40,263],"class_list":["post-86584","post","type-post","status-publish","format-standard","has-post-thumbnail","hentry","category-gundem","tag-belediye","tag-hayvan"],"_links":{"self":[{"href":"https:\/\/ikimisli.tr\/index.php\/wp-json\/wp\/v2\/posts\/86584","targetHints":{"allow":["GET"]}}],"collection":[{"href":"https:\/\/ikimisli.tr\/index.php\/wp-json\/wp\/v2\/posts"}],"about":[{"href":"https:\/\/ikimisli.tr\/index.php\/wp-json\/wp\/v2\/types\/post"}],"author":[{"embeddable":true,"href":"https:\/\/ikimisli.tr\/index.php\/wp-json\/wp\/v2\/users\/1"}],"replies":[{"embeddable":true,"href":"https:\/\/ikimisli.tr\/index.php\/wp-json\/wp\/v2\/comments?post=86584"}],"version-history":[{"count":1,"href":"https:\/\/ikimisli.tr\/index.php\/wp-json\/wp\/v2\/posts\/86584\/revisions"}],"predecessor-version":[{"id":86586,"href":"https:\/\/ikimisli.tr\/index.php\/wp-json\/wp\/v2\/posts\/86584\/revisions\/86586"}],"wp:featuredmedia":[{"embeddable":true,"href":"https:\/\/ikimisli.tr\/index.php\/wp-json\/wp\/v2\/media\/86585"}],"wp:attachment":[{"href":"https:\/\/ikimisli.tr\/index.php\/wp-json\/wp\/v2\/media?parent=86584"}],"wp:term":[{"taxonomy":"category","embeddable":true,"href":"https:\/\/ikimisli.tr\/index.php\/wp-json\/wp\/v2\/categories?post=86584"},{"taxonomy":"post_tag","embeddable":true,"href":"https:\/\/ikimisli.tr\/index.php\/wp-json\/wp\/v2\/tags?post=86584"}],"curies":[{"name":"wp","href":"https:\/\/api.w.org\/{rel}","templated":true}]}}