{"id":86777,"date":"2026-01-07T04:12:05","date_gmt":"2026-01-07T04:12:05","guid":{"rendered":"https:\/\/ikimisli.tr\/?p=86777"},"modified":"2026-01-07T04:12:05","modified_gmt":"2026-01-07T04:12:05","slug":"bakirdan-yeni-rekor","status":"publish","type":"post","link":"https:\/\/ikimisli.tr\/index.php\/2026\/01\/07\/bakirdan-yeni-rekor\/","title":{"rendered":"Bak\u0131rdan yeni rekor"},"content":{"rendered":"<p>Bak\u0131r, ton ba\u015f\u0131na 13 bin dolar\u0131 birinci kez a\u015farak g\u00fc\u00e7l\u00fc rallisini s\u00fcrd\u00fcrd\u00fc. ABD\u2019ye metal sevkiyat\u0131 i\u00e7in tekrar h\u0131zlanan talep, yat\u0131r\u0131mc\u0131lar\u0131 harekete ge\u00e7irdi.<\/p>\n<p>Bak\u0131r, Pazartesi g\u00fcn\u00fc y\u00fczde 4\u2019\u00fc a\u015fan y\u00fckseli\u015f sonras\u0131 Londra Metal Borsas\u0131\u2019nda (LME) y\u00fczde 1,5\u2019e kadar artarak ton ba\u015f\u0131na rekor d\u00fczey olan 13 bin 187 dolara \u00e7\u0131kt\u0131. B\u00f6ylelikle bak\u0131r fiyatlar\u0131 Kas\u0131m ortas\u0131ndan bu yana y\u00fczde 20\u2019nin \u00fczerinde de\u011ferlendi.<\/p>\n<p>Ralli, ABD Ba\u015fkan\u0131 Donald Trump\u2019\u0131n ithalat tarifeleri uygulama tehdidinin s\u00fcrmesi sebebiyle ABD bak\u0131r fiyatlar\u0131n\u0131n LME fiyatlar\u0131na oranla kal\u0131c\u0131 bir primle s\u00fcre\u00e7 g\u00f6rmesine neden oldu. Bu durum, d\u00fcnyan\u0131n geri kalan\u0131nda bak\u0131r sorunu ya\u015fanabilece\u011fi ihtarlar\u0131n\u0131 art\u0131r\u0131rken; bilgi merkezlerinden elektrikli ara\u00e7 bataryalar\u0131na kadar geni\u015f kullan\u0131m alanlar\u0131 sayesinde esasen bak\u0131ra ilgi duyan optimist yat\u0131r\u0131mc\u0131lar\u0131 da cesaretlendirdi.<\/p>\n<p>BMO Capital Markets emtia analisti Helen Amos, \u201cABD\u2019deki tarihi stok art\u0131\u015f\u0131 h\u00e2l\u00e2 global bak\u0131r fiyatlar\u0131n\u0131n ana itici g\u00fcc\u00fc konumunda\u201d tabirlerini kulland\u0131.<\/p>\n<p>Marex k\u0131demli baz metaller stratejisti Al Munro\u2019ya nazaran, \u015eili\u2019deki Mantoverde madeninde ya\u015fanan grev de piyasadaki spek\u00fclatif hareketleri tetikledi.<\/p>\n","protected":false},"excerpt":{"rendered":"<p>Bak\u0131r fiyatlar\u0131 yeni g\u00fcne y\u00fckseli\u015fle ba\u015flad\u0131. Bak\u0131r ton ba\u015f\u0131na 13.000 dolar\u0131 birinci sefer a\u015farak g\u00fc\u00e7l\u00fc rallisini s\u00fcrd\u00fcrd\u00fc.<\/p>\n","protected":false},"author":1,"featured_media":86778,"comment_status":"open","ping_status":"open","sticky":false,"template":"","format":"standard","meta":{"footnotes":""},"categories":[24],"tags":[6569],"class_list":["post-86777","post","type-post","status-publish","format-standard","has-post-thumbnail","hentry","category-ekonomi","tag-bakir"],"_links":{"self":[{"href":"https:\/\/ikimisli.tr\/index.php\/wp-json\/wp\/v2\/posts\/86777","targetHints":{"allow":["GET"]}}],"collection":[{"href":"https:\/\/ikimisli.tr\/index.php\/wp-json\/wp\/v2\/posts"}],"about":[{"href":"https:\/\/ikimisli.tr\/index.php\/wp-json\/wp\/v2\/types\/post"}],"author":[{"embeddable":true,"href":"https:\/\/ikimisli.tr\/index.php\/wp-json\/wp\/v2\/users\/1"}],"replies":[{"embeddable":true,"href":"https:\/\/ikimisli.tr\/index.php\/wp-json\/wp\/v2\/comments?post=86777"}],"version-history":[{"count":1,"href":"https:\/\/ikimisli.tr\/index.php\/wp-json\/wp\/v2\/posts\/86777\/revisions"}],"predecessor-version":[{"id":86779,"href":"https:\/\/ikimisli.tr\/index.php\/wp-json\/wp\/v2\/posts\/86777\/revisions\/86779"}],"wp:featuredmedia":[{"embeddable":true,"href":"https:\/\/ikimisli.tr\/index.php\/wp-json\/wp\/v2\/media\/86778"}],"wp:attachment":[{"href":"https:\/\/ikimisli.tr\/index.php\/wp-json\/wp\/v2\/media?parent=86777"}],"wp:term":[{"taxonomy":"category","embeddable":true,"href":"https:\/\/ikimisli.tr\/index.php\/wp-json\/wp\/v2\/categories?post=86777"},{"taxonomy":"post_tag","embeddable":true,"href":"https:\/\/ikimisli.tr\/index.php\/wp-json\/wp\/v2\/tags?post=86777"}],"curies":[{"name":"wp","href":"https:\/\/api.w.org\/{rel}","templated":true}]}}