{"id":86833,"date":"2026-01-07T07:48:05","date_gmt":"2026-01-07T07:48:05","guid":{"rendered":"https:\/\/ikimisli.tr\/?p=86833"},"modified":"2026-01-07T07:48:05","modified_gmt":"2026-01-07T07:48:05","slug":"bahceliden-venezuela-aciklamasi-karayip-korsanlari-filmi-dunyanin-onunde-gerceklesmistir","status":"publish","type":"post","link":"https:\/\/ikimisli.tr\/index.php\/2026\/01\/07\/bahceliden-venezuela-aciklamasi-karayip-korsanlari-filmi-dunyanin-onunde-gerceklesmistir\/","title":{"rendered":"Bah\u00e7eli&#8217;den Venezuela a\u00e7\u0131klamas\u0131: Karayip Korsanlar\u0131 filmi d\u00fcnyan\u0131n \u00f6n\u00fcnde ger\u00e7ekle\u015fmi\u015ftir"},"content":{"rendered":"<p>MHP Genel Ba\u015fkan\u0131 Devlet Bah\u00e7eli, &#8220;Ter\u00f6rs\u00fcz T\u00fcrkiye maksad\u0131n\u0131n ad\u0131m ad\u0131m ger\u00e7ekle\u015fmesiyle biliniz ki ba\u015faramayaca\u011f\u0131m\u0131z bir \u015fey yoktur. Harika g\u00fc\u00e7 T\u00fcrkiye&#8217;nin engellenmesi diye de bir \u015fey kelam konusu olamayacakt\u0131r.&#8221; dedi.<\/p>\n<p>Bah\u00e7eli&#8217;nin konu\u015fmas\u0131ndan ba\u015fl\u0131klar \u015f\u00f6yle:<\/p>\n<p>Milli varl\u0131\u011f\u0131m\u0131z minnetsiz korumas\u0131 \u00fcst\u00fcn azim ve hamasetle sa\u011flanm\u0131\u015ft\u0131r. 21 y\u00fczy\u0131l\u0131n ikinci \u00e7eyre\u011fini T\u00fcrkiye ve T\u00fcrk milletinin lehine \u00e7evirmek m\u00fcmk\u00fcnd\u00fcr. Bu istikametin rotas\u0131nda kararl\u0131 ad\u0131mlar\u0131n birbirlerini istikrarl\u0131 halde takip ve temini as\u0131l olmal\u0131d\u0131r. 21 y\u00fczy\u0131l\u0131n ikinci \u00e7eyre\u011fi bizi 2053&#8217;e yani \u0130stanbul&#8217;un fethinin 600. y\u0131l d\u00f6n\u00fcm\u00fcne g\u00f6t\u00fcrecektir. Yeni y\u00fczy\u0131l \u00fcst\u00fcn g\u00fc\u00e7le ta\u00e7lanm\u0131\u015f T\u00fcrkiye&#8217;ye hamiledir. Muhte\u015fem g\u00fc\u00e7 T\u00fcrkiye&#8217;yi in\u015fa etmeliyiz.<\/p>\n<p><b>&#8220;S\u00dcPER G\u00dc\u00c7 T\u00dcRK\u0130YE ENGELLENEMEZ&#8221;<\/b><\/p>\n<p>Ter\u00f6rs\u00fcz T\u00fcrkiye maksad\u0131n\u0131n ad\u0131m ad\u0131m ger\u00e7ekle\u015fmesiyle biliniz ki ba\u015faramayaca\u011f\u0131m\u0131z bir \u015fey yoktur. Muhte\u015fem g\u00fc\u00e7 T\u00fcrkiye&#8217;nin engellenmesi diye de bir \u015fey kelam konusu olamayacakt\u0131r. Uyu\u015fuk kalmayaca\u011f\u0131z, yumu\u015fak karn\u0131m\u0131z\u0131 kollayanlara dipdiri duru\u015f g\u00f6sterece\u011fiz, boyun e\u011fmeyece\u011fiz.<\/p>\n<p><b>&#8220;CIRCIR B\u00d6CE\u011e\u0130 \u00dcZERE \u00d6TENLER&#8230;&#8221;<\/b><\/p>\n<p>C\u0131rc\u0131r b\u00f6ce\u011fi \u00fczere \u00f6tenler, kelebe\u011fin \u00f6mr\u00fcne \u00f6zenenler, s\u00fcr\u00fcnerek ya\u015famay\u0131 meslek edinenler, ya\u011fmadan hisse kapma hesab\u0131ndan olan ak\u0131l ve zeka \u00f6z\u00fcrl\u00fcs\u00fc gafil ve garabet yuvalar\u0131 size sesleniyorum: Sizler uyumaya devam edebilirsiniz lakin biz asla uyumayaca\u011f\u0131z. Devaml\u0131 uyan\u0131k ve zinde kalaca\u011f\u0131z. Tehdit b\u00fcy\u00fck, yayg\u0131n ve globaldir. MHP \u015fevkle \u00e7al\u0131\u015f\u0131p alandaki siyasi ve ruhsal \u00fcst\u00fcnl\u00fc\u011f\u00fcn\u00fc korumaktad\u0131r.<\/p>\n<p><b>&#8220;ULUSLARARASI HUKUK \u00c7\u00d6P TENEKES\u0130N\u0130N D\u0130B\u0130NDE&#8221;<\/b><\/p>\n<p>Uluslararas\u0131 hukuk uzun m\u00fcddettir \u00e7\u00f6p tenekesinin taban\u0131ndad\u0131r. \u0130kinci D\u00fcnya Sava\u015f\u0131&#8217;na m\u00fcteakip emperyalizmin doymak bilmeyen kursa\u011f\u0131 ne hak tan\u0131m\u0131\u015f ne hukuk bilmi\u015ftir. Daha olacaklar\u0131n \u00f6n\u00fc a\u00e7\u0131kt\u0131r, insan haklar\u0131 bilinmez bir yerdedir.<\/p>\n<p><b>VENEZUELA A\u00c7IKLAMASI<\/b><\/p>\n<p>21. y\u00fczy\u0131l\u0131n ikinci \u00e7eyre\u011finin daha ikinci g\u00fcn\u00fcnde tarihte tahminen de hi\u00e7 tesad\u00fcf edilmeyen haydutluk, korsanl\u0131k, insan kald\u0131rma, insan ka\u00e7\u0131rma olay\u0131 ya\u015fanm\u0131\u015ft\u0131r. <\/p>\n<p>Karayip Korsanlar\u0131 sinemas\u0131 resmen t\u00fcm d\u00fcnyan\u0131n g\u00f6z\u00fc \u00f6n\u00fcnde ger\u00e7ekle\u015fmi\u015ftir. <\/p>\n<p><em><strong>AYRINTILAR GEL\u0130YOR&#8230; <\/strong><\/em><\/p>\n","protected":false},"excerpt":{"rendered":"<p>MHP Genel Ba\u015fkan\u0131 Devlet Bah\u00e7eli partisinin k\u00fcme toplant\u0131s\u0131nda konu\u015fuyor.<\/p>\n","protected":false},"author":1,"featured_media":86834,"comment_status":"open","ping_status":"open","sticky":false,"template":"","format":"standard","meta":{"footnotes":""},"categories":[25],"tags":[5136,2078,9545,113],"class_list":["post-86833","post","type-post","status-publish","format-standard","has-post-thumbnail","hentry","category-gundem","tag-adim","tag-ikinci","tag-super-guc","tag-turkiye"],"_links":{"self":[{"href":"https:\/\/ikimisli.tr\/index.php\/wp-json\/wp\/v2\/posts\/86833","targetHints":{"allow":["GET"]}}],"collection":[{"href":"https:\/\/ikimisli.tr\/index.php\/wp-json\/wp\/v2\/posts"}],"about":[{"href":"https:\/\/ikimisli.tr\/index.php\/wp-json\/wp\/v2\/types\/post"}],"author":[{"embeddable":true,"href":"https:\/\/ikimisli.tr\/index.php\/wp-json\/wp\/v2\/users\/1"}],"replies":[{"embeddable":true,"href":"https:\/\/ikimisli.tr\/index.php\/wp-json\/wp\/v2\/comments?post=86833"}],"version-history":[{"count":1,"href":"https:\/\/ikimisli.tr\/index.php\/wp-json\/wp\/v2\/posts\/86833\/revisions"}],"predecessor-version":[{"id":86835,"href":"https:\/\/ikimisli.tr\/index.php\/wp-json\/wp\/v2\/posts\/86833\/revisions\/86835"}],"wp:featuredmedia":[{"embeddable":true,"href":"https:\/\/ikimisli.tr\/index.php\/wp-json\/wp\/v2\/media\/86834"}],"wp:attachment":[{"href":"https:\/\/ikimisli.tr\/index.php\/wp-json\/wp\/v2\/media?parent=86833"}],"wp:term":[{"taxonomy":"category","embeddable":true,"href":"https:\/\/ikimisli.tr\/index.php\/wp-json\/wp\/v2\/categories?post=86833"},{"taxonomy":"post_tag","embeddable":true,"href":"https:\/\/ikimisli.tr\/index.php\/wp-json\/wp\/v2\/tags?post=86833"}],"curies":[{"name":"wp","href":"https:\/\/api.w.org\/{rel}","templated":true}]}}