{"id":86892,"date":"2026-01-07T11:00:06","date_gmt":"2026-01-07T11:00:06","guid":{"rendered":"https:\/\/ikimisli.tr\/?p=86892"},"modified":"2026-01-07T11:00:06","modified_gmt":"2026-01-07T11:00:06","slug":"izmir-adliyesinde-bomba-panigi","status":"publish","type":"post","link":"https:\/\/ikimisli.tr\/index.php\/2026\/01\/07\/izmir-adliyesinde-bomba-panigi\/","title":{"rendered":"\u0130zmir Adliyesi&#8217;nde bomba pani\u011fi"},"content":{"rendered":"<p>\u0130zmir&#8217;in Bayrakl\u0131 \u0130l\u00e7esindeki \u0130zmir Adliyesi \u00f6n\u00fcnde bomba pani\u011fi ya\u015fand\u0131.<\/p>\n<p>Adliye kap\u0131s\u0131na yak\u0131n bir yerde ku\u015fkulu bir paket g\u00f6r\u00fcld\u00fc. Vatanda\u015flar g\u00fcvenlik g\u00fc\u00e7lerine haber verdi. G\u00f6rg\u00fc \u015fahitleri, ku\u015fkulu paketin bir ara\u00e7tan yere at\u0131ld\u0131\u011f\u0131 ya da d\u00fc\u015ft\u00fc\u011f\u00fc m\u00fc\u015fahedesini aktard\u0131.<\/p>\n<p>Daha sonra bir vatanda\u015f\u0131n paketi yoldan al\u0131p kald\u0131r\u0131m kenar\u0131na b\u0131rakt\u0131\u011f\u0131 bildirildi. Harekete ge\u00e7en polis etrafta geni\u015f g\u00fcvenlik tedbirleri ald\u0131. B\u00f6lgeye ara\u00e7 ve yaya giri\u015fi durduruldu. G\u00fcvenlik \u00e7emberi olu\u015fturulduktan sonra bomba imha uzman\u0131 geldi. Uzman, kald\u0131r\u0131m kenar\u0131ndaki paketi inceledi, akabinde f\u00fcnye ile denetimli halde patlatt\u0131. Paketin bo\u015f oldu\u011fu belirlendi. G\u00fcvenlik sa\u011fland\u0131ktan sonra yol tekrar ara\u00e7 ve yaya trafi\u011fine a\u00e7\u0131ld\u0131, hayat ola\u011fana d\u00f6nd\u00fc.<\/p>\n<p><b>AKILLARA 2017\u2019DEK\u0130 TER\u00d6R SALDIRISI GELD\u0130<\/b><\/p>\n<p>Ya\u015fanan olay, dokuz y\u0131l evvel t\u0131pk\u0131 yerdeki ter\u00f6r sald\u0131r\u0131s\u0131n\u0131 getirdi ak\u0131llara. 5 Ocak 2017\u2019de PKK \u00dcyesi \u00fc\u00e7 ter\u00f6rist \u0130zmir Adliyesi\u2019ne uzun namlulu silahlar, roketatarlar ve bomba y\u00fckl\u00fc ara\u00e7la sald\u0131rm\u0131\u015ft\u0131. Adliyeye girmeye \u00e7al\u0131\u015fan ter\u00f6ristlerin sald\u0131r\u0131s\u0131 polislerin m\u00fcdahalesiyle \u00f6nlenmi\u015fti. Ter\u00f6ristlerin biri ka\u00e7arken, ikisi \u00f6ld\u00fcr\u00fclerek etkisiz hale getirilmi\u015fti. \u00c7at\u0131\u015fmada Polis Memuru Fethi Sekin ve M\u00fcba\u015fir Musa Can \u015fehit olmu\u015ftu. On ki\u015fi de yaralanm\u0131\u015ft\u0131. Bug\u00fcnk\u00fc olay\u0131n bu ata\u011f\u0131n y\u0131ld\u00f6n\u00fcm\u00fcne denk gelmesi tela\u015f yaratt\u0131.<\/p>\n","protected":false},"excerpt":{"rendered":"<p>\u0130zmir Adliyesi \u00f6n\u00fcnde bomba pani\u011fi ya\u015fand\u0131. Polis, ku\u015fkulu paket nedeniyle g\u00fcvenlik \u00e7emberi olu\u015fturdu.<\/p>\n","protected":false},"author":1,"featured_media":86893,"comment_status":"open","ping_status":"open","sticky":false,"template":"","format":"standard","meta":{"footnotes":""},"categories":[25],"tags":[2909,238],"class_list":["post-86892","post","type-post","status-publish","format-standard","has-post-thumbnail","hentry","category-gundem","tag-paket","tag-teror"],"_links":{"self":[{"href":"https:\/\/ikimisli.tr\/index.php\/wp-json\/wp\/v2\/posts\/86892","targetHints":{"allow":["GET"]}}],"collection":[{"href":"https:\/\/ikimisli.tr\/index.php\/wp-json\/wp\/v2\/posts"}],"about":[{"href":"https:\/\/ikimisli.tr\/index.php\/wp-json\/wp\/v2\/types\/post"}],"author":[{"embeddable":true,"href":"https:\/\/ikimisli.tr\/index.php\/wp-json\/wp\/v2\/users\/1"}],"replies":[{"embeddable":true,"href":"https:\/\/ikimisli.tr\/index.php\/wp-json\/wp\/v2\/comments?post=86892"}],"version-history":[{"count":1,"href":"https:\/\/ikimisli.tr\/index.php\/wp-json\/wp\/v2\/posts\/86892\/revisions"}],"predecessor-version":[{"id":86894,"href":"https:\/\/ikimisli.tr\/index.php\/wp-json\/wp\/v2\/posts\/86892\/revisions\/86894"}],"wp:featuredmedia":[{"embeddable":true,"href":"https:\/\/ikimisli.tr\/index.php\/wp-json\/wp\/v2\/media\/86893"}],"wp:attachment":[{"href":"https:\/\/ikimisli.tr\/index.php\/wp-json\/wp\/v2\/media?parent=86892"}],"wp:term":[{"taxonomy":"category","embeddable":true,"href":"https:\/\/ikimisli.tr\/index.php\/wp-json\/wp\/v2\/categories?post=86892"},{"taxonomy":"post_tag","embeddable":true,"href":"https:\/\/ikimisli.tr\/index.php\/wp-json\/wp\/v2\/tags?post=86892"}],"curies":[{"name":"wp","href":"https:\/\/api.w.org\/{rel}","templated":true}]}}