{"id":86969,"date":"2026-01-07T15:48:08","date_gmt":"2026-01-07T15:48:08","guid":{"rendered":"https:\/\/ikimisli.tr\/?p=86969"},"modified":"2026-01-07T15:48:08","modified_gmt":"2026-01-07T15:48:08","slug":"komplo-teorisi-mi-gercek-mi-the-economist-yaziyor-hepimiz-oynuyoruz","status":"publish","type":"post","link":"https:\/\/ikimisli.tr\/index.php\/2026\/01\/07\/komplo-teorisi-mi-gercek-mi-the-economist-yaziyor-hepimiz-oynuyoruz\/","title":{"rendered":"Komplo teorisi mi, ger\u00e7ek mi? The Economist yaz\u0131yor, hepimiz oynuyoruz"},"content":{"rendered":"<p>D\u00fcnya siyaseti 2026&#8217;ya s\u00fcratli giri\u015f yapt\u0131. Milletleraras\u0131 medyan\u0131n \u00f6nde gelen organlar\u0131ndan The Economist 2026 y\u0131l\u0131n\u0131n birinci kapa\u011f\u0131nda dikkat \u00e7eken bildiriler payla\u015ft\u0131.<\/p>\n<p><strong>\u0130\u00e7inizden Biri Ekrem A\u00e7\u0131kel<\/strong>, k\u00fcreselcili\u011fin sesi <strong>The Economist<\/strong> mecmuas\u0131n\u0131n 2026 y\u0131l\u0131 birinci kapa\u011f\u0131n\u0131 <strong>S\u00d6ZC\u00dc TV<\/strong> ekranlar\u0131nda yorumlad\u0131:<\/p>\n<p><b>&#8220;K\u0130M\u0130LER\u0130 KOMPLO TEOR\u0130S\u0130 DER&#8221;<\/b><\/p>\n<p>&#8211; The Economist dedi\u011finizde baz\u0131lar\u0131 k\u00fcreselci der. Yani ABD&#8217;nin t\u00fcm dayatmalar\u0131n\u0131 kabul edeceksin, sonlar\u0131 kald\u0131racaks\u0131n. Baz\u0131lar\u0131 de komplo teorisi deri. The Economist bunlar\u0131n \u00f6nden sellekt\u00f6r yap\u0131c\u0131s\u0131 olarak tan\u0131mlan\u0131r. <\/p>\n<p><img decoding=\"async\" src=\"https:\/\/ikimisli.tr\/wp-content\/uploads\/2026\/01\/komplo-teorisi-mi-gercek-mi-the-economist-yaziyor-hepimiz-oynuyoruz-0-4wPClpFp.jpeg\"\/><\/p>\n<p>&#8211; 2026&#8217;n\u0131n yol haritas\u0131 a\u00e7\u0131s\u0131ndan The Economist&#8217;in 2026 birinci kapa\u011f\u0131n\u0131 yorumlayal\u0131m.<\/p>\n<p><b>2026&#8217;DA OLACAKLAR<\/b><\/p>\n<p>&#8211; ABD&#8217;nin 250. Y\u0131l\u0131 ve Trump<\/p>\n<p>Trump&#8217;a dikkat \u00e7ekiyor. D\u00fcnyada siyasette Trump ba\u015fat olacak ve 2026&#8217;da da bu t\u00fcrl\u00fc devam edecek.<\/p>\n<p>&#8211; Jeopolitik s\u00fcr\u00fcklenme ile sava\u015f m\u0131 bar\u0131\u015f m\u0131?<\/p>\n<p><img decoding=\"async\" src=\"https:\/\/ikimisli.tr\/wp-content\/uploads\/2026\/01\/komplo-teorisi-mi-gercek-mi-the-economist-yaziyor-hepimiz-oynuyoruz-1-ZThPcDsB.jpeg\"\/><\/p>\n<p>D\u00fcnya \u00fc\u00e7 de\u011ferli kutup var. ABD, Rusya ve \u00c7in. Rusya Ukrayna&#8217;y\u0131 ele ge\u00e7irirse, ABD G\u00fcney Amerika&#8217;ya oturursa, \u00c7in&#8217;de Tayvan&#8217;a oturursa&#8230; Ortalar\u0131nda bir mutabakat m\u0131 var? Buna odaklan\u0131yor The Economist.<\/p>\n<p>&#8211; AB&#8217;nin siyasi de\u011fi\u015fimine dikkat<\/p>\n<p>AB resmen kaybedenler kul\u00fcb\u00fc. \u00c7ok sa\u011f\u0131n y\u00fckseli\u015fi, Ukrayna, ABD&#8217;nin tutumu, ticaretin zay\u0131flamas\u0131, AB&#8217;de i\u015fler eskisi \u00fczere olmayacak.<\/p>\n<p>&#8211; Zay\u0131flama ila\u00e7lar\u0131n\u0131n y\u00fckseli\u015fi<\/p>\n<p>Bu y\u0131l d\u00fcnyada zay\u0131flama ila\u00e7lar\u0131n\u0131n damga vurdu\u011fu y\u0131l olacak.<\/p>\n<p>Ekonomiler sar\u0131lacak, spor tansiyon yaratacak<\/p>\n<p>&#8211; Siyasetin nobranl\u0131\u011f\u0131ndan sporun dingle\u015ftiri tutumu \u00e7\u0131kar m\u0131? Hay\u0131r, ABD merkezli spor alan\u0131nda skandallar ya\u015fanacak deniyor.<\/p>\n<p>&#8211; Komplo Teorilerine mesafeliyiz. \u0130nceliyoruz, k\u00fcreselcilerin \u00e7\u0131kar\u0131m\u0131 bu. Bilelim ve kendi fikrimizi seslendirelim&#8221;<\/p>\n","protected":false},"excerpt":{"rendered":"<p>\u0130\u00e7inizden Biri Ekrem A\u00e7\u0131kel, k\u00fcreselcili\u011fin sesi The Economist mecmuas\u0131n\u0131n 2026 y\u0131l\u0131 birinci kapa\u011f\u0131n\u0131 S\u00d6ZC\u00dc TV ekranlar\u0131nda yorumlad\u0131<\/p>\n","protected":false},"author":1,"featured_media":86970,"comment_status":"open","ping_status":"open","sticky":false,"template":"","format":"standard","meta":{"footnotes":""},"categories":[25],"tags":[1071,82,9558],"class_list":["post-86969","post","type-post","status-publish","format-standard","has-post-thumbnail","hentry","category-gundem","tag-1071","tag-abd","tag-the-economist"],"_links":{"self":[{"href":"https:\/\/ikimisli.tr\/index.php\/wp-json\/wp\/v2\/posts\/86969","targetHints":{"allow":["GET"]}}],"collection":[{"href":"https:\/\/ikimisli.tr\/index.php\/wp-json\/wp\/v2\/posts"}],"about":[{"href":"https:\/\/ikimisli.tr\/index.php\/wp-json\/wp\/v2\/types\/post"}],"author":[{"embeddable":true,"href":"https:\/\/ikimisli.tr\/index.php\/wp-json\/wp\/v2\/users\/1"}],"replies":[{"embeddable":true,"href":"https:\/\/ikimisli.tr\/index.php\/wp-json\/wp\/v2\/comments?post=86969"}],"version-history":[{"count":1,"href":"https:\/\/ikimisli.tr\/index.php\/wp-json\/wp\/v2\/posts\/86969\/revisions"}],"predecessor-version":[{"id":86973,"href":"https:\/\/ikimisli.tr\/index.php\/wp-json\/wp\/v2\/posts\/86969\/revisions\/86973"}],"wp:featuredmedia":[{"embeddable":true,"href":"https:\/\/ikimisli.tr\/index.php\/wp-json\/wp\/v2\/media\/86970"}],"wp:attachment":[{"href":"https:\/\/ikimisli.tr\/index.php\/wp-json\/wp\/v2\/media?parent=86969"}],"wp:term":[{"taxonomy":"category","embeddable":true,"href":"https:\/\/ikimisli.tr\/index.php\/wp-json\/wp\/v2\/categories?post=86969"},{"taxonomy":"post_tag","embeddable":true,"href":"https:\/\/ikimisli.tr\/index.php\/wp-json\/wp\/v2\/tags?post=86969"}],"curies":[{"name":"wp","href":"https:\/\/api.w.org\/{rel}","templated":true}]}}