{"id":87055,"date":"2026-01-07T20:48:08","date_gmt":"2026-01-07T20:48:08","guid":{"rendered":"https:\/\/ikimisli.tr\/?p=87055"},"modified":"2026-01-07T20:48:08","modified_gmt":"2026-01-07T20:48:08","slug":"kadin-avukat-bu-paylasimi-yapti-hakkinda-sorusturma-baslatildi","status":"publish","type":"post","link":"https:\/\/ikimisli.tr\/index.php\/2026\/01\/07\/kadin-avukat-bu-paylasimi-yapti-hakkinda-sorusturma-baslatildi\/","title":{"rendered":"Kad\u0131n avukat bu payla\u015f\u0131m\u0131 yapt\u0131, hakk\u0131nda soru\u015fturma ba\u015flat\u0131ld\u0131"},"content":{"rendered":"<p>\u0130zmir&#8217;de ya\u015fad\u0131\u011f\u0131 belirtilen bayan bir avukat, bo\u015fanmalarla ilgili sosyal medya hesaplar\u0131ndan g\u00f6r\u00fcnt\u00fc payla\u015ft\u0131. Bayan avukat\u0131n kulland\u0131\u011f\u0131 s\u00f6zler kimi k\u0131s\u0131mlar taraf\u0131ndan reaksiyonla kar\u015f\u0131land\u0131. <\/p>\n<p><img decoding=\"async\" src=\"https:\/\/ikimisli.tr\/wp-content\/uploads\/2026\/01\/kadin-avukat-bu-paylasimi-yapti-hakkinda-sorusturma-baslatildi-0-SjqAYLhz.jpg\"\/><\/p>\n<p><b>BAKAN TUN\u00c7&#8217;TAN A\u00c7IKLAMA<\/b><\/p>\n<p>Adalet Bakan\u0131 Y\u0131lmaz Tun\u00e7 da toplumsal medya hesab\u0131ndan a\u00e7\u0131klama yaparak bayan avukat hakk\u0131nda soru\u015fturma ba\u015flat\u0131ld\u0131\u011f\u0131n\u0131 duyurdu. Tun\u00e7 \u015fu s\u00f6zleri kulland\u0131;<\/p>\n<p>*Avukatl\u0131k Kanunu\u2019nun 1. hususu, avukatl\u0131\u011f\u0131n kamu hizmeti oldu\u011funu; avukat\u0131n ise yarg\u0131n\u0131n kurucu \u00f6gelerinden olan ba\u011f\u0131ms\u0131z savunmay\u0131 serbest\u00e7e temsil etti\u011fini a\u00e7\u0131k\u00e7a vurgular.<\/p>\n<p>*Yarg\u0131n\u0131n kurucu \u00f6gesi olman\u0131n y\u00fckledi\u011fi sorumluluk; avukatlar\u0131n sadece temsil ettikleri hakk\u0131 savunmay\u0131 de\u011fil, adalete duyulan itimad\u0131 de g\u00fc\u00e7lendirmeyi gerektirir.<\/p>\n<p>*Hukukun ciddiyetini zedeleyen, kanun kararlar\u0131n\u0131 keyf\u00ee bi\u00e7imde yorumlayarak yanl\u0131\u015f y\u00f6nlendirmeye kap\u0131 aralayan her tav\u0131r; toplumun adalete olan inanc\u0131na ziyan verir.<\/p>\n<p>*Avukatl\u0131k Kanunu\u2019nun 34. hususu, avukatl\u0131k vazifesinin itina, do\u011fruluk ve onur i\u00e7inde y\u00fcr\u00fct\u00fclmesini; avukatl\u0131k unvan\u0131n\u0131n gerektirdi\u011fi h\u00fcrmet ve itimada uygun davranmay\u0131 ve meslek kurallar\u0131na ba\u011fl\u0131l\u0131\u011f\u0131 temel al\u0131r. T\u00fcrkiye Barolar Birli\u011fi meslek kurallar\u0131 da t\u0131pk\u0131 do\u011frultuda; avukat\u0131n, mesle\u011fin prestijini zedeleyecek tav\u0131r ve davran\u0131\u015flardan ka\u00e7\u0131nmas\u0131n\u0131, bu hassasiyeti sadece mesleksel faaliyetinde de\u011fil \u00f6zel hayat\u0131nda da g\u00f6zetmesini gerekli k\u0131lar.<\/p>\n<p>*Sosyal medya hesaplar\u0131nda yapt\u0131\u011f\u0131 payla\u015f\u0131mlarla avukatl\u0131k mesle\u011finin vakar\u0131na uygun davran\u0131\u015f g\u00f6stermeyen ve \u0130zmir Barosu\u2019na kay\u0131tl\u0131 oldu\u011fu tespit edilen avukat hakk\u0131nda \u0130zmir Cumhuriyet Ba\u015fsavc\u0131l\u0131\u011f\u0131nca soru\u015fturma ba\u015flat\u0131lm\u0131\u015ft\u0131r.<\/p>\n<p><img decoding=\"async\" src=\"https:\/\/ikimisli.tr\/wp-content\/uploads\/2026\/01\/kadin-avukat-bu-paylasimi-yapti-hakkinda-sorusturma-baslatildi-1-rFDM6WNL.jpg\"\/><\/p>\n<p><b>&#8220;D\u0130S\u0130PL\u0130N S\u00dcREC\u0130 BA\u015eLATILDI&#8221;<\/b><\/p>\n<p>Kad\u0131n avukat hakk\u0131nda disiplin s\u00fcrecinin de ba\u015flat\u0131ld\u0131\u011f\u0131n\u0131 s\u00f6z eden Tun\u00e7, &#8220;Avukatl\u0131k Kanunu\u2019nun disiplin kararlar\u0131 uyar\u0131nca ilgili baro taraf\u0131ndan da meslek kurallar\u0131na kar\u015f\u0131tl\u0131k te\u015fkil edip etmedi\u011fi taraf\u0131ndan inceleme ve gerekli de\u011ferlendirmeleri yap\u0131lmak \u00fczere disiplin s\u00fcreci ba\u015flat\u0131lm\u0131\u015ft\u0131r&#8221; s\u00f6zlerini kulland\u0131.<\/p>\n","protected":false},"excerpt":{"rendered":"<p>Bayan bir avukat\u0131n toplumsal medyada payla\u015ft\u0131\u011f\u0131 g\u00f6r\u00fcnt\u00fcde s\u00f6yledi\u011fi kelamlar sonras\u0131 Bakan Tun\u00e7&#8217;tan a\u00e7\u0131klama geldi. Tun\u00e7, bayan avukat hakk\u0131nda \u0130zmir Cumhuriyet Ba\u015fsavc\u0131l\u0131\u011f\u0131nca soru\u015fturma ba\u015flat\u0131ld\u0131\u011f\u0131n\u0131 duyurdu.<\/p>\n","protected":false},"author":1,"featured_media":87056,"comment_status":"open","ping_status":"open","sticky":false,"template":"","format":"standard","meta":{"footnotes":""},"categories":[25],"tags":[793],"class_list":["post-87055","post","type-post","status-publish","format-standard","has-post-thumbnail","hentry","category-gundem","tag-avukat"],"_links":{"self":[{"href":"https:\/\/ikimisli.tr\/index.php\/wp-json\/wp\/v2\/posts\/87055","targetHints":{"allow":["GET"]}}],"collection":[{"href":"https:\/\/ikimisli.tr\/index.php\/wp-json\/wp\/v2\/posts"}],"about":[{"href":"https:\/\/ikimisli.tr\/index.php\/wp-json\/wp\/v2\/types\/post"}],"author":[{"embeddable":true,"href":"https:\/\/ikimisli.tr\/index.php\/wp-json\/wp\/v2\/users\/1"}],"replies":[{"embeddable":true,"href":"https:\/\/ikimisli.tr\/index.php\/wp-json\/wp\/v2\/comments?post=87055"}],"version-history":[{"count":1,"href":"https:\/\/ikimisli.tr\/index.php\/wp-json\/wp\/v2\/posts\/87055\/revisions"}],"predecessor-version":[{"id":87059,"href":"https:\/\/ikimisli.tr\/index.php\/wp-json\/wp\/v2\/posts\/87055\/revisions\/87059"}],"wp:featuredmedia":[{"embeddable":true,"href":"https:\/\/ikimisli.tr\/index.php\/wp-json\/wp\/v2\/media\/87056"}],"wp:attachment":[{"href":"https:\/\/ikimisli.tr\/index.php\/wp-json\/wp\/v2\/media?parent=87055"}],"wp:term":[{"taxonomy":"category","embeddable":true,"href":"https:\/\/ikimisli.tr\/index.php\/wp-json\/wp\/v2\/categories?post=87055"},{"taxonomy":"post_tag","embeddable":true,"href":"https:\/\/ikimisli.tr\/index.php\/wp-json\/wp\/v2\/tags?post=87055"}],"curies":[{"name":"wp","href":"https:\/\/api.w.org\/{rel}","templated":true}]}}