{"id":87103,"date":"2026-01-07T23:48:05","date_gmt":"2026-01-07T23:48:05","guid":{"rendered":"https:\/\/ikimisli.tr\/?p=87103"},"modified":"2026-01-07T23:48:05","modified_gmt":"2026-01-07T23:48:05","slug":"iptal-edilen-konseri-zarar-diye-yazmislar","status":"publish","type":"post","link":"https:\/\/ikimisli.tr\/index.php\/2026\/01\/07\/iptal-edilen-konseri-zarar-diye-yazmislar\/","title":{"rendered":"\u0130ptal edilen konseri zarar diye yazm\u0131\u015flar"},"content":{"rendered":"<p>ABB\u2019nin 2021\u20132024 y\u0131llar\u0131 ortas\u0131ndaki konser harcamalar\u0131na ait davada 5\u2019i tutuklu 14 san\u0131k birinci duru\u015fmada savunma yapt\u0131. San\u0131klar, iddianamenin kusurlu eksper raporuna dayand\u0131\u011f\u0131n\u0131 savundu. Duru\u015fmada tutuklu san\u0131klar eski ABB K\u00fclt\u00fcr ve Sosyal \u0130\u015fler Daire Ba\u015fkan\u0131 Hac\u0131 Ali Bozkurt, eski K\u00fclt\u00fcr Aktiflikleri \u015eube M\u00fcd\u00fcr Vekili Haluk Erdemir, eski Daire Lider Vekili H\u00fcseyin Zehir, tertip \u015firketi ortaklar\u0131 Selahattin \u00c7elikkaya ve Onur Cihan savunma yapt\u0131. <\/p>\n<p>ABB \u00e7al\u0131\u015fan\u0131 Alp Aykut \u00c7\u0131ng\u0131r birtak\u0131m konserlerin iptal edildi\u011fini vurgulad\u0131. Avukat\u0131 da \u201cBilirki\u015fi raporunda g\u00fcya konser yap\u0131lm\u0131\u015f ve \u00f6deme yap\u0131lm\u0131\u015f \u00fczere k\u0131ymetlendirme var. Halbuki iptal edilen konserler nedeniyle kamu ziyan\u0131 olu\u015fmam\u0131\u015ft\u0131r\u201d dedi ve yeni eksper raporu talep etti. <\/p>\n<p><strong>ZARAR DE\u011e\u0130L FAYDA<\/strong><\/p>\n<p>ABB K\u00fclt\u00fcr ve Sosyal \u0130\u015fler Daire Ba\u015fkan\u0131 Hac\u0131 Ali Bozkurt da \u201c\u0130\u015fimizi uygun yapt\u0131\u011f\u0131m\u0131z i\u00e7in yarg\u0131lan\u0131yoruz. Konserlere 100-150 bin ki\u015fi geliyordu. Burada b\u00fcy\u00fck bir kamu yarar\u0131 var, ziyan de\u011fil\u201d dedi.<\/p>\n","protected":false},"excerpt":{"rendered":"<p>Be\u015fi tutuklu 14 san\u0131k, konser harcamalar\u0131 davas\u0131n\u0131n birinci duru\u015fmas\u0131nda savunma yapt\u0131. San\u0131klar kamu ziyan\u0131n\u0131n olu\u015fmad\u0131\u011f\u0131n\u0131 s\u00f6yledi, yeni uzman raporu talep etti.<\/p>\n","protected":false},"author":1,"featured_media":87104,"comment_status":"open","ping_status":"open","sticky":false,"template":"","format":"standard","meta":{"footnotes":""},"categories":[25],"tags":[479],"class_list":["post-87103","post","type-post","status-publish","format-standard","has-post-thumbnail","hentry","category-gundem","tag-konser"],"_links":{"self":[{"href":"https:\/\/ikimisli.tr\/index.php\/wp-json\/wp\/v2\/posts\/87103","targetHints":{"allow":["GET"]}}],"collection":[{"href":"https:\/\/ikimisli.tr\/index.php\/wp-json\/wp\/v2\/posts"}],"about":[{"href":"https:\/\/ikimisli.tr\/index.php\/wp-json\/wp\/v2\/types\/post"}],"author":[{"embeddable":true,"href":"https:\/\/ikimisli.tr\/index.php\/wp-json\/wp\/v2\/users\/1"}],"replies":[{"embeddable":true,"href":"https:\/\/ikimisli.tr\/index.php\/wp-json\/wp\/v2\/comments?post=87103"}],"version-history":[{"count":1,"href":"https:\/\/ikimisli.tr\/index.php\/wp-json\/wp\/v2\/posts\/87103\/revisions"}],"predecessor-version":[{"id":87105,"href":"https:\/\/ikimisli.tr\/index.php\/wp-json\/wp\/v2\/posts\/87103\/revisions\/87105"}],"wp:featuredmedia":[{"embeddable":true,"href":"https:\/\/ikimisli.tr\/index.php\/wp-json\/wp\/v2\/media\/87104"}],"wp:attachment":[{"href":"https:\/\/ikimisli.tr\/index.php\/wp-json\/wp\/v2\/media?parent=87103"}],"wp:term":[{"taxonomy":"category","embeddable":true,"href":"https:\/\/ikimisli.tr\/index.php\/wp-json\/wp\/v2\/categories?post=87103"},{"taxonomy":"post_tag","embeddable":true,"href":"https:\/\/ikimisli.tr\/index.php\/wp-json\/wp\/v2\/tags?post=87103"}],"curies":[{"name":"wp","href":"https:\/\/api.w.org\/{rel}","templated":true}]}}