{"id":87168,"date":"2026-01-08T03:48:05","date_gmt":"2026-01-08T03:48:05","guid":{"rendered":"https:\/\/ikimisli.tr\/?p=87168"},"modified":"2026-01-08T03:48:05","modified_gmt":"2026-01-08T03:48:05","slug":"soguk-hava-felaketi-beraberinde-getirdi-ulasim-coktu-ucuslar-durdu","status":"publish","type":"post","link":"https:\/\/ikimisli.tr\/index.php\/2026\/01\/08\/soguk-hava-felaketi-beraberinde-getirdi-ulasim-coktu-ucuslar-durdu\/","title":{"rendered":"So\u011fuk hava felaketi beraberinde getirdi: Ula\u015f\u0131m \u00e7\u00f6kt\u00fc, u\u00e7u\u015flar durdu"},"content":{"rendered":"<p>Kuzey r\u00fczgarlar\u0131n\u0131n tesiriyle 5 ve 6 Ocak tarihlerinde Avrupa genelinde s\u0131cakl\u0131klar s\u00fcratle d\u00fc\u015ferek tarihi rekorlar k\u0131rd\u0131. Bat\u0131 Avrupa ba\u015fta olmak \u00fczere k\u0131tan\u0131n b\u00fcy\u00fck k\u0131sm\u0131nda tesirli olan Arktik hava k\u00fctlesi, pistlerin kapanmas\u0131na ve hava ula\u015f\u0131m\u0131n\u0131n fel\u00e7 olmas\u0131na neden oldu. Uzmanlar, kutup girdab\u0131n\u0131n zay\u0131f olmas\u0131 sebebiyle bu y\u0131l k\u0131\u015f\u0131n \u00e7ok daha \u015fiddetli ge\u00e7ebilece\u011fi konusunda uyar\u0131yor.<\/p>\n<p><strong>HAVAL\u0130MANLARI VE DEM\u0130RYOLLARINDA\u00c7\u00d6K\u00dc\u015e<\/strong><\/p>\n<p>Dondurucu so\u011fuklar ula\u015f\u0131m a\u011f\u0131nda b\u00fcy\u00fck bir kaosa yol a\u00e7arken, bilhassa Hollanda ve Fransa&#8217;da seyahat etmek neredeyse imkans\u0131z hale geldi. Amsterdam Schiphol Havaliman\u0131&#8217;nda 400 u\u00e7u\u015f gecikirken y\u00fczlerce sefer b\u00fcsb\u00fct\u00fcn iptal edildi; havaliman\u0131 operasyonlar\u0131n\u0131n Sal\u0131 g\u00fcn\u00fc son derece hudutlu kald\u0131\u011f\u0131 bildirildi. Emsal formda Fransa&#8217;da Nantes ve Paris havalimanlar\u0131nda da yayg\u0131n iptaller ya\u015fan\u0131rken, Hollanda genelinde memleketler aras\u0131 tren g\u00fczergahlar\u0131 dahil t\u00fcm demir yolu hizmetleri aksad\u0131. Fransa&#8217;n\u0131n kuzeybat\u0131s\u0131nda okul otob\u00fcsleri seferleri ask\u0131ya al\u0131n\u0131rken, yetkililer &#8220;turuncu&#8221; alarm d\u00fczeyindeki b\u00f6lgelerde a\u011f\u0131r y\u00fck ara\u00e7lar\u0131na yasak getirerek s\u00fcrat hudutlar\u0131n\u0131 d\u00fc\u015f\u00fcrd\u00fc.<\/p>\n<p><strong>DONDURUCU SO\u011eUKLARDA TAR\u0130H\u0130 REKOR<\/strong><\/p>\n<p>Meteoroloji datalar\u0131na nazaran k\u0131ta genelinde s\u0131cakl\u0131klar hayat\u0131 tehdit edecek d\u00fczeylere ula\u015fm\u0131\u015f durumda. \u0130ngiltere&#8217;nin g\u00fcneydo\u011fusunda termometreler -12,5\u00b0C&#8217;yi g\u00f6r\u00fcrken, Bavyera Alpleri ve Fransa&#8217;n\u0131n do\u011fusunda s\u0131cakl\u0131klar -22\u00b0C&#8217;ye kadar geriledi. Fransa Meteoroloji Servisi, bu durumu 2012&#8217;den beri g\u00f6r\u00fclen en \u015fiddetli so\u011fuk hava dalgas\u0131 olarak tan\u0131mlad\u0131. \u00dclkede Pazartesi g\u00fcn\u00fc g\u00fc\u00e7 talebi son be\u015f y\u0131l\u0131n en y\u00fcksek d\u00fczeyine ula\u015f\u0131rken, g\u00fc\u00e7 gereksinimini kar\u015f\u0131lamak i\u00e7in ek do\u011falgaz jenerat\u00f6rlerinin devreye sokuldu\u011fu a\u00e7\u0131kland\u0131.<\/p>\n<p><strong>KAR VE BUZLANMA CAN ALDI<\/strong><\/p>\n<p>K\u00f6t\u00fc hava \u015fartlar\u0131 can kay\u0131plar\u0131n\u0131 ve \u00f6nemli maddi hasarlar\u0131 da beraberinde getirdi. Fransa&#8217;da buzlanma nedeniyle meydana gelen trafik kazalar\u0131nda ve genel so\u011fuklar sebebiyle en az yedi ki\u015fi hayat\u0131n\u0131 kaybetti, bir\u00e7ok ki\u015fi ise yaraland\u0131. Kar ve buzun yaratt\u0131\u011f\u0131 a\u011f\u0131r y\u00fck nedeniyle elektrik \u00e7izgileri koparken; Vend\u00e9e ve Loire-Atlantique b\u00f6lgelerinde yakla\u015f\u0131k 7.500 hane karanl\u0131\u011fa g\u00f6m\u00fcld\u00fc. Fevkal\u00e2de durumun ya\u015fand\u0131\u011f\u0131 \u0130sko\u00e7ya&#8217;da ise ordu birlikleri yollar\u0131 temizlemek, mahsur kalan gereksinim sahiplerine yiyecek ve ila\u00e7 ula\u015ft\u0131rmak i\u00e7in misyona \u00e7a\u011fr\u0131ld\u0131.<\/p>\n<p><strong>SO\u011eUK DALGASI DO\u011eUYA \u0130LERL\u0130YOR<\/strong><\/p>\n<p>F\u0131rt\u0131na sistemi Balkanlar \u00fczerinden ilerleyerek Bosna Hersek, S\u0131rbistan, H\u0131rvatistan ve Karada\u011f&#8217;\u0131 tesiri alt\u0131na al\u0131rken, Roma&#8217;da ise a\u011f\u0131r ya\u011f\u0131\u015flar nedeniyle sel ve a\u011fa\u00e7 devrilme riskine kar\u015f\u0131 parklara giri\u015fler k\u0131s\u0131tland\u0131. As\u0131l tehlike ise \u015fu an Ukrayna i\u00e7in yakla\u015f\u0131yor. Arktik hava k\u00fctlesinin bu hafta Ukrayna&#8217;y\u0131 b\u00fcsb\u00fct\u00fcn tesiri alt\u0131na almas\u0131 bekleniyor. Meteorologlar, 8 Ocak Per\u015fembe ile 11 Ocak Pazar tarihleri ortas\u0131nda Ukrayna&#8217;n\u0131n kimi b\u00f6lgelerinde s\u0131cakl\u0131klar\u0131n -23\u00b0C&#8217;ye kadar d\u00fc\u015fece\u011fi ve \u00fclkenin b\u00fcy\u00fck k\u0131sm\u0131n\u0131n a\u011f\u0131r kar \u00f6rt\u00fcs\u00fcyle kaplanaca\u011f\u0131 konusunda kritik ikazlarda bulundu.<\/p>\n","protected":false},"excerpt":{"rendered":"<p>Kutup b\u00f6lgesinden gelen dondurucu so\u011fuk hava dalgas\u0131 Avrupa k\u0131tas\u0131n\u0131 esir ald\u0131. A\u011f\u0131r kar ya\u011f\u0131\u015f\u0131 ve buzlanma nedeniyle havalimanlar\u0131 operasyonlar\u0131n\u0131 durdururken, tren seferleri aksad\u0131 ve g\u00fc\u00e7 s\u0131n\u0131rlar\u0131nda b\u00fcy\u00fck hasarlar meydana geldi. 2012&#8217;den bu yana en sert k\u0131\u015f\u0131 ya\u015fayan Fransa&#8217;da ve Hollanda&#8217;da hayat durma noktas\u0131na gelirken, dondurucu so\u011fuklar can kay\u0131plar\u0131na yol a\u00e7t\u0131.<\/p>\n","protected":false},"author":1,"featured_media":87169,"comment_status":"open","ping_status":"open","sticky":false,"template":"","format":"standard","meta":{"footnotes":""},"categories":[43],"tags":[864,161,379,4350],"class_list":["post-87168","post","type-post","status-publish","format-standard","has-post-thumbnail","hentry","category-dunya","tag-fransa","tag-hava","tag-kar","tag-soguk"],"_links":{"self":[{"href":"https:\/\/ikimisli.tr\/index.php\/wp-json\/wp\/v2\/posts\/87168","targetHints":{"allow":["GET"]}}],"collection":[{"href":"https:\/\/ikimisli.tr\/index.php\/wp-json\/wp\/v2\/posts"}],"about":[{"href":"https:\/\/ikimisli.tr\/index.php\/wp-json\/wp\/v2\/types\/post"}],"author":[{"embeddable":true,"href":"https:\/\/ikimisli.tr\/index.php\/wp-json\/wp\/v2\/users\/1"}],"replies":[{"embeddable":true,"href":"https:\/\/ikimisli.tr\/index.php\/wp-json\/wp\/v2\/comments?post=87168"}],"version-history":[{"count":1,"href":"https:\/\/ikimisli.tr\/index.php\/wp-json\/wp\/v2\/posts\/87168\/revisions"}],"predecessor-version":[{"id":87170,"href":"https:\/\/ikimisli.tr\/index.php\/wp-json\/wp\/v2\/posts\/87168\/revisions\/87170"}],"wp:featuredmedia":[{"embeddable":true,"href":"https:\/\/ikimisli.tr\/index.php\/wp-json\/wp\/v2\/media\/87169"}],"wp:attachment":[{"href":"https:\/\/ikimisli.tr\/index.php\/wp-json\/wp\/v2\/media?parent=87168"}],"wp:term":[{"taxonomy":"category","embeddable":true,"href":"https:\/\/ikimisli.tr\/index.php\/wp-json\/wp\/v2\/categories?post=87168"},{"taxonomy":"post_tag","embeddable":true,"href":"https:\/\/ikimisli.tr\/index.php\/wp-json\/wp\/v2\/tags?post=87168"}],"curies":[{"name":"wp","href":"https:\/\/api.w.org\/{rel}","templated":true}]}}