{"id":87171,"date":"2026-01-08T04:00:05","date_gmt":"2026-01-08T04:00:05","guid":{"rendered":"https:\/\/ikimisli.tr\/?p=87171"},"modified":"2026-01-08T04:00:05","modified_gmt":"2026-01-08T04:00:05","slug":"tum-dunya-2026ya-gecti-onlar-hala-2018de-gidenler-zamanda-yolculuk-yapiyor","status":"publish","type":"post","link":"https:\/\/ikimisli.tr\/index.php\/2026\/01\/08\/tum-dunya-2026ya-gecti-onlar-hala-2018de-gidenler-zamanda-yolculuk-yapiyor\/","title":{"rendered":"T\u00fcm d\u00fcnya 2026&#8217;ya ge\u00e7ti onlar hala 2018&#8217;de: Gidenler zamanda yolculuk yap\u0131yor"},"content":{"rendered":"<p>D\u00fcnyan\u0131n geri kalan\u0131 Gregoryen (Miladi) takvimi kullan\u0131rken, Etiyopya y\u00fczy\u0131llard\u0131r kendi klasik Ge&#8217;ez takvimini takip ediyor. Bu kadim sistem, g\u00fcne\u015f as\u0131ll\u0131 hesaplamalar\u0131yla d\u00fcnyadan yakla\u015f\u0131k 7 ila 8 y\u0131l bir fark yarat\u0131yor. Etiyopya, kendi takvimine nazaran 2018 y\u0131l\u0131na \u015fimdi ge\u00e7en Eyl\u00fcl ay\u0131nda girdi. Yani d\u00fcnya 2026&#8217;n\u0131n birinci g\u00fcnlerini ya\u015farken, Etiyopyal\u0131lar 2018&#8217;in \u015fimdi birinci aylar\u0131ndalar.<\/p>\n<p><b>AY FARKI YIL FARKINA SEBEP OLUYOR<\/b><\/p>\n<p>Etiyopya takvimini e\u015fsiz k\u0131lan tek \u015fey y\u0131l fark\u0131 de\u011fil. Bu takvimde tam 13 ay bulunuyor Birinci 12 ay\u0131n her biri tam olarak 30 g\u00fcn s\u00fcr\u00fcyor.<\/p>\n<p>&#8220;Pagume&#8221; ismi verilen 13. ay ise y\u0131l\u0131n sonunda yaln\u0131zca 5 g\u00fcn (art\u0131k y\u0131llarda 6 g\u00fcn) s\u00fcr\u00fcyor. Bu sistem nedeniyle Etiyopya&#8217;da vakit, d\u00fcnyan\u0131n geri kalan\u0131ndan \u00e7ok daha farkl\u0131 bir ritimle ak\u0131yor.<\/p>\n<p><b>HAVAL\u0130MANINDAN BANKAYA KADAR GE\u00c7ERL\u0130<\/b><\/p>\n<p>Bu takvim yaln\u0131zca k\u00fclt\u00fcrel bir sembol de\u011fil. Etiyopya&#8217;daki mahkemeler, bankalar, okullar ve resmi kurumlar b\u00fcsb\u00fct\u00fcn bu takvimi kullan\u0131yor. Bir turist olarak \u00fclkeye gitti\u011finizde, ald\u0131\u011f\u0131n\u0131z bir fi\u015fin \u00fczerinde &#8220;2018&#8221; yazd\u0131\u011f\u0131n\u0131 g\u00f6rmek sizi \u015fa\u015f\u0131rtmas\u0131n&#8230;<\/p>\n<p>Her \u015fey \u0130sa Peygamber&#8217;in do\u011fum tarihinin hesaplanmas\u0131ndaki farkl\u0131l\u0131ktan kaynaklan\u0131yor. 1582 y\u0131l\u0131nda Avrupa Gregoryen takvimine ge\u00e7ti\u011finde hesaplamalar de\u011fi\u015firken, Etiyopya ve K\u0131pti gelenekleri \u00e7ok daha eski olan \u0130skenderiye hesaplamalar\u0131n\u0131 takip etmeye devam etti. Sonu\u00e7 ise ortadaki o hi\u00e7 kapanmayan 7-8 y\u0131ll\u0131k u\u00e7urum oldu&#8230;<\/p>\n","protected":false},"excerpt":{"rendered":"<p>Yakla\u015f\u0131k bir hafta evvel global \u00e7apta yeni y\u0131l kutlamalar\u0131n\u0131 geride b\u0131rak\u0131rken, Do\u011fu Afrika&#8217;n\u0131n kalbindeki bir \u00fclke adeta vakit t\u00fcnelinde ya\u015famaya devam ediyor. Etiyopya&#8217;da takvimler ne 2025&#8217;i ne de 2026&#8217;y\u0131 g\u00f6steriyor; bu \u00fclke resmi olarak hala 2018 y\u0131l\u0131nda.<\/p>\n","protected":false},"author":1,"featured_media":87172,"comment_status":"open","ping_status":"open","sticky":false,"template":"","format":"standard","meta":{"footnotes":""},"categories":[43],"tags":[9570,1662,89,9571],"class_list":["post-87171","post","type-post","status-publish","format-standard","has-post-thumbnail","hentry","category-dunya","tag-etiyopya","tag-fark","tag-gun","tag-takvimi"],"_links":{"self":[{"href":"https:\/\/ikimisli.tr\/index.php\/wp-json\/wp\/v2\/posts\/87171","targetHints":{"allow":["GET"]}}],"collection":[{"href":"https:\/\/ikimisli.tr\/index.php\/wp-json\/wp\/v2\/posts"}],"about":[{"href":"https:\/\/ikimisli.tr\/index.php\/wp-json\/wp\/v2\/types\/post"}],"author":[{"embeddable":true,"href":"https:\/\/ikimisli.tr\/index.php\/wp-json\/wp\/v2\/users\/1"}],"replies":[{"embeddable":true,"href":"https:\/\/ikimisli.tr\/index.php\/wp-json\/wp\/v2\/comments?post=87171"}],"version-history":[{"count":1,"href":"https:\/\/ikimisli.tr\/index.php\/wp-json\/wp\/v2\/posts\/87171\/revisions"}],"predecessor-version":[{"id":87173,"href":"https:\/\/ikimisli.tr\/index.php\/wp-json\/wp\/v2\/posts\/87171\/revisions\/87173"}],"wp:featuredmedia":[{"embeddable":true,"href":"https:\/\/ikimisli.tr\/index.php\/wp-json\/wp\/v2\/media\/87172"}],"wp:attachment":[{"href":"https:\/\/ikimisli.tr\/index.php\/wp-json\/wp\/v2\/media?parent=87171"}],"wp:term":[{"taxonomy":"category","embeddable":true,"href":"https:\/\/ikimisli.tr\/index.php\/wp-json\/wp\/v2\/categories?post=87171"},{"taxonomy":"post_tag","embeddable":true,"href":"https:\/\/ikimisli.tr\/index.php\/wp-json\/wp\/v2\/tags?post=87171"}],"curies":[{"name":"wp","href":"https:\/\/api.w.org\/{rel}","templated":true}]}}