{"id":87229,"date":"2026-01-08T07:24:06","date_gmt":"2026-01-08T07:24:06","guid":{"rendered":"https:\/\/ikimisli.tr\/?p=87229"},"modified":"2026-01-08T07:24:06","modified_gmt":"2026-01-08T07:24:06","slug":"akpye-gececek-olan-vekilden-aciklama-geldi","status":"publish","type":"post","link":"https:\/\/ikimisli.tr\/index.php\/2026\/01\/08\/akpye-gececek-olan-vekilden-aciklama-geldi\/","title":{"rendered":"AKP&#8217;ye ge\u00e7ecek olan vekilden a\u00e7\u0131klama geldi"},"content":{"rendered":"<p>Gelecek Partisi&#8217;nden ge\u00e7en y\u0131l istifa eden eski K\u00fcme Ba\u015fkanvekili ve Ba\u011f\u0131ms\u0131z \u0130stanbul Milletvekili \u0130sa Mesih \u015eahin, Cumhurba\u015fkan\u0131 ve AKP Genel Ba\u015fkan\u0131 Recep Tayyip Erdo\u011fan ile yapt\u0131\u011f\u0131 g\u00f6r\u00fc\u015fmenin akabinde bug\u00fcn AKP k\u00fcme toplant\u0131s\u0131nda partiye kat\u0131laca\u011f\u0131n\u0131 a\u00e7\u0131klad\u0131.<\/p>\n<p><b>&#8216;AKP BEN\u0130M GEN\u00c7L\u0130K YUVAM&#8217;<\/b><\/p>\n<p>D\u00fcn ANKA&#8217;ya konu\u015fan \u015eahin Cumhurba\u015fkan\u0131 Erdo\u011fan taraf\u0131ndan s\u0131cak kar\u015f\u0131land\u0131\u011f\u0131n\u0131 s\u00f6z ederken g\u00f6r\u00fc\u015fmeye ait <strong>\u015fu de\u011ferlendirmeyi yapt\u0131:<\/strong><\/p>\n<p>&#8220;Say\u0131n Cumhurba\u015fkan\u0131m\u0131zla s\u00fcrece, T\u00fcrkiye&#8217;nin i\u00e7inde bulundu\u011fu duruma ve siyasetin genel gidi\u015fat\u0131na dair d\u00fc\u015f\u00fcncelerimizi payla\u015ft\u0131k. AK Parti benim gen\u00e7lik yuvam. 17 y\u0131l burada siyaset yapt\u0131m. Bug\u00fcn geldi\u011fimiz noktada art\u0131k itiraz etme vakti de\u011fil; b\u00f6lgedeki krizleri ve d\u00fcnyadaki konjonkt\u00fcrel geli\u015fmeleri dikkate alarak i\u00e7 cephede birlikte olma vakti.&#8221;<\/p>\n<p>\u015eahin, kararlar\u0131n\u0131n temel motivasyonunun T\u00fcrkiye&#8217;nin i\u00e7inde bulundu\u011fu s\u00fcre\u00e7 oldu\u011funu vurgulayarak, &#8220;G\u00fc\u00e7l\u00fc bir liderlikle, Say\u0131n Cumhurba\u015fkan\u0131m\u0131z\u0131n liderli\u011fi alt\u0131nda g\u00fc\u00e7l\u00fc bir T\u00fcrkiye i\u00e7in birlikte gayret edilmesi gerekti\u011fine inan\u0131yoruz. Bunun da kendi yuvam\u0131zda olmas\u0131 gerekti\u011fini g\u00f6r\u00fcyoruz&#8221; dedi.<\/p>\n<p><b>&#8220;CHP ADINA DE\u011e\u0130L, GELECEK PART\u0130S\u0130 \u0130SM\u0130NE SE\u00c7\u0130LD\u0130K&#8221;<\/b><\/p>\n<p><strong>CHP listelerinden se\u00e7ilen milletvekillerinin AKP&#8217;ye ge\u00e7mesine y\u00f6nelik tenkitlerle ilgili de konu\u015fan \u015eahin, \u015fu tabirleri kulland\u0131: <\/strong><\/p>\n<p>&#8220;Biz CHP ad\u0131na de\u011fil, Gelecek Partisi ad\u0131na se\u00e7ildik. 2023 se\u00e7imlerinde bir siyasi i\u015f birli\u011fi yap\u0131ld\u0131 ve bu i\u015f birli\u011fi \u00e7er\u00e7evesinde Meclis&#8217;e girdik. Gelecek Partisi&#8217;nde siyaset yapma imk\u00e2n\u0131 kalmay\u0131nca da ayr\u0131ld\u0131k. Bu siyasette birinci \u00f6rnek de\u011fil.&#8221;<\/p>\n<p><b>A\u00c7IKLAMA GELD\u0130<\/b><\/p>\n<p><strong>\u015eahin AKP&#8217;ye ge\u00e7mesine ait toplumsal medyadan yapt\u0131\u011f\u0131 a\u00e7\u0131klamada ise \u015funlar\u0131 kaydetti:<\/strong><\/p>\n<p>&#8220;Yuvaya D\u00f6n\u00fc\u015f&#8230;<\/p>\n<p>&#8220;Bazen \u0131rmaklar farkl\u0131 kollara ayr\u0131lsa da menzilde birle\u015fiyor&#8221; ve daha g\u00fc\u00e7l\u00fc formda denize d\u00f6k\u00fcl\u00fcyor.<\/p>\n<p>Tarihin bu g\u00fc\u00e7l\u00fc d\u00f6nemecinde bizim bir olmaya, daima birlikte G\u00fc\u00e7l\u00fc T\u00fcrkiye olmaya gereksinimimiz var.<\/p>\n<p>Kalpleri t\u0131pk\u0131 atanlar\u0131n istikameti de birebirdir. Bizim kalbimiz \u00fclkemiz i\u00e7in at\u0131yor ve istikametimiz de her vakit G\u00fc\u00e7l\u00fc T\u00fcrkiye olacakt\u0131r. Zira G\u00fc\u00e7l\u00fc T\u00fcrkiye olmak, tarihin omuzlar\u0131m\u0131za y\u00fckledi\u011fi, bizim de hi\u00e7bir vakit reddedemeyece\u011fimiz bir dava ve bir d\u00e2v\u00e2d\u0131r.<\/p>\n<p>D\u00fcnyada ya\u015fanan konjonkt\u00fcrel geli\u015fmeler, b\u00f6lgemizdeki krizler &#8220;i\u00e7 cephede bir olmay\u0131, g\u00fc\u00e7l\u00fc T\u00fcrkiye i\u00e7in birlikte \u00e7aba etmeyi&#8221; gerektiriyor.<\/p>\n<p>\u00dclkemizin i\u00e7inden ge\u00e7ti\u011fi s\u00fcre\u00e7, bize daha fazla sorumluluk, fedak\u00e2rl\u0131k ve daha fazla u\u011fra\u015f azmi y\u00fckl\u00fcyor. Bu \u00e7abay\u0131 vermek i\u00e7in heyecan\u0131m\u0131z birinci g\u00fcnk\u00fc \u00fczere taptaze&#8230;<\/p>\n<p>Siyasette do\u011frular\u0131m\u0131z da olmu\u015ftur, yan\u0131lg\u0131lar\u0131m\u0131z da&#8230; Art\u0131k vakit itirazlar\u0131n de\u011fil, ortak bir iradeyi ortaya koyman\u0131n, akl\u0131m\u0131z ve kalbimizle t\u0131pk\u0131 istikamete bakman\u0131n vaktidir. Art\u0131k par\u00e7alanman\u0131n, ferd\u00ee hesaplar\u0131n de\u011fil, yine tek ses olman\u0131n vaktidir.<\/p>\n<p>Biliyoruz ki, i\u00e7eride g\u00fc\u00e7l\u00fc olmad\u0131\u011f\u0131m\u0131z s\u00fcrece, d\u0131\u015far\u0131daki hi\u00e7bir f\u0131rt\u0131nay\u0131 g\u00f6\u011f\u00fcsleyemeyiz.<\/p>\n<p>Bu tarih\u00ee sorumluluk \u015fuuruyla; baba oca\u011f\u0131m\u0131z, gen\u00e7lik yuvam\u0131z Ak Parti&#8217;ye d\u00f6n\u00fcyor; ortak bir yazg\u0131 \u015fuuruyla, milletimizin y\u00fckledi\u011fi sorumlulu\u011fun gere\u011fini yerine getirme eforu ve co\u015fkusunu s\u00fcrd\u00fcrece\u011fimi tabir etmek istiyorum.<\/p>\n<p>Yeniden yuvam\u0131zda olma f\u0131rsat\u0131n\u0131 bize sunan Cumhurba\u015fkan\u0131m\u0131z Sn. Recep Tayyip Erdo\u011fan&#8217;a \u015f\u00fckranlar\u0131m\u0131 sunuyorum. Onun liderli\u011finde \u00fclkemiz ve milletimiz i\u00e7in, \u00fclkemize umutla bakan b\u00fct\u00fcn co\u011frafyalar i\u00e7in, \u00fczerimizdeki b\u00fcy\u00fck sorumlulu\u011fun gere\u011fini yerine getirmek i\u00e7in emek verip ter d\u00f6kece\u011fime kelam veriyorum.<\/p>\n<p>Bizim s\u0131k\u0131nt\u0131m\u0131z T\u00fcrkiye&#8217;dir! Ezel ahdimiz Hakk&#8217;a sadakattir.<\/p>\n<p>Tercih ve gayretlerimizin sebebi, mazisi insanl\u0131k tarihi kadar eski b\u00fcy\u00fck milletimizin sel\u00e2meti i\u00e7indir.<\/p>\n<p>Her \u015fey ebediyen ya\u015fatmak ve y\u00fcceltmek iste\u011finde oldu\u011fumuz devletimizin bek\u00e2s\u0131 i\u00e7in.<\/p>\n<p>Her \u015fey T\u00fcrkiye i\u00e7in!&#8221;<\/p>\n","protected":false},"excerpt":{"rendered":"<p>Bug\u00fcn yap\u0131lacak AKP K\u00fcme Toplant\u0131s\u0131&#8217;nda AKP&#8217;ye ge\u00e7ecek olan Ba\u011f\u0131ms\u0131z \u0130stanbul Milletvekili \u0130sa Mesih \u015eahin toplumsal medyadan yapt\u0131\u011f\u0131 a\u00e7\u0131klamada, &#8220;Gen\u00e7lik yuvam\u0131z Ak Parti&#8217;ye d\u00f6n\u00fcyor; ortak bir yazg\u0131 \u015fuuruyla, milletimizin y\u00fckledi\u011fi sorumlulu\u011fun gere\u011fini yerine getirme u\u011fra\u015f\u0131 ve co\u015fkusunu s\u00fcrd\u00fcrece\u011fimi tabir etmek istiyorum&#8221; dedi.<\/p>\n","protected":false},"author":1,"featured_media":87230,"comment_status":"open","ping_status":"open","sticky":false,"template":"","format":"standard","meta":{"footnotes":""},"categories":[25],"tags":[195,189,1081,1584,113],"class_list":["post-87229","post","type-post","status-publish","format-standard","has-post-thumbnail","hentry","category-gundem","tag-guclu","tag-parti","tag-sahin","tag-siyaset","tag-turkiye"],"_links":{"self":[{"href":"https:\/\/ikimisli.tr\/index.php\/wp-json\/wp\/v2\/posts\/87229","targetHints":{"allow":["GET"]}}],"collection":[{"href":"https:\/\/ikimisli.tr\/index.php\/wp-json\/wp\/v2\/posts"}],"about":[{"href":"https:\/\/ikimisli.tr\/index.php\/wp-json\/wp\/v2\/types\/post"}],"author":[{"embeddable":true,"href":"https:\/\/ikimisli.tr\/index.php\/wp-json\/wp\/v2\/users\/1"}],"replies":[{"embeddable":true,"href":"https:\/\/ikimisli.tr\/index.php\/wp-json\/wp\/v2\/comments?post=87229"}],"version-history":[{"count":1,"href":"https:\/\/ikimisli.tr\/index.php\/wp-json\/wp\/v2\/posts\/87229\/revisions"}],"predecessor-version":[{"id":87231,"href":"https:\/\/ikimisli.tr\/index.php\/wp-json\/wp\/v2\/posts\/87229\/revisions\/87231"}],"wp:featuredmedia":[{"embeddable":true,"href":"https:\/\/ikimisli.tr\/index.php\/wp-json\/wp\/v2\/media\/87230"}],"wp:attachment":[{"href":"https:\/\/ikimisli.tr\/index.php\/wp-json\/wp\/v2\/media?parent=87229"}],"wp:term":[{"taxonomy":"category","embeddable":true,"href":"https:\/\/ikimisli.tr\/index.php\/wp-json\/wp\/v2\/categories?post=87229"},{"taxonomy":"post_tag","embeddable":true,"href":"https:\/\/ikimisli.tr\/index.php\/wp-json\/wp\/v2\/tags?post=87229"}],"curies":[{"name":"wp","href":"https:\/\/api.w.org\/{rel}","templated":true}]}}