{"id":87232,"date":"2026-01-08T07:36:06","date_gmt":"2026-01-08T07:36:06","guid":{"rendered":"https:\/\/ikimisli.tr\/?p=87232"},"modified":"2026-01-08T07:36:06","modified_gmt":"2026-01-08T07:36:06","slug":"mahkeme-heyetini-rusvetle-sucladi-iftiradan-cezalandirildi","status":"publish","type":"post","link":"https:\/\/ikimisli.tr\/index.php\/2026\/01\/08\/mahkeme-heyetini-rusvetle-sucladi-iftiradan-cezalandirildi\/","title":{"rendered":"Mahkeme heyetini r\u00fc\u015fvetle su\u00e7lad\u0131 iftiradan cezaland\u0131r\u0131ld\u0131"},"content":{"rendered":"<p>Diyarbak\u0131r\u2019da babas\u0131 Ali Kaya\u2019n\u0131n 20 yerinden b\u0131\u00e7aklanarak \u00f6ld\u00fcr\u00fcld\u00fc\u011f\u00fc cinayet davas\u0131nda 7. A\u011f\u0131r Ceza Mahkemesi lider ve \u00fcyelerini toplumsal medya hesab\u0131 \u00fczerinden 600 bin lira r\u00fc\u015fvet almakla su\u00e7layan R\u0131dvan Kaya hakk\u0131nda mahkeme heyeti c\u00fcr\u00fcm duyurusunda bulundu.<\/p>\n<p>Mahkeme Ba\u015fkan\u0131 Muhammet Faruk \u00d6zcan ile \u00fcye yarg\u0131\u00e7lar Reyyan Akdemir ile \u00c7a\u011fatay Akal\u0131n\u2019\u0131n m\u00fc\u015fteki oldu\u011fu davan\u0131n karar duru\u015fmas\u0131 Asliye Ceza Mahkemesinde g\u00f6r\u00fcld\u00fc.<\/p>\n<p>San\u0131k R\u0131dvan Kaya savunmas\u0131nda, \u201cAmcam\u0131n o\u011flu ile babam ortas\u0131nda has\u0131ml\u0131k vard\u0131, babam\u0131 amcam\u0131n o\u011flu 20 yerinden b\u0131\u00e7aklad\u0131; hastanede \u00f6ld\u00fc. San\u0131k Birinci duru\u015fmada tahliye edildi. Ald\u0131\u011f\u0131m\u0131z duyumlarla birlikte b\u00fcsb\u00fct\u00fcn sitem etmek ve yans\u0131m\u0131 g\u00f6stermek i\u00e7in toplumsal medya hesab\u0131mdan 7. A\u011f\u0131r Ceza Mahkemesi liderine y\u00f6nelik 600 bin lira paran\u0131n san\u0131k Mehmet Kaya ya da ailesi taraf\u0131ndan 7. A\u011f\u0131r Ceza Liderine verildi\u011fini duydu\u011fumu arg\u00fcman ettim.<\/p>\n<p>\u0130ftira atmak i\u00e7in hareket etmedim, B\u00fcsb\u00fct\u00fcn sav oldu\u011funu ve bizim kar\u015f\u0131 tarafla akrabal\u0131k ba\u011f\u0131m\u0131zdan kaynakl\u0131 ald\u0131\u011f\u0131m\u0131z duyumlar\u0131 lisana getirdim.<\/p>\n<p>Payla\u015f\u0131m\u0131mdan evvel HSK\u2019ya \u015fikayette bulundum, Soru\u015fturma makamlar\u0131n\u0131 etkilemek \u00fczere bir niyetim yoktu. Sesimi duyurup ve kamu yans\u0131s\u0131 yaratmay\u0131 ama\u00e7lad\u0131m.<\/p>\n<p>\u0130ddialar\u0131m\u0131 ispat edemiyor olmam iftira kabahatini i\u015fledi\u011fim ispat\u0131 say\u0131lamayaca\u011f\u0131 \u00fczere kimseye c\u00fcr\u00fcm atmak bi\u00e7iminde olmay\u0131p anayasal \u015fik\u00e2yet ve ihbar hakk\u0131m\u0131n kullan\u0131lma niteli\u011finde g\u00f6r\u00fclmelidir. Arg\u00fcmanlar\u0131m hak arama niteli\u011finde de\u011ferlendirilmelidir, Beraat\u0131m\u0131 istiyorum\u201d dedi.<\/p>\n<p><b>SADECE \u015eAHSIM DE\u011e\u0130L T\u00dcM YARGI T\u00d6HMET ALTINDA KALDI<\/b><\/p>\n<p>Mahkeme Ba\u015fkan\u0131 Muhammet Faruk \u00d6zcan\u2019da kat\u0131lan s\u0131fat\u0131yla s\u00f6z\u00fcnde,<\/p>\n<p>\u201cSan\u0131\u011f\u0131n babas\u0131 \u00f6ld\u00fcr\u00fclm\u00fc\u015ft\u00fc. Yarg\u0131lama sonucu cinayet san\u0131\u011f\u0131n\u0131n mahk\u00fbmiyetine, haks\u0131z tahrik uygulanmas\u0131na ve tahliyesine karar vermi\u015ftik. Karar sonras\u0131 toplumsal medyada san\u0131\u011f\u0131n su\u00e7a mevzu payla\u015f\u0131mlar\u0131n\u0131 g\u00f6rd\u00fcm. San\u0131\u011f\u0131n payla\u015f\u0131mlar\u0131 akla ziyand\u0131r. Belgedeki san\u0131kla akraba oldu\u011fumu belirtmi\u015ftir. Bir an i\u00e7in san\u0131\u011f\u0131n beyanlar\u0131 ger\u00e7ek bile kabul edilse kendisi ile de akraba olmam gerekir. O tarihlerde Diyarbak\u0131r Adliyesinde yarg\u0131 mensuplar\u0131n\u0131n maddi menfaat temin etti\u011fi halinde yayg\u0131n bir s\u00f6ylenti dola\u015f\u0131yordu. San\u0131k bu payla\u015f\u0131mlar\u0131 yapmakla kalmam\u0131\u015f ayr\u0131yeten HSK nezdinde hakk\u0131mda \u015fikayette bulunmu\u015ftur. HSK inceleme m\u00fcsaadesi vermemi\u015ftir. Ayr\u0131yeten belirtilen belge istinaf mahkemesince de y\u00f6ntem ve yasaya uygun bulunarak onanm\u0131\u015ft\u0131r. Bug\u00fcne kadar mesle\u011fini onuru ve gururuyla yapmaya \u00e7al\u0131\u015fan bir yarg\u0131 mensubu olarak san\u0131\u011f\u0131n hareketinin yaln\u0131zca \u015fahs\u0131ma ve heyetime y\u00f6nelik de\u011fil t\u00fcm yarg\u0131 mensuplar\u0131n\u0131 t\u00f6hmet alt\u0131nda b\u0131rakmaya y\u00f6nelik karalay\u0131c\u0131 ve a\u015fa\u011f\u0131lay\u0131c\u0131 oldu\u011fu kanaatindeyim. T\u00fcm bu sebeplerle hukuk mahkemeleri nezdinde a\u00e7aca\u011f\u0131m maddi ve manevi tazminat hakk\u0131m gizli kalmak suretiyle cezaland\u0131r\u0131lmas\u0131n\u0131 talep ediyorum. San\u0131ktan \u015fik\u00e2yet\u00e7iyim\u201d dedi.<\/p>\n<p><b>\u0130ST\u0130NAF ONADI HEYETE DE UYGUN NOT VERD\u0130<\/b><\/p>\n<p>\u00dcye hakim Reyyan Akdemir de, san\u0131kta uzuv kayb\u0131 olu\u015fmas\u0131 nedeniyle haks\u0131z tahrik kararlar\u0131 uygulanarak ceza verilip tutuklu kald\u0131\u011f\u0131 s\u00fcreyi nazara alarak tahliye ettiklerini belirterek, \u201cMahkeme heyetinin tahliye kar\u015f\u0131l\u0131\u011f\u0131nda 600 bin para ald\u0131\u011f\u0131 halinde payla\u015f\u0131mda bulundu\u011funu g\u00f6r\u00fcnce iftira hatas\u0131ndan yasal s\u00fcre\u00e7 yap\u0131lmas\u0131 i\u00e7in kabahat duyurusunda bulunduk. Mahkememizce verilen karar Diyarbak\u0131r B\u00f6lge Adliye Mahkemesi 1. Ceza Dairesi taraf\u0131ndan as\u0131ldan reddedilmi\u015ftir, karar veren heyete de \u00e2l\u00e2 not verilmi\u015ftir. San\u0131ktan \u015fik\u00e2yet\u00e7iyim\u201d dedi.<\/p>\n<p><b>\u015e\u0130KAYET\u00c7\u0130Y\u0130M CEZALANDIRILSIN<\/b><\/p>\n<p>\u00dcye hakim \u00c7a\u011fatay Akal\u0131n da, Cinayet belgesinde karar verildikten sonra mahkeme liderimizin evrak\u0131n m\u00fc\u015ftekisi taraf\u0131ndan toplumsal medya hesab\u0131ndan mezkur belge san\u0131\u011f\u0131 ile mahkeme liderinin anne taraf\u0131ndan akrabal\u0131k ba\u011f\u0131 oldu\u011fu ve mahkeme heyetinin tahliye kar\u015f\u0131l\u0131\u011f\u0131nda para ald\u0131\u011f\u0131 bi\u00e7iminde payla\u015f\u0131mda bulundu\u011funa dair bize bilgi verdi, iftira kabahatinden yasal s\u00fcre\u00e7 yap\u0131lmas\u0131 i\u00e7in soru\u015fturma y\u00fcr\u00fct\u00fclmesi talebinde bulunduk, bana iftira atan san\u0131k hakk\u0131ndaki \u015fikayet\u00e7iyim\u201d diye konu\u015ftu.<\/p>\n<p><b>SAVUNMASINA PREST\u0130J ED\u0130LEMEZ<\/b><\/p>\n<p>Mahkeme heyeti, san\u0131k R\u0131dvan Kaya\u2019n\u0131n Babas\u0131yla ilgili evrakta tahliye karar\u0131 verilmesinden sonra kulland\u0131\u011f\u0131 toplumsal medya hesab\u0131ndan, \u201cMahkeme ba\u015fkan\u0131 ile dosya taraf\u0131n\u0131n akrabal\u0131k m\u00fcnasebetleri varm\u0131\u015f. Hem de mahkeme heyetine 600 bin para vermi\u015f\u201d halinde payla\u015f\u0131mda bulundu\u011fu, san\u0131\u011f\u0131n bu formda kat\u0131lanlar hakk\u0131nda soru\u015fturma ve kovu\u015fturma yap\u0131lmas\u0131n\u0131 sa\u011flamak hedefiyle para ald\u0131klar\u0131na dair payla\u015f\u0131mda bulunmak suretiyle \u00fczerine at\u0131l\u0131 iftira hatas\u0131n\u0131 i\u015fledi\u011fini belirtti. Yarg\u0131\u00e7lar ve Savc\u0131lar \u015euras\u0131&#8217;n\u0131n mahkeme heyeti hakk\u0131nda soru\u015fturma m\u00fcsaadesi verilmesine yer olmad\u0131\u011f\u0131na karar verdi\u011fini belirten mahkeme, san\u0131\u011f\u0131n payla\u015f\u0131m\u0131 iftira hedefli yapmad\u0131\u011f\u0131na dair savunmas\u0131na, r\u00fc\u015fvet \u00fczere a\u011f\u0131r bir su\u00e7lamaya ait payla\u015f\u0131m\u0131n\u0131, mahkeme heyetinin verdi\u011fi tahliye karar\u0131na kar\u015f\u0131 duydu\u011fu husumetinden kaynakl\u0131 olarak yapt\u0131\u011f\u0131 de\u011ferlendirildi\u011finden prestij edilmedi\u011fine dikkat \u00e7ekti.<\/p>\n<p><b>\u0130FT\u0130RADAN CEZA ALDI AVUKATLIK F\u0130YATI DE \u00d6DEYECEK<\/b><\/p>\n<p>Mahkeme san\u0131\u011f\u0131 iftira hatas\u0131ndan 1 y\u0131l 3 ay mahpusla cezaland\u0131rd\u0131. Sab\u0131kas\u0131z ge\u00e7mi\u015fini lehine taktiri indirim sebebi kabul ederek cezay\u0131 1 y\u0131l 15 g\u00fcne indirdi.<\/p>\n<p>San\u0131\u011f\u0131n daha evvel kas\u0131tl\u0131 bir kabahatten mahk\u00fbm olmamas\u0131, ki\u015filik \u00f6zellikleri nazara al\u0131nd\u0131\u011f\u0131nda tekrar hata i\u015flemeyece\u011fi taraf\u0131nda mahkemede olumlu kanaat olu\u015ftu\u011fu ve kabahatin i\u015flenmesi ile ma\u011fdurun yahut kamunun u\u011frad\u0131\u011f\u0131 rastgele bir somut zarar\u0131n mevcut olmamas\u0131 nedeniyle karar\u0131n a\u00e7\u0131klanmas\u0131n\u0131 geri b\u0131rakt\u0131. 5 y\u0131l i\u00e7inde hata i\u015flemedi\u011fi taktirde davan\u0131n d\u00fc\u015f\u00fcr\u00fclece\u011fine karar verdi. Mahkeme yarg\u0131lama sarfiyatlar\u0131 ile m\u00fc\u015fteki mahkeme ba\u015fkan\u0131 Muhammet Faruk \u00d6zcan\u2019\u0131n kendini vekille temsil etti\u011finden 30 bin lira vekalet fiyat\u0131n\u0131n de san\u0131ktan al\u0131narak \u00d6zcan\u2019a verilmesini kararla\u015ft\u0131rd\u0131.<\/p>\n","protected":false},"excerpt":{"rendered":"<p>Diyarbak\u0131r\u2019da bir cinayet davas\u0131nda mahkeme heyetini toplumsal medya \u00fczerinden r\u00fc\u015fvet almakla su\u00e7layan san\u0131k R\u0131dvan Kaya iftira hatas\u0131ndan 1 y\u0131l 15 g\u00fcn mahpusla cezaland\u0131r\u0131ld\u0131.<\/p>\n","protected":false},"author":1,"featured_media":87233,"comment_status":"open","ping_status":"open","sticky":false,"template":"","format":"standard","meta":{"footnotes":""},"categories":[25],"tags":[53,228,149,564,97],"class_list":["post-87232","post","type-post","status-publish","format-standard","has-post-thumbnail","hentry","category-gundem","tag-ceza","tag-hak","tag-karar","tag-sanik","tag-suc"],"_links":{"self":[{"href":"https:\/\/ikimisli.tr\/index.php\/wp-json\/wp\/v2\/posts\/87232","targetHints":{"allow":["GET"]}}],"collection":[{"href":"https:\/\/ikimisli.tr\/index.php\/wp-json\/wp\/v2\/posts"}],"about":[{"href":"https:\/\/ikimisli.tr\/index.php\/wp-json\/wp\/v2\/types\/post"}],"author":[{"embeddable":true,"href":"https:\/\/ikimisli.tr\/index.php\/wp-json\/wp\/v2\/users\/1"}],"replies":[{"embeddable":true,"href":"https:\/\/ikimisli.tr\/index.php\/wp-json\/wp\/v2\/comments?post=87232"}],"version-history":[{"count":1,"href":"https:\/\/ikimisli.tr\/index.php\/wp-json\/wp\/v2\/posts\/87232\/revisions"}],"predecessor-version":[{"id":87234,"href":"https:\/\/ikimisli.tr\/index.php\/wp-json\/wp\/v2\/posts\/87232\/revisions\/87234"}],"wp:featuredmedia":[{"embeddable":true,"href":"https:\/\/ikimisli.tr\/index.php\/wp-json\/wp\/v2\/media\/87233"}],"wp:attachment":[{"href":"https:\/\/ikimisli.tr\/index.php\/wp-json\/wp\/v2\/media?parent=87232"}],"wp:term":[{"taxonomy":"category","embeddable":true,"href":"https:\/\/ikimisli.tr\/index.php\/wp-json\/wp\/v2\/categories?post=87232"},{"taxonomy":"post_tag","embeddable":true,"href":"https:\/\/ikimisli.tr\/index.php\/wp-json\/wp\/v2\/tags?post=87232"}],"curies":[{"name":"wp","href":"https:\/\/api.w.org\/{rel}","templated":true}]}}