{"id":87235,"date":"2026-01-08T07:48:10","date_gmt":"2026-01-08T07:48:10","guid":{"rendered":"https:\/\/ikimisli.tr\/?p=87235"},"modified":"2026-01-08T07:48:10","modified_gmt":"2026-01-08T07:48:10","slug":"kamunun-kablosunu-bile-calmislar-14-kisi-gozaltinda","status":"publish","type":"post","link":"https:\/\/ikimisli.tr\/index.php\/2026\/01\/08\/kamunun-kablosunu-bile-calmislar-14-kisi-gozaltinda\/","title":{"rendered":"Kamunun kablosunu bile \u00e7alm\u0131\u015flar! 14 ki\u015fi g\u00f6zalt\u0131nda"},"content":{"rendered":"<p>Kamuya ili\u015fkin altyap\u0131da kullan\u0131lan kablolar ile i\u015f yerlerinden kablo h\u0131rs\u0131zl\u0131\u011f\u0131 yapanlar\u0131n yakalanmas\u0131na y\u00f6nelik Diyarbak\u0131r merkezli 5 vilayette d\u00fczenlenen e\u015f vakitli operasyonda 14 ku\u015fkulu g\u00f6zalt\u0131na al\u0131nd\u0131.<\/p>\n<p>\u0130l Jandarma Komutanl\u0131\u011f\u0131, Jandarma C\u00fcr\u00fcm Ara\u015ft\u0131rma Timi (JASAT) ve KOM \u015eube M\u00fcd\u00fcrl\u00fc\u011f\u00fc tak\u0131mlar\u0131, son devirlerde farkl\u0131 vilayetlerde kamuya ili\u015fkin altyap\u0131da kullan\u0131lan kablolar ile birtak\u0131m i\u015f yerlerinden kablo \u00e7alanlar\u0131n tespit edilmesine y\u00f6nelik \u00e7al\u0131\u015fma ba\u015flatt\u0131.<\/p>\n<p>Bu kapsamda harekete ge\u00e7en gruplar, 5 vilayette 7 farkl\u0131 adreste kablo h\u0131rs\u0131zl\u0131\u011f\u0131 yapanlar\u0131n yakalanmas\u0131na y\u00f6nelik e\u015f vakitli operasyon d\u00fczenledi. \u015e\u00fcphelilerin adreslerinde yap\u0131lan aramada h\u0131rs\u0131zl\u0131kta kullan\u0131ld\u0131\u011f\u0131 bedellendirilen materyaller ile \u00e7al\u0131nt\u0131 kablolar ele ge\u00e7irildi.<\/p>\n<p>Jandarmadaki sorgu s\u00fcre\u00e7lerinin akabinde adliye sevk edilen \u015f\u00fcphelilerden H.D., E.S., R.\u00c7., V.D.,Y.D. ve M.G, \u00e7\u0131kar\u0131ld\u0131klar\u0131 n\u00f6bet\u00e7i sulh ceza hakimli\u011fince tutukland\u0131.<\/p>\n<p>G\u00f6zalt\u0131ndaki \u00f6b\u00fcr 8 \u015f\u00fcphelinin ise s\u00fcre\u00e7leri s\u00fcr\u00fcyor.<\/p>\n","protected":false},"excerpt":{"rendered":"<p>Diyarbak\u0131r merkezi 5 vilayette kablo h\u0131rs\u0131zlar\u0131na operasyon d\u00fczenlendi, 14 ku\u015fkulu yakaland\u0131.<\/p>\n","protected":false},"author":1,"featured_media":87236,"comment_status":"open","ping_status":"open","sticky":false,"template":"","format":"standard","meta":{"footnotes":""},"categories":[25],"tags":[7042],"class_list":["post-87235","post","type-post","status-publish","format-standard","has-post-thumbnail","hentry","category-gundem","tag-kablo"],"_links":{"self":[{"href":"https:\/\/ikimisli.tr\/index.php\/wp-json\/wp\/v2\/posts\/87235","targetHints":{"allow":["GET"]}}],"collection":[{"href":"https:\/\/ikimisli.tr\/index.php\/wp-json\/wp\/v2\/posts"}],"about":[{"href":"https:\/\/ikimisli.tr\/index.php\/wp-json\/wp\/v2\/types\/post"}],"author":[{"embeddable":true,"href":"https:\/\/ikimisli.tr\/index.php\/wp-json\/wp\/v2\/users\/1"}],"replies":[{"embeddable":true,"href":"https:\/\/ikimisli.tr\/index.php\/wp-json\/wp\/v2\/comments?post=87235"}],"version-history":[{"count":1,"href":"https:\/\/ikimisli.tr\/index.php\/wp-json\/wp\/v2\/posts\/87235\/revisions"}],"predecessor-version":[{"id":87237,"href":"https:\/\/ikimisli.tr\/index.php\/wp-json\/wp\/v2\/posts\/87235\/revisions\/87237"}],"wp:featuredmedia":[{"embeddable":true,"href":"https:\/\/ikimisli.tr\/index.php\/wp-json\/wp\/v2\/media\/87236"}],"wp:attachment":[{"href":"https:\/\/ikimisli.tr\/index.php\/wp-json\/wp\/v2\/media?parent=87235"}],"wp:term":[{"taxonomy":"category","embeddable":true,"href":"https:\/\/ikimisli.tr\/index.php\/wp-json\/wp\/v2\/categories?post=87235"},{"taxonomy":"post_tag","embeddable":true,"href":"https:\/\/ikimisli.tr\/index.php\/wp-json\/wp\/v2\/tags?post=87235"}],"curies":[{"name":"wp","href":"https:\/\/api.w.org\/{rel}","templated":true}]}}