{"id":8728,"date":"2025-02-08T01:12:09","date_gmt":"2025-02-08T01:12:09","guid":{"rendered":"https:\/\/ikimisli.tr\/?p=8728"},"modified":"2025-02-08T01:12:09","modified_gmt":"2025-02-08T01:12:09","slug":"acundan-acik-itiraf-hayatimin-en-zor-donemini-yasiyorum","status":"publish","type":"post","link":"https:\/\/ikimisli.tr\/index.php\/2025\/02\/08\/acundan-acik-itiraf-hayatimin-en-zor-donemini-yasiyorum\/","title":{"rendered":"Acun&#8217;dan a\u00e7\u0131k itiraf: &#8216;Hayat\u0131m\u0131n en zor d\u00f6nemini ya\u015f\u0131yorum&#8217;"},"content":{"rendered":"<p>Acun Il\u0131cal\u0131, ge\u00e7ti\u011fimiz g\u00fcnlerde Young Owners Forum bulu\u015fmas\u0131nda Fast Company ile yapt\u0131\u011f\u0131 s\u00f6yle\u015fide, i\u015f hayat\u0131ndaki muvaffakiyetlerini ve kar\u015f\u0131la\u015ft\u0131\u011f\u0131 zorluklar\u0131 payla\u015ft\u0131. \u00c7ocuklu\u011funun Edirne\u2019de ge\u00e7ti\u011fini belirten Il\u0131cal\u0131, o y\u0131llarda mahallede yar\u0131\u015flar d\u00fczenleyip m\u00fckafatlar verdi\u011fini hat\u0131rlatarak, \u201cSan\u0131yorum tertip yapma iste\u011fi daha o y\u0131llarda i\u00e7imde vard\u0131. E\u011flenceli ve g\u00fczel bir \u00e7ocukluk ge\u00e7irdi\u011fimi s\u00f6yleyebilirim.\u201d dedi.<\/p>\n<p>Il\u0131cal\u0131, ailesinin yapt\u0131\u011f\u0131 fedak\u00e2rl\u0131klara da de\u011findi. Annesinin, kendi e\u011fitim hayat\u0131n\u0131 desteklemek i\u00e7in b\u00fcy\u00fck efor harcad\u0131\u011f\u0131n\u0131 anlatan Il\u0131cal\u0131, \u201cAilem o devrin kaidelerine nazaran fazla fedak\u00e2rd\u0131. Annem beni Edirne\u2019den \u0130stanbul\u2019a kolej imtihanlar\u0131na getirir, b\u00fcy\u00fck efor harcard\u0131. Onun katk\u0131lar\u0131 sayesinde Kad\u0131k\u00f6y Anadolu Lisesi\u2019ni kazand\u0131m.\u201d tabirlerini kulland\u0131. Ayr\u0131yeten, annesinin kendisini \u00f6zledi\u011fi i\u00e7in Kocaeli&#8217;ne tayinini istedi\u011fini ve her g\u00fcn \u0130stanbul ile Kocaeli ortas\u0131nda gidip geldi\u011fini belirtti.<\/p>\n<p>\u0130lk i\u015f tecr\u00fcbesinden de bahseden Il\u0131cal\u0131, \u015fort satarak ba\u015flad\u0131\u011f\u0131n\u0131, lakin ailesinin bundan haberi olmad\u0131\u011f\u0131n\u0131 s\u00f6yledi. Sonras\u0131nda, k\u0131rtasiye d\u00fckk\u00e2n\u0131 a\u00e7t\u0131\u011f\u0131n\u0131 lakin ba\u015far\u0131s\u0131z oldu\u011funu, \u00f6\u011frencilerin paras\u0131 olmad\u0131\u011f\u0131n\u0131 vakitle fark etti\u011fini payla\u015ft\u0131. \u201cD\u00fckk\u00e2n\u0131 bat\u0131rarak bu ger\u00e7e\u011fi \u00f6\u011frendim\u201d diyen Il\u0131cal\u0131, birebir halde Ba\u011fdat Caddesi&#8217;nde a\u00e7t\u0131\u011f\u0131 d\u00fckk\u00e2n\u0131n da iflas etti\u011fini a\u00e7\u0131klad\u0131.<\/p>\n<p><img decoding=\"async\" src=\"https:\/\/ikimisli.tr\/wp-content\/uploads\/2025\/02\/acundan-acik-itiraf-hayatimin-en-zor-donemini-yasiyorum-0-CvOM4VDe.jpg\"\/><\/p>\n<p><strong>TV8 D\u00d6N\u00dcM NOKTASI OLDU<\/strong><\/p>\n<p>Televizyon d\u00fcnyas\u0131na nas\u0131l ad\u0131m att\u0131\u011f\u0131n\u0131 anlatan Il\u0131cal\u0131, \u201cBizim futbol bilgimizden etkilenmi\u015fti. Sonra bizi denemek istediler, b\u00f6ylelikle televizyon maceram da ba\u015flam\u0131\u015f oldu\u201d dedi. Bu, i\u015f hayat\u0131ndaki en b\u00fcy\u00fck d\u00f6n\u00fcm noktalar\u0131ndan biri olarak kayda ge\u00e7ti. \u00d6teki d\u00f6n\u00fcm noktas\u0131 ise, TV 8\u2019i sat\u0131n alarak televizyon yay\u0131nc\u0131l\u0131\u011f\u0131na ad\u0131m atmas\u0131yd\u0131. &#8220;Televizyon yay\u0131nc\u0131l\u0131\u011f\u0131 hakikaten b\u00fcy\u00fck bir i\u015f. 100 milyon TL sarfiyat\u0131n\u0131z var, \u00f6demezseniz bat\u0131yorsunuz&#8221; dedi.<\/p>\n<p>Acun Il\u0131cal\u0131, muvaffakiyetlerini takdir edenlerin hayat\u0131nda k\u0131ymetli bir yer tuttu\u011funu belirterek, \u201c\u00d6nemli insanlar\u0131n beni takdir etmesi i\u00e7in ya\u015fad\u0131\u011f\u0131m\u0131 d\u00fc\u015f\u00fcn\u00fcyorum\u201d dedi. Bu \u00e7e\u015fit takdirlerin kendisini \u00e7ok ba\u015far\u0131l\u0131 hissettirdi\u011fini vurgulad\u0131.<\/p>\n<p><strong>Neden Hull City\u2019i sat\u0131n ald\u0131?<\/strong><\/p>\n<p>\u0130ngiltere ekibi Hull City\u2019i neden sat\u0131n ald\u0131\u011f\u0131 konusuna Il\u0131cal\u0131, \u201cYurtd\u0131\u015f\u0131nda futbol ekibi sahibi olman\u0131n matemati\u011fini d\u00fczg\u00fcn kurman\u0131z gerekiyor. Bunun yan\u0131 s\u0131ra tak\u0131m\u0131n\u0131z de k\u0131ymetli. \u00d6rne\u011fin, bu y\u0131l 50 milyon Pound\u2019luk oyuncu satt\u0131k. G\u00fczel y\u00f6netmezseniz, yar\u0131n bor\u00e7 da \u00e7\u0131karabilirsiniz. Biraz kendinize g\u00fcvenmeniz laz\u0131m. Ben para kazanay\u0131m diyerek futbol ekibi sahibi olamazs\u0131n\u0131z. Ba\u015far\u0131l\u0131 olmay\u0131 hedefledi\u011fim i\u00e7in para kazan\u0131yorum.\u201d diyerek a\u00e7\u0131kl\u0131k getirdi.<\/p>\n","protected":false},"excerpt":{"rendered":"<p>Acun Medya&#8217;n\u0131n sahibi ve Fenerbah\u00e7e Asba\u015fkan\u0131 Acun Il\u0131cal\u0131, Young Owners Forum bulu\u015fmas\u0131na kat\u0131ld\u0131. Burada yapt\u0131\u011f\u0131 konu\u015fmada \u015eu anda hayat\u0131m\u0131n en g\u00fc\u00e7 periyodunu ya\u015f\u0131yorum. D\u00fcn 8 saatimi telefonda ge\u00e7irdim.&#8221; dedi<\/p>\n","protected":false},"author":1,"featured_media":8729,"comment_status":"open","ping_status":"open","sticky":false,"template":"","format":"standard","meta":{"footnotes":""},"categories":[25],"tags":[1838],"class_list":["post-8728","post","type-post","status-publish","format-standard","has-post-thumbnail","hentry","category-gundem","tag-ilicali"],"_links":{"self":[{"href":"https:\/\/ikimisli.tr\/index.php\/wp-json\/wp\/v2\/posts\/8728","targetHints":{"allow":["GET"]}}],"collection":[{"href":"https:\/\/ikimisli.tr\/index.php\/wp-json\/wp\/v2\/posts"}],"about":[{"href":"https:\/\/ikimisli.tr\/index.php\/wp-json\/wp\/v2\/types\/post"}],"author":[{"embeddable":true,"href":"https:\/\/ikimisli.tr\/index.php\/wp-json\/wp\/v2\/users\/1"}],"replies":[{"embeddable":true,"href":"https:\/\/ikimisli.tr\/index.php\/wp-json\/wp\/v2\/comments?post=8728"}],"version-history":[{"count":1,"href":"https:\/\/ikimisli.tr\/index.php\/wp-json\/wp\/v2\/posts\/8728\/revisions"}],"predecessor-version":[{"id":8731,"href":"https:\/\/ikimisli.tr\/index.php\/wp-json\/wp\/v2\/posts\/8728\/revisions\/8731"}],"wp:featuredmedia":[{"embeddable":true,"href":"https:\/\/ikimisli.tr\/index.php\/wp-json\/wp\/v2\/media\/8729"}],"wp:attachment":[{"href":"https:\/\/ikimisli.tr\/index.php\/wp-json\/wp\/v2\/media?parent=8728"}],"wp:term":[{"taxonomy":"category","embeddable":true,"href":"https:\/\/ikimisli.tr\/index.php\/wp-json\/wp\/v2\/categories?post=8728"},{"taxonomy":"post_tag","embeddable":true,"href":"https:\/\/ikimisli.tr\/index.php\/wp-json\/wp\/v2\/tags?post=8728"}],"curies":[{"name":"wp","href":"https:\/\/api.w.org\/{rel}","templated":true}]}}