{"id":87387,"date":"2026-01-08T16:00:06","date_gmt":"2026-01-08T16:00:06","guid":{"rendered":"https:\/\/ikimisli.tr\/?p=87387"},"modified":"2026-01-08T16:00:06","modified_gmt":"2026-01-08T16:00:06","slug":"genclerbirliginde-sinan-osmanoglu-ile-yollar-ayrildi","status":"publish","type":"post","link":"https:\/\/ikimisli.tr\/index.php\/2026\/01\/08\/genclerbirliginde-sinan-osmanoglu-ile-yollar-ayrildi\/","title":{"rendered":"Gen\u00e7lerbirli\u011fi&#8217;nde Sinan Osmano\u011flu ile yollar ayr\u0131ld\u0131"},"content":{"rendered":"<p>S\u00fcper Lig gruplar\u0131ndan Gen\u00e7lerbirli\u011fi, deneyimli stoper Sinan Osmano\u011flu ile vedala\u015ft\u0131.<\/p>\n<p>Ba\u015fkent tak\u0131m\u0131 yay\u0131mlad\u0131\u011f\u0131 veda iletisinde, Osmano\u011flu\u2019nun profesyonel duru\u015funa vurgu yaparak \u015fu s\u00f6zlere yer verdi:<\/p>\n<p>\u201cGe\u00e7ti\u011fimiz d\u00f6nem sergiledi\u011fi azimli futbol ve profesyonel duru\u015fuyla, kadromuzun Trendyol Muhte\u015fem Lig\u2019e y\u00fckselme muvaffakiyetinde kilit rol oynayan kadro kaptanlar\u0131m\u0131zdan Sinan Osmano\u011flu ile kar\u015f\u0131l\u0131kl\u0131 anla\u015farak yollar\u0131m\u0131z\u0131 ay\u0131rm\u0131\u015f bulunmaktay\u0131z. K\u0131rm\u0131z\u0131-kara formam\u0131z\u0131 terletti\u011fi m\u00fcddet boyunca yaln\u0131zca alandaki u\u011fra\u015f\u0131yla de\u011fil, karakteriyle de toplulu\u011fumuzun takdirini kazanan Sinan Osmano\u011flu, \u015fampiyonluk yolundaki unutulmaz katk\u0131lar\u0131yla kul\u00fcp tarihimizdeki yerini alm\u0131\u015ft\u0131r. Sinan Osmano\u011flu\u2019na kul\u00fcb\u00fcm\u00fcze vermi\u015f oldu\u011fu t\u00fcm emekler i\u00e7in te\u015fekk\u00fcr eder, bundan sonraki mesle\u011finde ve \u00f6zel hayat\u0131nda muvaffakiyetler dileriz.\u201d<\/p>\n","protected":false},"excerpt":{"rendered":"<p>Gen\u00e7lerbirli\u011fi, \u015fampiyonluk tak\u0131m\u0131n\u0131n k\u0131ymetli isimlerinden ve grup kaptanlar\u0131ndan Sinan Osmano\u011flu ile kar\u015f\u0131l\u0131kl\u0131 anla\u015farak yollar\u0131n ayr\u0131ld\u0131\u011f\u0131n\u0131 duyurdu.<\/p>\n","protected":false},"author":1,"featured_media":87388,"comment_status":"open","ping_status":"open","sticky":false,"template":"","format":"standard","meta":{"footnotes":""},"categories":[30],"tags":[7762],"class_list":["post-87387","post","type-post","status-publish","format-standard","has-post-thumbnail","hentry","category-spor","tag-osmanoglu"],"_links":{"self":[{"href":"https:\/\/ikimisli.tr\/index.php\/wp-json\/wp\/v2\/posts\/87387","targetHints":{"allow":["GET"]}}],"collection":[{"href":"https:\/\/ikimisli.tr\/index.php\/wp-json\/wp\/v2\/posts"}],"about":[{"href":"https:\/\/ikimisli.tr\/index.php\/wp-json\/wp\/v2\/types\/post"}],"author":[{"embeddable":true,"href":"https:\/\/ikimisli.tr\/index.php\/wp-json\/wp\/v2\/users\/1"}],"replies":[{"embeddable":true,"href":"https:\/\/ikimisli.tr\/index.php\/wp-json\/wp\/v2\/comments?post=87387"}],"version-history":[{"count":1,"href":"https:\/\/ikimisli.tr\/index.php\/wp-json\/wp\/v2\/posts\/87387\/revisions"}],"predecessor-version":[{"id":87389,"href":"https:\/\/ikimisli.tr\/index.php\/wp-json\/wp\/v2\/posts\/87387\/revisions\/87389"}],"wp:featuredmedia":[{"embeddable":true,"href":"https:\/\/ikimisli.tr\/index.php\/wp-json\/wp\/v2\/media\/87388"}],"wp:attachment":[{"href":"https:\/\/ikimisli.tr\/index.php\/wp-json\/wp\/v2\/media?parent=87387"}],"wp:term":[{"taxonomy":"category","embeddable":true,"href":"https:\/\/ikimisli.tr\/index.php\/wp-json\/wp\/v2\/categories?post=87387"},{"taxonomy":"post_tag","embeddable":true,"href":"https:\/\/ikimisli.tr\/index.php\/wp-json\/wp\/v2\/tags?post=87387"}],"curies":[{"name":"wp","href":"https:\/\/api.w.org\/{rel}","templated":true}]}}