{"id":87475,"date":"2026-01-08T21:48:06","date_gmt":"2026-01-08T21:48:06","guid":{"rendered":"https:\/\/ikimisli.tr\/?p=87475"},"modified":"2026-01-08T21:48:06","modified_gmt":"2026-01-08T21:48:06","slug":"eski-milli-sporcu-sabri-kilic-kazara-vurularak-hayatini-kaybetti","status":"publish","type":"post","link":"https:\/\/ikimisli.tr\/index.php\/2026\/01\/08\/eski-milli-sporcu-sabri-kilic-kazara-vurularak-hayatini-kaybetti\/","title":{"rendered":"Eski milli sporcu Sabri K\u0131l\u0131\u00e7 kazara vurularak hayat\u0131n\u0131 kaybetti"},"content":{"rendered":"<p>\u0130zmir&#8217;in Tire il\u00e7esinde, domuz av\u0131nda s\u0131rt\u0131nda as\u0131l\u0131 bulunan av t\u00fcfe\u011finin kazara ate\u015f almas\u0131 sonucu vurulan eski T\u00fcrkiye Sualt\u0131 Sporlar\u0131 Federasyonu Z\u0131pk\u0131nla Bal\u0131k Av\u0131 Ulusal Ekip atleti Sabri K\u0131l\u0131\u00e7 hayat\u0131n\u0131 yitirdi.<\/p>\n<p><img decoding=\"async\" src=\"https:\/\/ikimisli.tr\/wp-content\/uploads\/2026\/01\/eski-milli-sporcu-sabri-kilic-kazara-vurularak-hayatini-kaybetti-0-YxvfTnIQ.jpg\"\/><\/p>\n<p>Al\u0131na bilgiye nazaran Hasan \u00c7avu\u015flar Mahallesi\u2019nde domuz av\u0131na \u00e7\u0131kan 45 ya\u015f\u0131ndaki Sabri K\u0131l\u0131\u00e7\u2019\u0131n makilik alandan ge\u00e7ti\u011fi esnada s\u0131rt\u0131nda as\u0131l\u0131 olan av t\u00fcfe\u011fi kazara ate\u015f ald\u0131. S\u0131rt k\u0131sm\u0131ndan vurulan K\u0131l\u0131\u00e7 a\u011f\u0131r yaralan\u0131rken, silah sesini duyan vatanda\u015flar\u0131n 112 Acil Davet Merkezi&#8217;ne yapt\u0131\u011f\u0131 ihbar \u00fczerine olay yerine jandarma ve s\u0131hhat tak\u0131mlar\u0131 y\u00f6nlendirildi. S\u0131hhat tak\u0131mlar\u0131nca yap\u0131lan incelemede K\u0131l\u0131\u00e7\u2019\u0131n hayat\u0131n\u0131 yitirdi\u011fi belirlendi. K\u0131l\u0131\u00e7\u2019\u0131n cans\u0131z v\u00fccudu kesin vefat nedeninin tespiti i\u00e7in \u0130zmir Adli T\u0131p Kurumu morguna kald\u0131r\u0131l\u0131rken, olayla ilgili soru\u015fturma ba\u015flat\u0131ld\u0131\u011f\u0131 \u00f6\u011frenildi.<\/p>\n<p>\u00d6te yandan, Sabri K\u0131l\u0131\u00e7\u2019\u0131n eski T\u00fcrkiye Sualt\u0131 Sporlar\u0131 Federasyonu Z\u0131pk\u0131nla Bal\u0131k Av\u0131 Ulusal Kadro atleti oldu\u011fu ve yakla\u015f\u0131k 2 y\u0131ld\u0131r ulusal kadro ile kar\u015f\u0131la\u015fmalara kat\u0131lmad\u0131\u011f\u0131 bilgisi edinildi.<\/p>\n","protected":false},"excerpt":{"rendered":"<p>\u0130zmir&#8217;de domuz av\u0131 esnas\u0131nda s\u0131rt\u0131nda as\u0131l\u0131 bulunan av t\u00fcfe\u011finin kazara ate\u015f almas\u0131 sonucu vurulan eski ulusal sportmen Sabri K\u0131l\u0131\u00e7, hayat\u0131n\u0131 kaybetti.<\/p>\n","protected":false},"author":1,"featured_media":87476,"comment_status":"open","ping_status":"open","sticky":false,"template":"","format":"standard","meta":{"footnotes":""},"categories":[25],"tags":[2255],"class_list":["post-87475","post","type-post","status-publish","format-standard","has-post-thumbnail","hentry","category-gundem","tag-kilic"],"_links":{"self":[{"href":"https:\/\/ikimisli.tr\/index.php\/wp-json\/wp\/v2\/posts\/87475","targetHints":{"allow":["GET"]}}],"collection":[{"href":"https:\/\/ikimisli.tr\/index.php\/wp-json\/wp\/v2\/posts"}],"about":[{"href":"https:\/\/ikimisli.tr\/index.php\/wp-json\/wp\/v2\/types\/post"}],"author":[{"embeddable":true,"href":"https:\/\/ikimisli.tr\/index.php\/wp-json\/wp\/v2\/users\/1"}],"replies":[{"embeddable":true,"href":"https:\/\/ikimisli.tr\/index.php\/wp-json\/wp\/v2\/comments?post=87475"}],"version-history":[{"count":1,"href":"https:\/\/ikimisli.tr\/index.php\/wp-json\/wp\/v2\/posts\/87475\/revisions"}],"predecessor-version":[{"id":87478,"href":"https:\/\/ikimisli.tr\/index.php\/wp-json\/wp\/v2\/posts\/87475\/revisions\/87478"}],"wp:featuredmedia":[{"embeddable":true,"href":"https:\/\/ikimisli.tr\/index.php\/wp-json\/wp\/v2\/media\/87476"}],"wp:attachment":[{"href":"https:\/\/ikimisli.tr\/index.php\/wp-json\/wp\/v2\/media?parent=87475"}],"wp:term":[{"taxonomy":"category","embeddable":true,"href":"https:\/\/ikimisli.tr\/index.php\/wp-json\/wp\/v2\/categories?post=87475"},{"taxonomy":"post_tag","embeddable":true,"href":"https:\/\/ikimisli.tr\/index.php\/wp-json\/wp\/v2\/tags?post=87475"}],"curies":[{"name":"wp","href":"https:\/\/api.w.org\/{rel}","templated":true}]}}