{"id":87509,"date":"2026-01-08T23:24:08","date_gmt":"2026-01-08T23:24:08","guid":{"rendered":"https:\/\/ikimisli.tr\/?p=87509"},"modified":"2026-01-08T23:24:08","modified_gmt":"2026-01-08T23:24:08","slug":"maduro-imamoglundan-daha-once-hapisten-cikar","status":"publish","type":"post","link":"https:\/\/ikimisli.tr\/index.php\/2026\/01\/08\/maduro-imamoglundan-daha-once-hapisten-cikar\/","title":{"rendered":"Maduro, \u0130mamo\u011flu\u2019ndan daha \u00f6nce hapisten \u00e7\u0131kar"},"content":{"rendered":"<p>ABD\u2019nin operasyonla ka\u00e7\u0131rd\u0131\u011f\u0131 Venezuela Devlet Ba\u015fkan\u0131 Maduro yarg\u0131lanmaya ba\u015fland\u0131. ABD daha evvel de benzeri operasyonlar yapt\u0131, Noriega \u00fczere ceza alanlar, Zarrab \u00fczere itiraf\u00e7\u0131 olup \u00f6zg\u00fcr kalanlar oldu. Art\u0131k ise s\u0131rada Maduro var, ceza alsa bile bir s\u00fcre sonra h\u00fcr kalaca\u011f\u0131 belirtilirken \u201cEkrem \u0130mamo\u011flu\u2019ndan bile erken \u00e7\u0131kar\u201d yorumu yap\u0131l\u0131yor.<\/p>\n<p>ABD Panama Devlet Ba\u015fkan\u0131 General Noriega\u2019ya da benzeri bir operasyon d\u00fczenlemi\u015f, Amerika\u2019ya getirilen Noriega, 1992\u2019de \u201cUyu\u015fturucu ka\u00e7ak\u00e7\u0131l\u0131\u011f\u0131, hara\u00e7 toplama ve kara para aklama\u201d c\u00fcr\u00fcmlerinden yarg\u0131lan\u0131p 30 y\u0131l mahpus cezas\u0131na \u00e7arpt\u0131r\u0131lm\u0131\u015ft\u0131. 2022\u2019de cezaevinden \u00e7\u0131kmas\u0131 gerekirken Eyl\u00fcl 2007\u2019de Fransa\u2019ya g\u00f6nderildi ve \u00f6zg\u00fcr kald\u0131. 2017\u2019de ise \u00fclkesinde \u00f6ld\u00fc.<\/p>\n<p><strong>ZARRAB VE SBK<\/strong><\/p>\n<p>\u0130ran as\u0131ll\u0131 T\u00fcrk vatanda\u015f\u0131 \u0130stek Zarrab da, \u0130ran\u2019a ambargoyu deldi\u011fi gerek\u00e7esiyle Amerika\u2019da tutukland\u0131. \u0130tiraf\u00e7\u0131 oldu, \u00f6zg\u00fcr b\u0131rak\u0131ld\u0131 ve i\u015f adam\u0131 oldu, at \u00e7iftli\u011fi kurdu yine evlendi. SBK Holdingin i\u015fvereni Sezgin Baran Korkmaz ise \u201cKara para aklamak ve vergi ka\u00e7ak\u00e7\u0131l\u0131\u011f\u0131\u201d hatas\u0131ndan ABD\u2019de tutukland\u0131 daha sonra \u00f6zg\u00fcr b\u0131rak\u0131ld\u0131.<\/p>\n<p><b><span>ARADAK\u0130 FARKLAR B\u00dcY\u00dcK<\/span><\/b><\/p>\n<p>&#8211; Maduro 3 Ocak\u2019ta yakalan\u0131p 5 Ocak\u2019ta mahkemeye \u00e7\u0131kt\u0131. 28 sayfa iddianameyle, 30 y\u0131l mahpusu istendi.<\/p>\n<p>&#8211; Maduro \u201cNarko-ter\u00f6rizm\u201dle su\u00e7lan\u0131yor. Dava 17 Mart\u2019a ertelendi. \u201cCeza alsa da i\u015fbirli\u011fi yap\u0131p \u00e7\u0131kar\u201d g\u00f6r\u00fc\u015f\u00fc tart\u0131 kazand\u0131.<\/p>\n<p>&#8211; \u0130BB Ba\u015fkan\u0131 Ekrem \u0130mamo\u011flu 19 Mart\u2019ta \u015fafakta konutundan g\u00f6zalt\u0131na al\u0131nd\u0131, 23 Mart\u2019ta tutukland\u0131. \u0130ddianamesi 9 ay sonra yaz\u0131ld\u0131. 295 g\u00fcnd\u00fcr mahpusta. 4 bin sayfal\u0131k iddianamede 2 bin 252 y\u0131l mahpus istendi. Savc\u0131l\u0131k \u201cYarg\u0131lama 12.5 y\u0131l s\u00fcrer\u201d dedi.<\/p>\n<p>&#8211; \u0130mamo\u011flu d\u0131\u015farda polisler beklerken giyinme odas\u0131ndan g\u00f6r\u00fcnt\u00fc \u00e7ekip halka seslendi: Kendimi millete emanet ediyorum!<\/p>\n<p>&#8211; \u0130mamo\u011flu\u2019nun da yarg\u0131land\u0131\u011f\u0131 \u0130BB davas\u0131nda 105\u2019i tutuklu, 170\u2019i isimli denetimli, 7\u2019si yakalama buyru\u011fuyla aranan 402 ku\u015fkulu bulunuyor.<\/p>\n<p>&#8211; Savc\u0131l\u0131k, \u0130mamo\u011flu\u2019nun bir \u201csu\u00e7 \u00f6rg\u00fct\u00fc\u201d kurdu\u011funu ve y\u00f6netti\u011fini \u00f6ne s\u00fcr\u00fcyor. Ayr\u0131yeten \u00f6b\u00fcr bir evrakta casuslukla da su\u00e7lan\u0131yor.<\/p>\n<p><b><span>DAVASI \u0130\u00c7\u0130N T\u00dcRK\u0130YE\u2019N\u0130N EN B\u00dcY\u00dcK DURU\u015eMA SALONU YAPILIYOR<\/span><\/b><\/p>\n<p>Ekrem \u0130mamo\u011flu, ge\u00e7en y\u0131l 19 Mart\u2019ta \u015fafak saatlerinde, \u0130BB Ba\u015fkanl\u0131\u011f\u0131 lojman\u0131ndan g\u00f6zalt\u0131na al\u0131n\u0131rken, bu g\u00f6r\u00fcnt\u00fcy\u00fc \u00e7ekti, 290 g\u00fcnd\u00fcr \u00f6zg\u00fcr de\u011fil, yarg\u0131lanmas\u0131 i\u00e7in \u00f6zel duru\u015fma salonu yap\u0131l\u0131yor.<\/p>\n","protected":false},"excerpt":{"rendered":"<p>ABD, Maduro \u00fczere operasyonlar\u0131 daha evvel de yapt\u0131 fakat yakalananlar yarg\u0131land\u0131 ve h\u00fcr kald\u0131, \u0130mamo\u011flu davas\u0131na ise 12.5 y\u0131l m\u00fcddet bi\u00e7ildi.<\/p>\n","protected":false},"author":1,"featured_media":87510,"comment_status":"open","ping_status":"open","sticky":false,"template":"","format":"standard","meta":{"footnotes":""},"categories":[25],"tags":[53,2115,475],"class_list":["post-87509","post","type-post","status-publish","format-standard","has-post-thumbnail","hentry","category-gundem","tag-ceza","tag-imamoglu","tag-serbest"],"_links":{"self":[{"href":"https:\/\/ikimisli.tr\/index.php\/wp-json\/wp\/v2\/posts\/87509","targetHints":{"allow":["GET"]}}],"collection":[{"href":"https:\/\/ikimisli.tr\/index.php\/wp-json\/wp\/v2\/posts"}],"about":[{"href":"https:\/\/ikimisli.tr\/index.php\/wp-json\/wp\/v2\/types\/post"}],"author":[{"embeddable":true,"href":"https:\/\/ikimisli.tr\/index.php\/wp-json\/wp\/v2\/users\/1"}],"replies":[{"embeddable":true,"href":"https:\/\/ikimisli.tr\/index.php\/wp-json\/wp\/v2\/comments?post=87509"}],"version-history":[{"count":1,"href":"https:\/\/ikimisli.tr\/index.php\/wp-json\/wp\/v2\/posts\/87509\/revisions"}],"predecessor-version":[{"id":87511,"href":"https:\/\/ikimisli.tr\/index.php\/wp-json\/wp\/v2\/posts\/87509\/revisions\/87511"}],"wp:featuredmedia":[{"embeddable":true,"href":"https:\/\/ikimisli.tr\/index.php\/wp-json\/wp\/v2\/media\/87510"}],"wp:attachment":[{"href":"https:\/\/ikimisli.tr\/index.php\/wp-json\/wp\/v2\/media?parent=87509"}],"wp:term":[{"taxonomy":"category","embeddable":true,"href":"https:\/\/ikimisli.tr\/index.php\/wp-json\/wp\/v2\/categories?post=87509"},{"taxonomy":"post_tag","embeddable":true,"href":"https:\/\/ikimisli.tr\/index.php\/wp-json\/wp\/v2\/tags?post=87509"}],"curies":[{"name":"wp","href":"https:\/\/api.w.org\/{rel}","templated":true}]}}