{"id":87574,"date":"2026-01-09T02:48:05","date_gmt":"2026-01-09T02:48:05","guid":{"rendered":"https:\/\/ikimisli.tr\/?p=87574"},"modified":"2026-01-09T02:48:05","modified_gmt":"2026-01-09T02:48:05","slug":"bir-yilanin-fotografini-cekti-hayati-karardi","status":"publish","type":"post","link":"https:\/\/ikimisli.tr\/index.php\/2026\/01\/09\/bir-yilanin-fotografini-cekti-hayati-karardi\/","title":{"rendered":"Bir y\u0131lan\u0131n foto\u011fraf\u0131n\u0131 \u00e7ekti hayat\u0131 karard\u0131"},"content":{"rendered":"<p>Gen\u00e7 kad\u0131n ve do\u011fa partisi yapt\u0131\u011f\u0131 arkada\u015flar\u0131, y\u0131lan\u0131n foto\u011fraf\u0131n\u0131 \u00e7ekerek birka\u00e7 farkl\u0131 yapay zeka servisine &#8220;Bu y\u0131lan zehirli mi?&#8221; diye sordu. T\u00fcm yapay zeka uygulamalar\u0131, y\u0131lan\u0131n zarars\u0131z bir &#8220;siyah y\u0131lan&#8221; oldu\u011funu ve zehir ta\u015f\u0131mad\u0131\u011f\u0131n\u0131 tez ederek onay verdi.<\/p>\n<p><b>DOKUNDU\u011eU ANDA ISIRILDI<\/b><\/p>\n<p>Yapay zekan\u0131n yan\u0131t\u0131na g\u00fcvenen Y., karanl\u0131kta birinin \u00fczerine basmamas\u0131 i\u00e7in y\u0131lan\u0131 al\u0131p kenara ta\u015f\u0131mak istedi lakin y\u0131lan o an gen\u00e7 k\u0131z\u0131 parma\u011f\u0131ndan \u0131s\u0131rd\u0131. Ba\u015fta yapay zekan\u0131n kelam\u0131na g\u00fcvenerek arkada\u015flar\u0131n\u0131 &#8220;S\u0131k\u0131nt\u0131 yok, zehirsizmi\u015f&#8221; diyerek teselli eden gen\u00e7 bayan, birka\u00e7 dakika i\u00e7inde kabusu ya\u015famaya ba\u015flad\u0131.<\/p>\n<p><b>DAK\u0130KALAR \u0130\u00c7\u0130NDE FEL\u00c7 OLDU<\/b><\/p>\n<p>K\u0131sa m\u00fcddet sonra elini hissetmemeye ba\u015flayan Y., kusma ve bo\u011fulma hissiyle yere y\u0131\u011f\u0131ld\u0131. B\u00f6lgede telefon da \u00e7ekmedi\u011fi i\u00e7in arkada\u015flar\u0131 yard\u0131m \u00e7a\u011f\u0131ramad\u0131; baht yap\u0131t\u0131 yoldan ge\u00e7en bir ATV \u015fof\u00f6r\u00fc en yak\u0131n yerle\u015fim yerine giderek yard\u0131m \u00e7a\u011f\u0131rd\u0131. Gen\u00e7 k\u0131z, \u0130srail acil yard\u0131m servisi (MADA) taraf\u0131ndan helikopterle Hayfa&#8217;daki Rambam Hastanesi&#8217;ne kald\u0131r\u0131ld\u0131\u011f\u0131nda durumu kritikti.<\/p>\n<p><b>EN ZEH\u0130RL\u0130 YILAN \u00c7IKTI<\/b><\/p>\n<p>Yap\u0131lan incelemelerde, yapay zekan\u0131n &#8220;zarars\u0131z&#8221; dedi\u011fi y\u0131lan\u0131n, \u0130srail&#8217;in en \u00f6l\u00fcmc\u00fcl tipi olan &#8220;\u00c7\u00f6l Efas\u0131&#8221; (Atractaspis engaddensis) oldu\u011fu ortaya \u00e7\u0131kt\u0131. Bu y\u0131lan\u0131n en b\u00fcy\u00fck \u00f6zelli\u011fi, sald\u0131r\u0131rken ileri at\u0131lmak yerine ba\u015f\u0131n\u0131 yana savurarak zehirli di\u015fini ge\u00e7irmesidir.<\/p>\n<p>Hem hudut sistemini fel\u00e7 eden hem de i\u00e7 kanamaya neden olan bu y\u0131lan\u0131n zehri, panzehir verilmedi\u011fi takdirde neredeyse her vakit vefatla sonu\u00e7lan\u0131yor.<\/p>\n","protected":false},"excerpt":{"rendered":"<p>\u0130srail&#8217;in \u00dcrd\u00fcn Vadisi&#8217;nde yerde k\u0131vr\u0131lm\u0131\u015f halde duran k\u00fc\u00e7\u00fck siyah bir y\u0131lan\u0131 fark edip foto\u011fraf\u0131n\u0131 \u00e7eken bayan, az daha can\u0131ndan oluyordu.<\/p>\n","protected":false},"author":1,"featured_media":87575,"comment_status":"open","ping_status":"open","sticky":false,"template":"","format":"standard","meta":{"footnotes":""},"categories":[43],"tags":[210,1908,9598,3865],"class_list":["post-87574","post","type-post","status-publish","format-standard","has-post-thumbnail","hentry","category-dunya","tag-yapay-zeka","tag-yilan","tag-yilanin","tag-zehir"],"_links":{"self":[{"href":"https:\/\/ikimisli.tr\/index.php\/wp-json\/wp\/v2\/posts\/87574","targetHints":{"allow":["GET"]}}],"collection":[{"href":"https:\/\/ikimisli.tr\/index.php\/wp-json\/wp\/v2\/posts"}],"about":[{"href":"https:\/\/ikimisli.tr\/index.php\/wp-json\/wp\/v2\/types\/post"}],"author":[{"embeddable":true,"href":"https:\/\/ikimisli.tr\/index.php\/wp-json\/wp\/v2\/users\/1"}],"replies":[{"embeddable":true,"href":"https:\/\/ikimisli.tr\/index.php\/wp-json\/wp\/v2\/comments?post=87574"}],"version-history":[{"count":1,"href":"https:\/\/ikimisli.tr\/index.php\/wp-json\/wp\/v2\/posts\/87574\/revisions"}],"predecessor-version":[{"id":87576,"href":"https:\/\/ikimisli.tr\/index.php\/wp-json\/wp\/v2\/posts\/87574\/revisions\/87576"}],"wp:featuredmedia":[{"embeddable":true,"href":"https:\/\/ikimisli.tr\/index.php\/wp-json\/wp\/v2\/media\/87575"}],"wp:attachment":[{"href":"https:\/\/ikimisli.tr\/index.php\/wp-json\/wp\/v2\/media?parent=87574"}],"wp:term":[{"taxonomy":"category","embeddable":true,"href":"https:\/\/ikimisli.tr\/index.php\/wp-json\/wp\/v2\/categories?post=87574"},{"taxonomy":"post_tag","embeddable":true,"href":"https:\/\/ikimisli.tr\/index.php\/wp-json\/wp\/v2\/tags?post=87574"}],"curies":[{"name":"wp","href":"https:\/\/api.w.org\/{rel}","templated":true}]}}