{"id":87621,"date":"2026-01-09T05:48:06","date_gmt":"2026-01-09T05:48:06","guid":{"rendered":"https:\/\/ikimisli.tr\/?p=87621"},"modified":"2026-01-09T05:48:06","modified_gmt":"2026-01-09T05:48:06","slug":"30-yasindaki-hakimi-tekme-tokat-dovenler-hatirli-kisi-cikti","status":"publish","type":"post","link":"https:\/\/ikimisli.tr\/index.php\/2026\/01\/09\/30-yasindaki-hakimi-tekme-tokat-dovenler-hatirli-kisi-cikti\/","title":{"rendered":"30 ya\u015f\u0131ndaki hakimi tekme tokat d\u00f6venler hat\u0131rl\u0131 ki\u015fi \u00e7\u0131kt\u0131"},"content":{"rendered":"<p>29 Haziran 2025 tarihinde D.K. ile evlenen B\u00fcy\u00fck\u00e7ekmece Adliyesi\u2019nde vazifeli 30 ya\u015f\u0131ndaki h\u00e2kim E.K., evlili\u011fin birinci g\u00fcnlerinden itibaren e\u015fiyle sorunlar ya\u015famaya ba\u015flad\u0131.\u00a0<\/p>\n<p>Cumhuriyet&#8217;ten Bar\u0131\u015f Terko\u011flu&#8217;nun haberine nazaran, e\u015fiyle birlikte memleketi Ordu&#8217;ya giden E.K., ailesi ve e\u015finin anla\u015famamas\u0131 \u00fczerine bo\u015fanmaya karar verdi.\u00a0<\/p>\n<p><strong>Terko\u011flu, bu karar sonras\u0131 gen\u00e7 hakimin ya\u015fad\u0131\u011f\u0131 sald\u0131r\u0131y\u0131 ve s\u00fcratle kapat\u0131lan isimli s\u00fcreci \u015fu s\u00f6zlerle anlatt\u0131:\u00a0<\/strong><\/p>\n<p><strong>E\u015e\u0130N\u0130N A\u0130LES\u0130 GEN\u00c7 HAK\u0130M\u0130 TEKME TOKAT D\u00d6VD\u00dc<\/strong><\/p>\n<p>&#8220;D.K., e\u015fyalar\u0131n\u0131 toplayarak \u0130stanbul&#8217;a d\u00f6nerken, olaydan iki hafta sonra 31 A\u011fustos\u2019ta h\u00e2kim E.K. da \u0130stanbul&#8217;daki konutuna geldi. E\u015finin kap\u0131n\u0131n kilidini de\u011fi\u015ftirdi\u011fini g\u00f6ren E.K., meskene girmeyi ba\u015faramazken e\u015fine att\u0131\u011f\u0131 bildiri sonras\u0131nda &#8220;Kap\u0131da bekle&#8221; cevab\u0131n\u0131 ald\u0131. E.K. e\u015fini beklerken e\u015finin a\u011fabeyi geldi. Belinde silah vard\u0131. Karde\u015fiyle bo\u015fanma basama\u011f\u0131ndaki E.K\u2019ye \u00f6fkeliydi. Evvel biraz konu\u015ftu. Sonra hakaret etti. Tehdit etti. Sonra <em>\u201cSeni konutta bekliyorlar\u201d\u00a0<\/em>diyerek otomobille ba\u015fka k\u0131z karde\u015finin meskenine g\u00f6t\u00fcrd\u00fc.<\/p>\n<p><strong>H\u00e2kim E.K\u2019nin verdi\u011fi tabire nazaran meskende yedi ki\u015fi vard\u0131.\u00a0<\/strong>Kay\u0131npederi, e\u015finin a\u011fabeyi, bacana\u011f\u0131, bacana\u011f\u0131n\u0131n babas\u0131, e\u015fi, e\u015finin k\u0131z karde\u015fi, e\u015finin annesi.<\/p>\n<p>Bir m\u00fcddet hakaret edilince kalk\u0131p gitmek istedi. Fakat o kadar kolay olmad\u0131. Tabirinden aktaray\u0131m:<\/p>\n<p><em>\u201cE\u015fimin babas\u0131\u00a0<\/em>\u2018\u015eunun telefonunu al\u0131n, kap\u0131y\u0131 kilitleyin, gitmesine m\u00fcsaade vermeyin\u2019<em>\u00a0dedi. Kap\u0131y\u0131 kilitlediler. Oturma odas\u0131n\u0131n kap\u0131s\u0131n\u0131 kapatt\u0131lar. Ben odadan \u00e7\u0131kmaya \u00e7al\u0131\u015f\u0131rken kay\u0131npederim bo\u011faz\u0131m\u0131 tutup y\u00fcz\u00fcme sert bir formda tokat att\u0131. Ben bu s\u0131rada yere d\u00fc\u015ft\u00fcm. Kay\u0131npederim ve kay\u0131nbiraderim ba\u015f\u0131ma yumrukla ve sopayla ve sert bir cisimle vurmaya ba\u015flad\u0131lar. Ben bu s\u0131rada yerdeydim. \u015euurumu kaybetmek \u00fczereydim. \u00d6ld\u00fcresiye vuruyorlard\u0131.\u00a0<\/em>\u2018Yard\u0131m edin\u2019\u00a0<em>diye ba\u011f\u0131rd\u0131m.<\/em><\/p>\n<p><em>Kay\u0131npederimin, bacana\u011f\u0131m\u00a0<\/em><strong>O.A<\/strong>\u2019<em>ya\u00a0<\/em>\u2018Bunun h\u00e2kimlik mesle\u011fini bitireceksin\u2019\u00a0<em>dedi\u011fini duydum. Apartmandakiler polisleri aram\u0131\u015flar. Polisler de geldi. Konut sahibi olan bacana\u011f\u0131m O.A., polislere avukat oldu\u011funu s\u00f6yleyip, aile i\u00e7i sorun deyip, polislerin s\u00fcre\u00e7 yapmas\u0131na mahzur olup ikametten uzakla\u015fmas\u0131n\u0131 sa\u011flam\u0131\u015f. Yakla\u015f\u0131k 1-2 saat bu konuttan \u00e7\u0131kamad\u0131m. Olaydan sonra day\u0131m\u0131n ikametine gittim. K\u0131yafetim kanl\u0131yd\u0131. Duda\u011f\u0131mda kanama vard\u0131. Ba\u015f\u0131mda \u015fi\u015flikler h\u00e2l\u00e2 durmaktad\u0131r. Biraz kendime geldikten sonra Bah\u00e7elievler Devlet Hastanesi\u2019ne giderek rapor ald\u0131m. Rapordan sonra ise karakola gittim.\u201d<\/p>\n<p><\/em><strong>HAK\u0130M\u0130 D\u00d6VENLER &#8216;HATIRLI&#8217; \u0130S\u0130MLER \u00c7IKTI<\/strong><\/p>\n<p>O g\u00fcn saat 16.31\u2019de verilen doktor raporunda darp izleri yer alm\u0131\u015f. \u00d6te yandan h\u00e2kim E.K., olay\u0131n ba\u015f\u0131ndan itibaren cebindeki telefonun kay\u0131t tu\u015funa basarak 1 saat 53 dakika boyunca ya\u015fananlar\u0131 kaydetmi\u015f. Bunun \u00e7\u00f6z\u00fcmlemesini yapt\u0131rarak da evraka eklemi\u015f. Dayak seslerinin de oldu\u011fu kay\u0131ttan, aile sald\u0131r\u0131s\u0131n\u0131n h\u00e2kim E.K\u2019nin ortalar\u0131ndaki tart\u0131\u015fma sonras\u0131 iki hafta e\u015fini aray\u0131p sormamas\u0131ndan, ayr\u0131yeten d\u00fc\u011f\u00fcn alt\u0131nlar\u0131n\u0131n nas\u0131l b\u00f6l\u00fc\u015f\u00fclece\u011finden kaynakland\u0131\u011f\u0131 anla\u015f\u0131l\u0131yor.<\/p>\n<p>Dedim ya\u00a0<em>\u201cH\u00e2kimlik yapt\u0131\u011f\u0131 \u00fclkede hukuk var\u201d\u00a0<\/em>diye d\u00fc\u015f\u00fcn\u00fcyordu diye&#8230;<\/p>\n<p>Kendisini bir meskene kilitleyip \u00f6ld\u00fcresiye d\u00f6venlerin g\u00f6zalt\u0131na al\u0131naca\u011f\u0131n\u0131, s\u00fcratle cezaland\u0131r\u0131laca\u011f\u0131n\u0131 san\u0131yordu.<\/p>\n<p>Gelgelelim bilmedi\u011fi bir \u015fey vard\u0131&#8230;<\/p>\n<p>Al\u0131kondu\u011fu konutun sahibi olan bacana\u011f\u0131n\u0131n iktidarla ortas\u0131 g\u00fczeldi. Devletin elindeki kurulu\u015flardan birinin kurum avukatl\u0131\u011f\u0131n\u0131 yap\u0131yordu.\u00a0<strong>AKP\u2019li eski bir milletvekili ile \u00e7al\u0131\u015f\u0131yordu.<\/strong>\u00a0Halihaz\u0131rda vazifedeki bir milletvekilinin gayr\u0131 resmi dan\u0131\u015fmanl\u0131\u011f\u0131n\u0131 y\u00fcr\u00fct\u00fcyordu. \u0130ktidara yak\u0131n bir hukuk derne\u011finde misyondayd\u0131.<\/p>\n<p>Haliyle h\u00e2kim d\u00f6ven o isimleri g\u00f6zalt\u0131na almak o kadar kolay de\u011fildi. Bak\u0131rk\u00f6y Cumhuriyet Savc\u0131l\u0131\u011f\u0131\u2019ndaki belge \u00fc\u00e7 bu\u00e7uk ay rafta bekledi.<\/p>\n<p><strong>25 Aral\u0131k\u2019ta, yedi ki\u015finin tamam\u0131 hakk\u0131nda, \u201cdelil yetersizli\u011fi\u201d nedeniyle, ki\u015fiyi zorla al\u0131koymak dahil \u00e7e\u015fitli hatalardan \u201cKovu\u015fturmaya yer yok\u201d karar\u0131 verildi.<\/strong>\u00a0\u00d6te yandan olay bu kararla kapat\u0131lamayacak kadar b\u00fcy\u00fckt\u00fc. Ortada vefat tehditlerinin oldu\u011fu ses kayd\u0131 ve darp raporu duruyordu. Devletin h\u00e2kimi de \u201cD\u00f6v\u00fcld\u00fcm\u201d diyordu. H\u00e2kim E.K\u2019nin e\u015finin a\u011fabeyi ve babas\u0131 hakk\u0131nda hakaret ve kolay yaralamadan, al\u0131kondu\u011fu meskenin sahibi olan<em>\u00a0\u201chat\u0131rl\u0131\u201d\u00a0<\/em>bacanak hakk\u0131nda ise hakaretten soru\u015fturman\u0131n devam\u0131na karar verildi.\u00a0<strong>\u00dc\u00e7 isim isimli denetim karar\u0131yla h\u00fcr b\u0131rak\u0131ld\u0131.<\/strong><\/p>\n<p>\u00d6\u011frendim ki bir zamanlar\u00a0<em>\u201cT\u00fcrkiye bir hukuk devletidir\u201d\u00a0<\/em>diyen h\u00e2kim E.K., siyasetin yarg\u0131 \u00fczerindeki g\u00fcc\u00fcn\u00fc g\u00f6r\u00fcnce art\u0131k bu fikirde de\u011filmi\u015f. Hukukun sonlar\u0131n\u0131 h\u00e2kimlikten hak aramaya ge\u00e7ti\u011finde g\u00f6rm\u00fc\u015f.<\/p>\n","protected":false},"excerpt":{"rendered":"<p>30 ya\u015f\u0131ndaki h\u00e2kim E.K, evlendikten birka\u00e7 ay sonra sorun ya\u015fad\u0131\u011f\u0131 e\u015fiyle ayr\u0131lma karar\u0131 ald\u0131. e\u015fi D.K&#8217;n\u0131n a\u011fabeyi, konu\u015fma mazereti ile hakimi k\u0131z karde\u015flerinin konutuna \u00e7a\u011f\u0131rd\u0131. Gen\u00e7 hakim burada e\u015finin akrabalar\u0131 taraf\u0131ndan tekme tokat taarruza u\u011frad\u0131. D.K., olay sonras\u0131 darp raporu alarak kendisine sald\u0131ranlardan \u015fikayet\u00e7i olsa da, sald\u0131r\u0131y\u0131 ger\u00e7ekle\u015ftirenlerin iktidar ile yak\u0131n ba\u011flar\u0131, belgenin s\u00fcratle kapat\u0131lmas\u0131na neden oldu.<\/p>\n","protected":false},"author":1,"featured_media":87622,"comment_status":"open","ping_status":"open","sticky":false,"template":"","format":"standard","meta":{"footnotes":""},"categories":[25],"tags":[9599,2387,228,2391,149],"class_list":["post-87621","post","type-post","status-publish","format-standard","has-post-thumbnail","hentry","category-gundem","tag-e-k","tag-esinin","tag-hak","tag-hakim","tag-karar"],"_links":{"self":[{"href":"https:\/\/ikimisli.tr\/index.php\/wp-json\/wp\/v2\/posts\/87621","targetHints":{"allow":["GET"]}}],"collection":[{"href":"https:\/\/ikimisli.tr\/index.php\/wp-json\/wp\/v2\/posts"}],"about":[{"href":"https:\/\/ikimisli.tr\/index.php\/wp-json\/wp\/v2\/types\/post"}],"author":[{"embeddable":true,"href":"https:\/\/ikimisli.tr\/index.php\/wp-json\/wp\/v2\/users\/1"}],"replies":[{"embeddable":true,"href":"https:\/\/ikimisli.tr\/index.php\/wp-json\/wp\/v2\/comments?post=87621"}],"version-history":[{"count":1,"href":"https:\/\/ikimisli.tr\/index.php\/wp-json\/wp\/v2\/posts\/87621\/revisions"}],"predecessor-version":[{"id":87623,"href":"https:\/\/ikimisli.tr\/index.php\/wp-json\/wp\/v2\/posts\/87621\/revisions\/87623"}],"wp:featuredmedia":[{"embeddable":true,"href":"https:\/\/ikimisli.tr\/index.php\/wp-json\/wp\/v2\/media\/87622"}],"wp:attachment":[{"href":"https:\/\/ikimisli.tr\/index.php\/wp-json\/wp\/v2\/media?parent=87621"}],"wp:term":[{"taxonomy":"category","embeddable":true,"href":"https:\/\/ikimisli.tr\/index.php\/wp-json\/wp\/v2\/categories?post=87621"},{"taxonomy":"post_tag","embeddable":true,"href":"https:\/\/ikimisli.tr\/index.php\/wp-json\/wp\/v2\/tags?post=87621"}],"curies":[{"name":"wp","href":"https:\/\/api.w.org\/{rel}","templated":true}]}}