{"id":87635,"date":"2026-01-09T06:36:07","date_gmt":"2026-01-09T06:36:07","guid":{"rendered":"https:\/\/ikimisli.tr\/?p=87635"},"modified":"2026-01-09T06:36:07","modified_gmt":"2026-01-09T06:36:07","slug":"adanada-evlenen-cifte-klima-taktilar","status":"publish","type":"post","link":"https:\/\/ikimisli.tr\/index.php\/2026\/01\/09\/adanada-evlenen-cifte-klima-taktilar\/","title":{"rendered":"Adana&#8217;da evlenen \u00e7ifte klima takt\u0131lar"},"content":{"rendered":"<p>Seyhan il\u00e7esinde fabrikada emek\u00e7i olarak \u00e7al\u0131\u015fan Ramazan Keskin ile Hasret Keskin, Ulu Camii Mahallesi\u2019ndeki d\u00fc\u011f\u00fcn salonunda d\u00fczenlenen merasimle evlendi. Yakla\u015f\u0131k 2 y\u0131ld\u0131r devam eden arkada\u015fl\u0131klar\u0131n\u0131 evlilikle ta\u00e7land\u0131ran \u00e7iftin d\u00fc\u011f\u00fcn\u00fcne aileleri, yak\u0131nlar\u0131 ve arkada\u015flar\u0131 kat\u0131ld\u0131. Tak\u0131 merasimi s\u0131ras\u0131nda damad\u0131n 10 y\u0131ll\u0131k yak\u0131n arkada\u015f\u0131 ve sa\u011fd\u0131c\u0131 olan klima ustas\u0131 Cumali Y\u0131ld\u0131r\u0131m, gelin ve damada mesken tipi bir klima arma\u011fan etti. Arma\u011fan, tak\u0131 merasimi s\u0131ras\u0131nda davetlilerin \u00f6n\u00fcnde ikili teslim edilirken, salondakiler \u015fa\u015fk\u0131nl\u0131\u011f\u0131n\u0131 gizleyemedi.<\/p>\n<p>Damat Keskin\u2019in y\u0131llard\u0131r yak\u0131n arkada\u015f\u0131 oldu\u011funu belirten Cumali Y\u0131ld\u0131r\u0131m, d\u00fc\u011f\u00fcn i\u00e7in farkl\u0131 bir arma\u011fan vermek istedi\u011fini s\u00f6yledi. Verdi\u011fi arma\u011fan kar\u015f\u0131s\u0131nda herkesin \u015fa\u015f\u0131rd\u0131\u011f\u0131n\u0131 lisana getiren Y\u0131ld\u0131r\u0131m, \u201cD\u00fc\u011f\u00fcnlerde genelde alt\u0131n ve para tak\u0131l\u0131r. Ben de bir farkl\u0131l\u0131k yapmak istedim. Ramazan\u2019\u0131n klima muhta\u00e7l\u0131\u011f\u0131 oldu\u011funu biliyordum. Alt\u0131n bozdurulabilir, harcanabilir lakin klima Adana \u00fczere bir b\u00f6lgede en az alt\u0131n kadar bedelli. Tak\u0131 merasimine ge\u00e7ti\u011fimizde klimay\u0131 otomobilden kucaklay\u0131p salona getirdim. Herkes \u015fa\u015f\u0131rd\u0131, adeta \u015fok oldu. Ramazan da benden bu t\u00fcrl\u00fc bir \u015fey hi\u00e7 beklemiyordu. Kliman\u0131n montaj\u0131n\u0131 da fiyats\u0131z olarak kendim yapt\u0131m\u201d dedi.<\/p>\n<p><b>\u2018D\u00dc\u011e\u00dcNDE TAKILAN ALTINLARI BOZUP KL\u0130MA ALACAKTIM\u2019<\/b><\/p>\n<p>Damat Ramazan Keskin ise arkada\u015f\u0131n\u0131n verdi\u011fi ikram kar\u015f\u0131s\u0131nda b\u00fcy\u00fck \u015fa\u015fk\u0131nl\u0131k ya\u015fad\u0131\u011f\u0131n\u0131 ve muhta\u00e7l\u0131\u011f\u0131 oldu\u011fu i\u00e7in klima ikram edilmesinin kendisini \u00e7ok keyifli etti\u011fini s\u00f6yledi. Keskin, \u201cD\u00fc\u011f\u00fcn\u00fcmde ve k\u0131namda sa\u011fd\u0131c\u0131m olan arkada\u015f\u0131m, hi\u00e7 beklemedi\u011fim bir bi\u00e7imde bana klima ikram etti. Herkes \u00fczere ben de kendisinden tak\u0131 ya da para bekliyordum. Klima getirdi\u011fini g\u00f6rd\u00fc\u011f\u00fcm anda sahiden \u015fok oldum. Konutumda klima yoktu, ola\u011fanda d\u00fc\u011f\u00fcnde tak\u0131lan alt\u0131nlar\u0131 bozdurup klima alacakt\u0131m. Bu s\u00fcrpriz hem beni \u00e7ok \u015fa\u015f\u0131rtt\u0131 hem de \u00e7ok keyifli etti. Klima benim i\u00e7in alt\u0131ndan daha de\u011ferli\u201d diye konu\u015ftu.<\/p>\n","protected":false},"excerpt":{"rendered":"<p>Adana\u2019da fabrika emek\u00e7isi Ramazan Keskin (24) ile Hasret Keskin\u2019in (24) d\u00fc\u011f\u00fcn\u00fcnde, damad\u0131n 10 y\u0131ll\u0131k arkada\u015f\u0131 ve sa\u011fd\u0131c\u0131 olan klima ustas\u0131 Cumali Y\u0131ld\u0131r\u0131m\u2019\u0131n (26) tak\u0131 merasiminde arma\u011fan etti\u011fi mesken tipi klima, davetliler ortas\u0131nda \u015fa\u015fk\u0131nl\u0131k yaratt\u0131.<\/p>\n","protected":false},"author":1,"featured_media":87636,"comment_status":"open","ping_status":"open","sticky":false,"template":"","format":"standard","meta":{"footnotes":""},"categories":[25],"tags":[782,2896,1618,7801,5784],"class_list":["post-87635","post","type-post","status-publish","format-standard","has-post-thumbnail","hentry","category-gundem","tag-altin","tag-dugun","tag-hediye","tag-klima","tag-taki"],"_links":{"self":[{"href":"https:\/\/ikimisli.tr\/index.php\/wp-json\/wp\/v2\/posts\/87635","targetHints":{"allow":["GET"]}}],"collection":[{"href":"https:\/\/ikimisli.tr\/index.php\/wp-json\/wp\/v2\/posts"}],"about":[{"href":"https:\/\/ikimisli.tr\/index.php\/wp-json\/wp\/v2\/types\/post"}],"author":[{"embeddable":true,"href":"https:\/\/ikimisli.tr\/index.php\/wp-json\/wp\/v2\/users\/1"}],"replies":[{"embeddable":true,"href":"https:\/\/ikimisli.tr\/index.php\/wp-json\/wp\/v2\/comments?post=87635"}],"version-history":[{"count":1,"href":"https:\/\/ikimisli.tr\/index.php\/wp-json\/wp\/v2\/posts\/87635\/revisions"}],"predecessor-version":[{"id":87637,"href":"https:\/\/ikimisli.tr\/index.php\/wp-json\/wp\/v2\/posts\/87635\/revisions\/87637"}],"wp:featuredmedia":[{"embeddable":true,"href":"https:\/\/ikimisli.tr\/index.php\/wp-json\/wp\/v2\/media\/87636"}],"wp:attachment":[{"href":"https:\/\/ikimisli.tr\/index.php\/wp-json\/wp\/v2\/media?parent=87635"}],"wp:term":[{"taxonomy":"category","embeddable":true,"href":"https:\/\/ikimisli.tr\/index.php\/wp-json\/wp\/v2\/categories?post=87635"},{"taxonomy":"post_tag","embeddable":true,"href":"https:\/\/ikimisli.tr\/index.php\/wp-json\/wp\/v2\/tags?post=87635"}],"curies":[{"name":"wp","href":"https:\/\/api.w.org\/{rel}","templated":true}]}}