{"id":87768,"date":"2026-01-09T13:36:06","date_gmt":"2026-01-09T13:36:06","guid":{"rendered":"https:\/\/ikimisli.tr\/?p=87768"},"modified":"2026-01-09T13:36:06","modified_gmt":"2026-01-09T13:36:06","slug":"veyis-atesin-luks-villasinda-dogum-gunu-partisi-akpli-baskanlardan-gazetecilere-kimler-katildi","status":"publish","type":"post","link":"https:\/\/ikimisli.tr\/index.php\/2026\/01\/09\/veyis-atesin-luks-villasinda-dogum-gunu-partisi-akpli-baskanlardan-gazetecilere-kimler-katildi\/","title":{"rendered":"Veyis Ate\u015f&#8217;in l\u00fcks villas\u0131nda do\u011fum g\u00fcn\u00fc partisi! AKP&#8217;li ba\u015fkanlardan gazetecilere kimler kat\u0131ld\u0131?"},"content":{"rendered":"<p>Uyu\u015fturucu soru\u015fturmas\u0131 kapsam\u0131nda tutuklanan eski Habert\u00fcrk TV Genel Yay\u0131n Y\u00f6netmeni Mehmet Akif Ersoy\u2019un &#8220;Beni uyu\u015fturucuya al\u0131\u015ft\u0131rd\u0131&#8221; dedi\u011fi Veyis Ate\u015f&#8217;in do\u011fum g\u00fcn\u00fcnde \u00e7ekilmi\u015f bir kare g\u00fcndem oldu.<\/p>\n<p>Ate\u015f&#8217;in l\u00fcks villas\u0131ndaki partiye, Mehmet Akif Ersoy, tutuklu avukat Rezan Ep\u00f6zdemir, iktidara yak\u0131n gazeteciler S\u00fcleyman \u00d6z\u0131\u015f\u0131k- Haydi \u00d6z\u0131\u015f\u0131k karde\u015fler, AKP&#8217;li troll Abdurrahman Uzun, AKP&#8217;li Esenler Belediye Ba\u015fkan\u0131 Tevfik G\u00f6ksu, Turan K\u0131\u015flak\u00e7\u0131,Mete Yarar<\/p>\n<p>eski HaberT\u00fcrk m\u00fcellifi Kemal \u00d6zt\u00fcrk, AKP&#8217;li eski Beyo\u011flu Belediye Ba\u015fkan\u0131 Haydar Ali Y\u0131ld\u0131z, AKP&#8217;li \u00dcmraniye Belediye Ba\u015fkan\u0131 \u0130smet Y\u0131ld\u0131r\u0131m, AKP&#8217;li \u0130BB ve Esenler Meclis \u00dcyesi Abdullah Aksu kat\u0131ld\u0131.<\/p>\n<p><b>ERSOY &#8220;UYU\u015eTURUCUYA VEY\u0130S ATE\u015e ALI\u015eTIRDI&#8221; DEM\u0130\u015eT\u0130<\/b><\/p>\n<p>Ersoy ek s\u00f6z\u00fcnde, &#8220;Hat\u0131rlad\u0131\u011f\u0131m kadar\u0131yla 2019 y\u0131l\u0131nda Piyalepa\u015fa\u2019daki evimdeyken Veyis Ate\u015f bana geldi. Daha evvel de bana ziyaretlere gelirdi. Oturur, sohbet ederdik. Lakin bu geli\u015finde yan\u0131na uyu\u015fturucu husus ile gelmi\u015fti. Ben hayat\u0131mda birinci kez orada uyu\u015fturucu maddeyi g\u00f6rd\u00fcm. Daha sonra uyu\u015fturucu hakk\u0131nda nedir, ne tesiri vard\u0131r formunda \u00fczerine konu\u015ftuk. Ben o devirler alkol bile alm\u0131yordum. O g\u00fcn ya da ikinci getirmesinde Piyalepa\u015fa\u2019daki konutumda uyu\u015fturucu maddeyi (k\u2026) birinci sefer i\u00e7tim. Hatta i\u00e7erken de ba\u011f\u0131ml\u0131l\u0131k yapmas\u0131ndan ve yan tesirlerinden biraz \u00e7ekinmi\u015ftim.&#8221; demi\u015fti.<\/p>\n","protected":false},"excerpt":{"rendered":"<p>Mehmet Akif Ersoy&#8217;un kendisini uyu\u015fturucuya al\u0131\u015ft\u0131rd\u0131\u011f\u0131n\u0131 sav etti\u011fi tutuklu Veyis Ate\u015f&#8217;in l\u00fcks meskendeki do\u011fum g\u00fcn\u00fc partisine ili\u015fkin manzaralar ortaya \u00e7\u0131kt\u0131.<\/p>\n","protected":false},"author":1,"featured_media":87769,"comment_status":"open","ping_status":"open","sticky":false,"template":"","format":"standard","meta":{"footnotes":""},"categories":[25],"tags":[1447,397],"class_list":["post-87768","post","type-post","status-publish","format-standard","has-post-thumbnail","hentry","category-gundem","tag-akpli","tag-uyusturucu"],"_links":{"self":[{"href":"https:\/\/ikimisli.tr\/index.php\/wp-json\/wp\/v2\/posts\/87768","targetHints":{"allow":["GET"]}}],"collection":[{"href":"https:\/\/ikimisli.tr\/index.php\/wp-json\/wp\/v2\/posts"}],"about":[{"href":"https:\/\/ikimisli.tr\/index.php\/wp-json\/wp\/v2\/types\/post"}],"author":[{"embeddable":true,"href":"https:\/\/ikimisli.tr\/index.php\/wp-json\/wp\/v2\/users\/1"}],"replies":[{"embeddable":true,"href":"https:\/\/ikimisli.tr\/index.php\/wp-json\/wp\/v2\/comments?post=87768"}],"version-history":[{"count":1,"href":"https:\/\/ikimisli.tr\/index.php\/wp-json\/wp\/v2\/posts\/87768\/revisions"}],"predecessor-version":[{"id":87770,"href":"https:\/\/ikimisli.tr\/index.php\/wp-json\/wp\/v2\/posts\/87768\/revisions\/87770"}],"wp:featuredmedia":[{"embeddable":true,"href":"https:\/\/ikimisli.tr\/index.php\/wp-json\/wp\/v2\/media\/87769"}],"wp:attachment":[{"href":"https:\/\/ikimisli.tr\/index.php\/wp-json\/wp\/v2\/media?parent=87768"}],"wp:term":[{"taxonomy":"category","embeddable":true,"href":"https:\/\/ikimisli.tr\/index.php\/wp-json\/wp\/v2\/categories?post=87768"},{"taxonomy":"post_tag","embeddable":true,"href":"https:\/\/ikimisli.tr\/index.php\/wp-json\/wp\/v2\/tags?post=87768"}],"curies":[{"name":"wp","href":"https:\/\/api.w.org\/{rel}","templated":true}]}}