{"id":87808,"date":"2026-01-09T16:00:07","date_gmt":"2026-01-09T16:00:07","guid":{"rendered":"https:\/\/ikimisli.tr\/?p=87808"},"modified":"2026-01-09T16:00:07","modified_gmt":"2026-01-09T16:00:07","slug":"abb-konser-davasinda-tahliye-karari","status":"publish","type":"post","link":"https:\/\/ikimisli.tr\/index.php\/2026\/01\/09\/abb-konser-davasinda-tahliye-karari\/","title":{"rendered":"ABB konser davas\u0131nda tahliye karar\u0131"},"content":{"rendered":"<p>Ankara Cumhuriyet Ba\u015fsavc\u0131l\u0131\u011f\u0131&#8217;n\u0131n 2021-2024 y\u0131llar\u0131 ortas\u0131nda d\u00fczenlenen konserlere y\u00f6nelik harcamalarda kamu ziyan\u0131 olu\u015ftu\u011fu arg\u00fcman\u0131yla y\u00fcr\u00fctt\u00fc\u011f\u00fc soru\u015fturmada 32 konser hizmet al\u0131m\u0131nda y\u00f6netimin 154 milyon 453 bin 221 lira 60 kuru\u015f ziyana u\u011frat\u0131ld\u0131\u011f\u0131 gerek\u00e7esiyle 5&#8217;i tutuklu 14 ki\u015fi hakk\u0131nda dava a\u00e7\u0131ld\u0131.<\/p>\n<p>Ankara 34&#8217;\u00fcnc\u00fc A\u011f\u0131r Ceza Mahkemesi&#8217;nde g\u00f6r\u00fclen davan\u0131n 3 g\u00fcn s\u00fcren birinci duru\u015fmas\u0131 bug\u00fcn tamamland\u0131. San\u0131klar\u0131n savunmalar\u0131n\u0131n tamamlanmas\u0131 akabinde Cumhuriyet savc\u0131s\u0131, tutuklu san\u0131klar\u0131n tutukluluk hallerinin devam\u0131na, tutuksuz san\u0131klar\u0131n ise yurt d\u0131\u015f\u0131 \u00e7\u0131k\u0131\u015f isimli denetim \u00f6nlemlerinin devam\u0131na halinde m\u00fctalaas\u0131n\u0131 a\u00e7\u0131klad\u0131. Ortan\u0131n akabinde orta karar\u0131n\u0131 a\u00e7\u0131klayan mahkeme, tutuklu san\u0131klar Hac\u0131 Ali Bozkurt, Haluk Erdemir, H\u00fcseyin Zehir, Onur Cihan, Selahattin \u00c7elikkaya&#8217;n\u0131n yurt d\u0131\u015f\u0131na \u00e7\u0131k\u0131\u015f yasa\u011f\u0131 halinde isimli denetim \u00f6nlemi uygulanarak tahliyesine karar verdi. Duru\u015fma 31 Mart\u2019a ertelendi.<\/p>\n<p><b>\u0130DD\u0130ANAMEDEN<\/b><\/p>\n<p>\u0130ddianamede san\u0131klardan eski ABB K\u00fclt\u00fcr ve Sosyal \u0130\u015fler Daire Ba\u015fkan\u0131 Hac\u0131 Ali Bozkurt, eski K\u00fclt\u00fcr Aktiflikleri \u015eube M\u00fcd\u00fcr Vekili ve Daire Lider Vekili Haluk Erdemir, eski K\u00fclt\u00fcr ve Toplumsal \u0130\u015fler Daire Lider Vekili H\u00fcseyin Zehir, Cihan Teknik K\u00fcme M\u00fczik Tertip \u015eirketi sahibi Onur Cihan, Festiva ve Enfest Tertip \u015eirketi orta\u011f\u0131 Selahattin \u00c7elikkaya, Universe Yap\u0131m \u015eirketi sahibi S\u0131la Cihan, Festiva ve Enfest Tertip orta\u011f\u0131 Kaan Alp ile ABB \u00e7al\u0131\u015fan\u0131 Celal Akba\u015f hakk\u0131nda, &#8216;Zincirleme halde nitelikli zimmet\u2019 kabahatinden 31 y\u0131l 6&#8217;\u015far aya kadar mahpus cezas\u0131 istendi. Gurudan Turizm Tertip \u015firketi sahibi Arda Akman, ABB K\u00fclt\u00fcr Aktiflikleri \u015eube M\u00fcd\u00fcr Vekili Alp Aykut \u00c7\u0131ng\u0131r, ABB \u00e7al\u0131\u015fan\u0131 Kurtulu\u015f Bak\u0131r, Yal\u0131nayak Besin Tertip \u015firketi sahibi Eren Demir, Yal\u0131nayak Besin Tertip \u015firketi orta\u011f\u0131 Levent Erdo\u011fan ve Craft Sanat Tertip \u015eirketi sahibi \u00dcst\u00fcn Alpay hakk\u0131nda ise &#8216;Nitelikli zimmet&#8217; hatas\u0131ndan 18&#8217;er y\u0131la kadar mahpus cezas\u0131 talep edildi.<\/p>\n","protected":false},"excerpt":{"rendered":"<p>Ankara B\u00fcy\u00fck\u015fehir Belediyesi&#8217;nin (ABB) konser harcamalar\u0131na ait 5&#8217;i tutuklu, 14 san\u0131\u011f\u0131n yarg\u0131land\u0131\u011f\u0131 davada mahkeme, tutuklu san\u0131klar\u0131n t\u00fcm\u00fcn\u00fcn yurt d\u0131\u015f\u0131na \u00e7\u0131k\u0131\u015f yasa\u011f\u0131 bi\u00e7imindeki isimli denetim \u00f6nlemi uygulanarak tahliyesine karar verdi.<\/p>\n","protected":false},"author":1,"featured_media":87809,"comment_status":"open","ping_status":"open","sticky":false,"template":"","format":"standard","meta":{"footnotes":""},"categories":[25],"tags":[9611,3757,2029],"class_list":["post-87808","post","type-post","status-publish","format-standard","has-post-thumbnail","hentry","category-gundem","tag-organizasyon-sirketi","tag-sahibi","tag-saniklar"],"_links":{"self":[{"href":"https:\/\/ikimisli.tr\/index.php\/wp-json\/wp\/v2\/posts\/87808","targetHints":{"allow":["GET"]}}],"collection":[{"href":"https:\/\/ikimisli.tr\/index.php\/wp-json\/wp\/v2\/posts"}],"about":[{"href":"https:\/\/ikimisli.tr\/index.php\/wp-json\/wp\/v2\/types\/post"}],"author":[{"embeddable":true,"href":"https:\/\/ikimisli.tr\/index.php\/wp-json\/wp\/v2\/users\/1"}],"replies":[{"embeddable":true,"href":"https:\/\/ikimisli.tr\/index.php\/wp-json\/wp\/v2\/comments?post=87808"}],"version-history":[{"count":1,"href":"https:\/\/ikimisli.tr\/index.php\/wp-json\/wp\/v2\/posts\/87808\/revisions"}],"predecessor-version":[{"id":87810,"href":"https:\/\/ikimisli.tr\/index.php\/wp-json\/wp\/v2\/posts\/87808\/revisions\/87810"}],"wp:featuredmedia":[{"embeddable":true,"href":"https:\/\/ikimisli.tr\/index.php\/wp-json\/wp\/v2\/media\/87809"}],"wp:attachment":[{"href":"https:\/\/ikimisli.tr\/index.php\/wp-json\/wp\/v2\/media?parent=87808"}],"wp:term":[{"taxonomy":"category","embeddable":true,"href":"https:\/\/ikimisli.tr\/index.php\/wp-json\/wp\/v2\/categories?post=87808"},{"taxonomy":"post_tag","embeddable":true,"href":"https:\/\/ikimisli.tr\/index.php\/wp-json\/wp\/v2\/tags?post=87808"}],"curies":[{"name":"wp","href":"https:\/\/api.w.org\/{rel}","templated":true}]}}