{"id":87820,"date":"2026-01-09T16:48:05","date_gmt":"2026-01-09T16:48:05","guid":{"rendered":"https:\/\/ikimisli.tr\/?p=87820"},"modified":"2026-01-09T16:48:05","modified_gmt":"2026-01-09T16:48:05","slug":"2026-dakar-rallisinde-5-etap-sona-erdi","status":"publish","type":"post","link":"https:\/\/ikimisli.tr\/index.php\/2026\/01\/09\/2026-dakar-rallisinde-5-etap-sona-erdi\/","title":{"rendered":"2026 Dakar Rallisi&#8217;nde 5. etap sona erdi"},"content":{"rendered":"<p>2026 Dakar Rallisi&#8217;nin 5. etab\u0131n\u0131, araba kategorisinde ABD&#8217;li Mitch Guthrie, motosiklet s\u0131n\u0131f\u0131nda ise Arjantinli Luciano Benavides birinci s\u0131rada tamamlad\u0131.<\/p>\n<p>Suudi Arabistan&#8217;daki 48. Dakar Rallisi&#8217;nin 5. etab\u0131, Hail kentindeki 356 kilometrelik parkurda yap\u0131ld\u0131.<\/p>\n<p>Otomobil s\u0131n\u0131f\u0131nda birincili\u011fi, 3 saat 54 dakika 46 saniyelik derecesiyle Ford ekibinden ABD&#8217;li \u015fof\u00f6r Guthrie elde etti.<\/p>\n<p>Ayn\u0131 kadrodan \u0130spanyol Nani Roma, ABD&#8217;li pilotun bir dakika 6 saniye ard\u0131nda ikinci, \u00c7ek Martin Prokop (Orlen Jipocar) ise ba\u015fkan\u0131n 2 dakika 14 saniye gerisinde \u00fc\u00e7\u00fcnc\u00fc oldu.<\/p>\n<p>Etab\u0131 16. s\u0131rada bitiren G\u00fcney Afrikal\u0131 Henk Lategan (Toyota Gazoo), genel klasmanda 20 saat 36 dakika 44 saniyelik derecesiyle tepede yer ald\u0131.<\/p>\n<p><b>Motosiklette kazanan Benavides<\/b><\/p>\n<p>Motosiklet kategorisinde Red Bull KTM grubundan Luciano Benavides, 4 saat 5 dakika 16 saniyede bitirdi\u011fi etapta birincili\u011fe ula\u015ft\u0131.<\/p>\n<p>Arjantinli pilotu, 3 dakika 51 saniye sonra biti\u015f \u00e7izgisine giden \u015eilili Ignacio Cornejo (Hero) ve 5 dakika 50 saniye geriden gelen Avustralyal\u0131 Daniel Sanders (Red Bull KTM) takip etti.<\/p>\n<p>Rallide ge\u00e7en y\u0131l zafere ula\u015fan Sanders, genel klasmanda 20 saat 58 dakika 10 saniyelik m\u00fcddetiyle tepeye \u00e7\u0131kt\u0131.<\/p>\n<p>Dakar Rallisi&#8217;nin 6. etab\u0131, yar\u0131n Hail ile Riyad kentleri ortas\u0131ndaki 331 kilometrelik parkurda d\u00fczenlenecek.<\/p>\n<p>Suudi Arabistan&#8217;\u0131n mesken sahipli\u011finde \u00fcst \u00fcste 7. sefer ger\u00e7ekle\u015ftirilen 13 etapl\u0131k Dakar Rallisi, 17 Ocak&#8217;ta Yanbu kentinde son bulacak.<\/p>\n","protected":false},"excerpt":{"rendered":"<p>2026 Dakar Rallisi&#8217;nin 5. etab\u0131n\u0131 araba kategorisinde Mitch Guthrie, motosiklet s\u0131n\u0131f\u0131nda Luciano Benavides birinci s\u0131rada tamamlad\u0131.<\/p>\n","protected":false},"author":1,"featured_media":87821,"comment_status":"open","ping_status":"open","sticky":false,"template":"","format":"standard","meta":{"footnotes":""},"categories":[30],"tags":[325,1770],"class_list":["post-87820","post","type-post","status-publish","format-standard","has-post-thumbnail","hentry","category-spor","tag-dakika","tag-saniye"],"_links":{"self":[{"href":"https:\/\/ikimisli.tr\/index.php\/wp-json\/wp\/v2\/posts\/87820","targetHints":{"allow":["GET"]}}],"collection":[{"href":"https:\/\/ikimisli.tr\/index.php\/wp-json\/wp\/v2\/posts"}],"about":[{"href":"https:\/\/ikimisli.tr\/index.php\/wp-json\/wp\/v2\/types\/post"}],"author":[{"embeddable":true,"href":"https:\/\/ikimisli.tr\/index.php\/wp-json\/wp\/v2\/users\/1"}],"replies":[{"embeddable":true,"href":"https:\/\/ikimisli.tr\/index.php\/wp-json\/wp\/v2\/comments?post=87820"}],"version-history":[{"count":1,"href":"https:\/\/ikimisli.tr\/index.php\/wp-json\/wp\/v2\/posts\/87820\/revisions"}],"predecessor-version":[{"id":87822,"href":"https:\/\/ikimisli.tr\/index.php\/wp-json\/wp\/v2\/posts\/87820\/revisions\/87822"}],"wp:featuredmedia":[{"embeddable":true,"href":"https:\/\/ikimisli.tr\/index.php\/wp-json\/wp\/v2\/media\/87821"}],"wp:attachment":[{"href":"https:\/\/ikimisli.tr\/index.php\/wp-json\/wp\/v2\/media?parent=87820"}],"wp:term":[{"taxonomy":"category","embeddable":true,"href":"https:\/\/ikimisli.tr\/index.php\/wp-json\/wp\/v2\/categories?post=87820"},{"taxonomy":"post_tag","embeddable":true,"href":"https:\/\/ikimisli.tr\/index.php\/wp-json\/wp\/v2\/tags?post=87820"}],"curies":[{"name":"wp","href":"https:\/\/api.w.org\/{rel}","templated":true}]}}